{"id":1690,"date":"2026-03-18T16:43:16","date_gmt":"2026-03-18T16:43:16","guid":{"rendered":"https:\/\/colegiotecnova.com.ar\/secundario\/?p=1690"},"modified":"2026-03-18T16:43:39","modified_gmt":"2026-03-18T16:43:39","slug":"medios-audiovisuales","status":"publish","type":"post","link":"https:\/\/colegiotecnova.com.ar\/secundario\/medios-audiovisuales\/","title":{"rendered":"Medios Audiovisuales"},"content":{"rendered":"\n<p data-start=\"4119\" data-end=\"4230\">La actividad de <strong data-start=\"4164\" data-end=\"4229\">Medios Audiovisuales introduce a los estudiantes en el mundo de la comunicaci\u00f3n digital y la producci\u00f3n de contenidos multimedia<\/strong>.<\/p>\n\n<p data-start=\"4232\" data-end=\"4472\">A trav\u00e9s de actividades pr\u00e1cticas, los alumnos aprenden a crear videos, podcasts, blogs y contenidos para redes sociales, incorporando t\u00e9cnicas de guion, filmaci\u00f3n, edici\u00f3n y narrativa audiovisual.<\/p>\n\n<p data-start=\"4474\" data-end=\"4636\">Con el paso de los a\u00f1os desarrollan proyectos cada vez m\u00e1s complejos, como <strong data-start=\"4521\" data-end=\"4574\">cortometrajes, documentales y producciones para plataformas digitales<\/strong>, integrando adem\u00e1s herramientas de periodismo digital y marketing en redes.<\/p>\n\n<p data-start=\"4638\" data-end=\"4670\"><strong data-start=\"4638\" data-end=\"4670\">Competencias que desarrollan<\/strong><\/p>\n\n<ul data-start=\"4671\" data-end=\"4782\">\n<li data-section-id=\"dw894j\" data-start=\"4671\" data-end=\"4694\">\n<p data-start=\"4673\" data-end=\"4694\">Producci\u00f3n audiovisual<\/p>\n<\/li>\n\n<li data-section-id=\"100s3t5\" data-start=\"4695\" data-end=\"4719\">\n<p data-start=\"4697\" data-end=\"4719\">Comunicaci\u00f3n digital<\/p>\n<\/li>\n\n<li data-section-id=\"mf21ii\" data-start=\"4720\" data-end=\"4743\">\n<p data-start=\"4722\" data-end=\"4743\">Pensamiento cr\u00edtico sobre los medios<\/p>\n<\/li>\n\n<li data-section-id=\"1pnuxfi\" data-start=\"4744\" data-end=\"4759\">\n<p data-start=\"4746\" data-end=\"4759\">Creatividad narrativa<\/p>\n<\/li>\n\n<li data-section-id=\"yhyg1i\" data-start=\"4760\" data-end=\"4782\">\n<p data-start=\"4762\" data-end=\"4782\">Trabajo colaborativo<\/p>\n<\/li>\n<\/ul>\n","protected":false},"excerpt":{"rendered":"<p>La actividad de Medios Audiovisuales introduce a los estudiantes en el mundo de la comunicaci\u00f3n digital y la producci\u00f3n de contenidos multimedia. A trav\u00e9s de actividades pr\u00e1cticas, los alumnos aprenden a crear videos, podcasts, blogs y contenidos para redes sociales, incorporando t\u00e9cnicas de guion, filmaci\u00f3n, edici\u00f3n y narrativa audiovisual. Con el paso de los a\u00f1os<\/p>\n","protected":false},"author":2,"featured_media":1627,"comment_status":"closed","ping_status":"closed","sticky":false,"template":"","format":"standard","meta":{"_joinchat":[],"footnotes":""},"categories":[6],"tags":[],"class_list":["post-1690","post","type-post","status-publish","format-standard","has-post-thumbnail","hentry","category-proyectos"],"yoast_head":"<!-- This site is optimized with the Yoast SEO plugin v23.0 - https:\/\/yoast.com\/wordpress\/plugins\/seo\/ -->\n<title>Medios Audiovisuales - Colegio Tecnova<\/title>\n<meta name=\"robots\" content=\"index, follow, max-snippet:-1, max-image-preview:large, max-video-preview:-1\" \/>\n<link rel=\"canonical\" href=\"https:\/\/colegiotecnova.com.ar\/secundario\/medios-audiovisuales\/\" \/>\n<meta property=\"og:locale\" content=\"es_ES\" \/>\n<meta property=\"og:type\" content=\"article\" \/>\n<meta property=\"og:title\" content=\"Medios Audiovisuales - Colegio Tecnova\" \/>\n<meta property=\"og:description\" content=\"La actividad de Medios Audiovisuales introduce a los estudiantes en el mundo de la comunicaci\u00f3n digital y la producci\u00f3n de contenidos multimedia. A trav\u00e9s de actividades pr\u00e1cticas, los alumnos aprenden a crear videos, podcasts, blogs y contenidos para redes sociales, incorporando t\u00e9cnicas de guion, filmaci\u00f3n, edici\u00f3n y narrativa audiovisual. Con el paso de los a\u00f1os\" \/>\n<meta property=\"og:url\" content=\"https:\/\/colegiotecnova.com.ar\/secundario\/medios-audiovisuales\/\" \/>\n<meta property=\"og:site_name\" content=\"Colegio Tecnova\" \/>\n<meta property=\"article:published_time\" content=\"2026-03-18T16:43:16+00:00\" \/>\n<meta property=\"article:modified_time\" content=\"2026-03-18T16:43:39+00:00\" \/>\n<meta property=\"og:image\" content=\"https:\/\/colegiotecnova.com.ar\/secundario\/wp-content\/uploads\/2025\/10\/medios-audiovisuales-secu.jpg\" \/>\n\t<meta property=\"og:image:width\" content=\"1207\" \/>\n\t<meta property=\"og:image:height\" content=\"642\" \/>\n\t<meta property=\"og:image:type\" content=\"image\/jpeg\" \/>\n<meta name=\"author\" content=\"Celeste\" \/>\n<meta name=\"twitter:card\" content=\"summary_large_image\" \/>\n<meta name=\"twitter:label1\" content=\"Escrito por\" \/>\n\t<meta name=\"twitter:data1\" content=\"Celeste\" \/>\n\t<meta name=\"twitter:label2\" content=\"Tiempo de lectura\" \/>\n\t<meta name=\"twitter:data2\" content=\"1 minuto\" \/>\n<script type=\"application\/ld+json\" class=\"yoast-schema-graph\">{\"@context\":\"https:\/\/schema.org\",\"@graph\":[{\"@type\":\"WebPage\",\"@id\":\"https:\/\/colegiotecnova.com.ar\/secundario\/medios-audiovisuales\/\",\"url\":\"https:\/\/colegiotecnova.com.ar\/secundario\/medios-audiovisuales\/\",\"name\":\"Medios Audiovisuales - Colegio Tecnova\",\"isPartOf\":{\"@id\":\"https:\/\/colegiotecnova.com.ar\/secundario\/#website\"},\"primaryImageOfPage\":{\"@id\":\"https:\/\/colegiotecnova.com.ar\/secundario\/medios-audiovisuales\/#primaryimage\"},\"image\":{\"@id\":\"https:\/\/colegiotecnova.com.ar\/secundario\/medios-audiovisuales\/#primaryimage\"},\"thumbnailUrl\":\"https:\/\/colegiotecnova.com.ar\/secundario\/wp-content\/uploads\/2025\/10\/medios-audiovisuales-secu.jpg\",\"datePublished\":\"2026-03-18T16:43:16+00:00\",\"dateModified\":\"2026-03-18T16:43:39+00:00\",\"author\":{\"@id\":\"https:\/\/colegiotecnova.com.ar\/secundario\/#\/schema\/person\/95ed528759bb5083e3d0d013a609adb3\"},\"breadcrumb\":{\"@id\":\"https:\/\/colegiotecnova.com.ar\/secundario\/medios-audiovisuales\/#breadcrumb\"},\"inLanguage\":\"es\",\"potentialAction\":[{\"@type\":\"ReadAction\",\"target\":[\"https:\/\/colegiotecnova.com.ar\/secundario\/medios-audiovisuales\/\"]}]},{\"@type\":\"ImageObject\",\"inLanguage\":\"es\",\"@id\":\"https:\/\/colegiotecnova.com.ar\/secundario\/medios-audiovisuales\/#primaryimage\",\"url\":\"https:\/\/colegiotecnova.com.ar\/secundario\/wp-content\/uploads\/2025\/10\/medios-audiovisuales-secu.jpg\",\"contentUrl\":\"https:\/\/colegiotecnova.com.ar\/secundario\/wp-content\/uploads\/2025\/10\/medios-audiovisuales-secu.jpg\",\"width\":1207,\"height\":642},{\"@type\":\"BreadcrumbList\",\"@id\":\"https:\/\/colegiotecnova.com.ar\/secundario\/medios-audiovisuales\/#breadcrumb\",\"itemListElement\":[{\"@type\":\"ListItem\",\"position\":1,\"name\":\"Portada\",\"item\":\"https:\/\/colegiotecnova.com.ar\/secundario\/\"},{\"@type\":\"ListItem\",\"position\":2,\"name\":\"Medios Audiovisuales\"}]},{\"@type\":\"WebSite\",\"@id\":\"https:\/\/colegiotecnova.com.ar\/secundario\/#website\",\"url\":\"https:\/\/colegiotecnova.com.ar\/secundario\/\",\"name\":\"Colegio Tecnova\",\"description\":\"Nivel Secundario\",\"potentialAction\":[{\"@type\":\"SearchAction\",\"target\":{\"@type\":\"EntryPoint\",\"urlTemplate\":\"https:\/\/colegiotecnova.com.ar\/secundario\/?s={search_term_string}\"},\"query-input\":\"required name=search_term_string\"}],\"inLanguage\":\"es\"},{\"@type\":\"Person\",\"@id\":\"https:\/\/colegiotecnova.com.ar\/secundario\/#\/schema\/person\/95ed528759bb5083e3d0d013a609adb3\",\"name\":\"Celeste\",\"image\":{\"@type\":\"ImageObject\",\"inLanguage\":\"es\",\"@id\":\"https:\/\/colegiotecnova.com.ar\/secundario\/#\/schema\/person\/image\/\",\"url\":\"https:\/\/secure.gravatar.com\/avatar\/6b49c586fabdd943be0f355d09dab9f9f2820e455ea1c7573f3f74b5501c14f0?s=96&d=mm&r=g\",\"contentUrl\":\"https:\/\/secure.gravatar.com\/avatar\/6b49c586fabdd943be0f355d09dab9f9f2820e455ea1c7573f3f74b5501c14f0?s=96&d=mm&r=g\",\"caption\":\"Celeste\"},\"url\":\"https:\/\/colegiotecnova.com.ar\/secundario\/author\/celesteneves2002hotmail-com\/\"}]}<\/script>\n<!-- \/ Yoast SEO plugin. -->","yoast_head_json":{"title":"Medios Audiovisuales - Colegio Tecnova","robots":{"index":"index","follow":"follow","max-snippet":"max-snippet:-1","max-image-preview":"max-image-preview:large","max-video-preview":"max-video-preview:-1"},"canonical":"https:\/\/colegiotecnova.com.ar\/secundario\/medios-audiovisuales\/","og_locale":"es_ES","og_type":"article","og_title":"Medios Audiovisuales - Colegio Tecnova","og_description":"La actividad de Medios Audiovisuales introduce a los estudiantes en el mundo de la comunicaci\u00f3n digital y la producci\u00f3n de contenidos multimedia. A trav\u00e9s de actividades pr\u00e1cticas, los alumnos aprenden a crear videos, podcasts, blogs y contenidos para redes sociales, incorporando t\u00e9cnicas de guion, filmaci\u00f3n, edici\u00f3n y narrativa audiovisual. Con el paso de los a\u00f1os","og_url":"https:\/\/colegiotecnova.com.ar\/secundario\/medios-audiovisuales\/","og_site_name":"Colegio Tecnova","article_published_time":"2026-03-18T16:43:16+00:00","article_modified_time":"2026-03-18T16:43:39+00:00","og_image":[{"width":1207,"height":642,"url":"https:\/\/colegiotecnova.com.ar\/secundario\/wp-content\/uploads\/2025\/10\/medios-audiovisuales-secu.jpg","type":"image\/jpeg"}],"author":"Celeste","twitter_card":"summary_large_image","twitter_misc":{"Escrito por":"Celeste","Tiempo de lectura":"1 minuto"},"schema":{"@context":"https:\/\/schema.org","@graph":[{"@type":"WebPage","@id":"https:\/\/colegiotecnova.com.ar\/secundario\/medios-audiovisuales\/","url":"https:\/\/colegiotecnova.com.ar\/secundario\/medios-audiovisuales\/","name":"Medios Audiovisuales - Colegio Tecnova","isPartOf":{"@id":"https:\/\/colegiotecnova.com.ar\/secundario\/#website"},"primaryImageOfPage":{"@id":"https:\/\/colegiotecnova.com.ar\/secundario\/medios-audiovisuales\/#primaryimage"},"image":{"@id":"https:\/\/colegiotecnova.com.ar\/secundario\/medios-audiovisuales\/#primaryimage"},"thumbnailUrl":"https:\/\/colegiotecnova.com.ar\/secundario\/wp-content\/uploads\/2025\/10\/medios-audiovisuales-secu.jpg","datePublished":"2026-03-18T16:43:16+00:00","dateModified":"2026-03-18T16:43:39+00:00","author":{"@id":"https:\/\/colegiotecnova.com.ar\/secundario\/#\/schema\/person\/95ed528759bb5083e3d0d013a609adb3"},"breadcrumb":{"@id":"https:\/\/colegiotecnova.com.ar\/secundario\/medios-audiovisuales\/#breadcrumb"},"inLanguage":"es","potentialAction":[{"@type":"ReadAction","target":["https:\/\/colegiotecnova.com.ar\/secundario\/medios-audiovisuales\/"]}]},{"@type":"ImageObject","inLanguage":"es","@id":"https:\/\/colegiotecnova.com.ar\/secundario\/medios-audiovisuales\/#primaryimage","url":"https:\/\/colegiotecnova.com.ar\/secundario\/wp-content\/uploads\/2025\/10\/medios-audiovisuales-secu.jpg","contentUrl":"https:\/\/colegiotecnova.com.ar\/secundario\/wp-content\/uploads\/2025\/10\/medios-audiovisuales-secu.jpg","width":1207,"height":642},{"@type":"BreadcrumbList","@id":"https:\/\/colegiotecnova.com.ar\/secundario\/medios-audiovisuales\/#breadcrumb","itemListElement":[{"@type":"ListItem","position":1,"name":"Portada","item":"https:\/\/colegiotecnova.com.ar\/secundario\/"},{"@type":"ListItem","position":2,"name":"Medios Audiovisuales"}]},{"@type":"WebSite","@id":"https:\/\/colegiotecnova.com.ar\/secundario\/#website","url":"https:\/\/colegiotecnova.com.ar\/secundario\/","name":"Colegio Tecnova","description":"Nivel Secundario","potentialAction":[{"@type":"SearchAction","target":{"@type":"EntryPoint","urlTemplate":"https:\/\/colegiotecnova.com.ar\/secundario\/?s={search_term_string}"},"query-input":"required name=search_term_string"}],"inLanguage":"es"},{"@type":"Person","@id":"https:\/\/colegiotecnova.com.ar\/secundario\/#\/schema\/person\/95ed528759bb5083e3d0d013a609adb3","name":"Celeste","image":{"@type":"ImageObject","inLanguage":"es","@id":"https:\/\/colegiotecnova.com.ar\/secundario\/#\/schema\/person\/image\/","url":"https:\/\/secure.gravatar.com\/avatar\/6b49c586fabdd943be0f355d09dab9f9f2820e455ea1c7573f3f74b5501c14f0?s=96&d=mm&r=g","contentUrl":"https:\/\/secure.gravatar.com\/avatar\/6b49c586fabdd943be0f355d09dab9f9f2820e455ea1c7573f3f74b5501c14f0?s=96&d=mm&r=g","caption":"Celeste"},"url":"https:\/\/colegiotecnova.com.ar\/secundario\/author\/celesteneves2002hotmail-com\/"}]}},"_links":{"self":[{"href":"https:\/\/colegiotecnova.com.ar\/secundario\/wp-json\/wp\/v2\/posts\/1690","targetHints":{"allow":["GET"]}}],"collection":[{"href":"https:\/\/colegiotecnova.com.ar\/secundario\/wp-json\/wp\/v2\/posts"}],"about":[{"href":"https:\/\/colegiotecnova.com.ar\/secundario\/wp-json\/wp\/v2\/types\/post"}],"author":[{"embeddable":true,"href":"https:\/\/colegiotecnova.com.ar\/secundario\/wp-json\/wp\/v2\/users\/2"}],"replies":[{"embeddable":true,"href":"https:\/\/colegiotecnova.com.ar\/secundario\/wp-json\/wp\/v2\/comments?post=1690"}],"version-history":[{"count":1,"href":"https:\/\/colegiotecnova.com.ar\/secundario\/wp-json\/wp\/v2\/posts\/1690\/revisions"}],"predecessor-version":[{"id":1691,"href":"https:\/\/colegiotecnova.com.ar\/secundario\/wp-json\/wp\/v2\/posts\/1690\/revisions\/1691"}],"wp:featuredmedia":[{"embeddable":true,"href":"https:\/\/colegiotecnova.com.ar\/secundario\/wp-json\/wp\/v2\/media\/1627"}],"wp:attachment":[{"href":"https:\/\/colegiotecnova.com.ar\/secundario\/wp-json\/wp\/v2\/media?parent=1690"}],"wp:term":[{"taxonomy":"category","embeddable":true,"href":"https:\/\/colegiotecnova.com.ar\/secundario\/wp-json\/wp\/v2\/categories?post=1690"},{"taxonomy":"post_tag","embeddable":true,"href":"https:\/\/colegiotecnova.com.ar\/secundario\/wp-json\/wp\/v2\/tags?post=1690"}],"curies":[{"name":"wp","href":"https:\/\/api.w.org\/{rel}","templated":true}]}}