{"id":940,"date":"2021-09-20T17:28:55","date_gmt":"2021-09-20T17:28:55","guid":{"rendered":"https:\/\/colegiotecnova.com.ar\/?p=940"},"modified":"2023-05-22T17:28:01","modified_gmt":"2023-05-22T17:28:01","slug":"concientizacion","status":"publish","type":"post","link":"https:\/\/colegiotecnova.com.ar\/primario\/concientizacion\/","title":{"rendered":"Concientizaci\u00f3n"},"content":{"rendered":"\n<p><strong>\u00bfC\u00f3mo podemos cuidar el medio ambiente?<\/strong><\/p>\n\n\n\n<p>El paso primordial para tomar conciencia de la defensa y conservaci\u00f3n del medio ambiente es meditar sobre ello, dedicar tiempo a pensar y reflexionar sobre el estado de deterioro que ha llegado a nuestro hogar.<\/p>\n\n\n\n<p><strong>\u201c<\/strong>Es indispensable poner todo cuidado y hacer los mayores esfuerzos en poblar la tierra de \u00e1rboles\u2026\u201d  <strong>Manuel Belgrano<\/strong><br><\/p>\n\n\n\n<p><\/p>\n\n\n\n<p><strong>FUNDAMENTACI\u00d3N:&nbsp;<\/strong><\/p>\n\n\n\n<p>Este documento presenta un proyecto did\u00e1ctico en el que se trabajar\u00e1 una propuesta sobre el cuidado del medio ambiente. Tantos padres como educadores debemos inculcar a los ni\u00f1os y ni\u00f1as el respeto por la naturaleza, valores ecologistas y h\u00e1bitos de vida respetuosos con nuestro entorno.<\/p>\n\n\n\n<p>Inculcar a los ni\u00f1os la concientizaci\u00f3n del cuidado del medio ambiente no es una tarea f\u00e1cil, para ello debemos enfocar en lo cotidiano, como los residuos, que son un problema que crece d\u00eda a d\u00eda y que tiene un fuerte impacto sobre nuestro planeta.&nbsp;<\/p>\n\n\n\n<p>Los seres humanos, a trav\u00e9s de nuestras actividades, generamos cada vez m\u00e1s residuos, as\u00ed degradamos al medio ambiente y perjudicamos el bienestar de todos los seres vivos.<\/p>\n\n\n\n<p>Es importante que los alumnos yalumnas comprendan que desde nuestro lugar podemos ayudar. El ambiente, su conservaci\u00f3n y su mejoramiento dependen de cada uno de nosotros. Con solo tres acciones (reducir-rehusar-reciclar) podemos ayudar mucho a nuestro hogar: LA TIERRA. Los residuos son parte de nuestra vida diaria (casa, escuela, espacios p\u00fablicos, etc.) y pocas veces reflexionamos sobre las consecuencias de nuestros desechos o si los estamos depositando en lugares correctos.<\/p>\n\n\n\n<p>Si cada uno de nosotros conoce el da\u00f1o que causamos en la naturaleza y se compromete a colaborar desde su lugar de ciudadano, seguramente podremos cambiar h\u00e1bitos e incorporar a nuestra vida nuevas actitudes beneficiosas y ser agentes multiplicadores de ellas.<\/p>\n\n\n\n<p>Como producto final, los alumnos y alumnas de tercer a\u00f1o realizar\u00e1n elementos con material reciclado.<\/p>\n\n\n\n<p><strong>PROP\u00d3SITOS:<\/strong><\/p>\n\n\n\n<ul class=\"wp-block-list\">\n<li>Proponer situaciones did\u00e1cticas que ofrezcan oportunidades de concientizar acerca del cuidado del medio ambiente.<\/li>\n\n\n\n<li>Proponer situaciones did\u00e1cticas brindando oportunidades de reconocer problemas ambientales vinculados a los circuitos productivos en espacios rurales y urbanos.<\/li>\n\n\n\n<li>Presentar situaciones problem\u00e1ticas que permitan retomar la lectura, escritura y orden de los n\u00fameros naturales.<\/li>\n\n\n\n<li>&nbsp;Promover diferentes instancias tendentes a que los alumnos se involucren con los sentidos y aplicaciones de las operaciones en diferentes contextos.<\/li>\n\n\n\n<li>Propiciar el conocimiento acerca de la diversidad y los cambios de plantas a lo largo del a\u00f1o.<\/li>\n\n\n\n<li>Brindar un espacio de concientizaci\u00f3n, teniendo en cuenta la importancia de proteger el medio ambiente para cuidar a los seres vivos.<\/li>\n\n\n\n<li>Ofrecer noticias period\u00edsticas y mensajes de los medios de comunicaci\u00f3n acerca de problemas ambientales, y que, luego puedan comentarlo y expresar distintas opiniones. <\/li>\n<\/ul>\n","protected":false},"excerpt":{"rendered":"<p>\u00bfC\u00f3mo podemos cuidar el medio ambiente? El paso primordial para tomar conciencia de la defensa y conservaci\u00f3n del medio ambiente es meditar sobre ello, dedicar tiempo a pensar y reflexionar sobre el estado de deterioro que ha llegado a nuestro hogar. \u201cEs indispensable poner todo cuidado y hacer los mayores esfuerzos en poblar la tierra<\/p>\n","protected":false},"author":1,"featured_media":946,"comment_status":"closed","ping_status":"closed","sticky":false,"template":"","format":"standard","meta":{"_joinchat":[],"footnotes":""},"categories":[3],"tags":[],"class_list":["post-940","post","type-post","status-publish","format-standard","has-post-thumbnail","hentry","category-tips"],"yoast_head":"<!-- This site is optimized with the Yoast SEO plugin v23.1 - https:\/\/yoast.com\/wordpress\/plugins\/seo\/ -->\n<title>Concientizaci\u00f3n - Colegio Tecnova<\/title>\n<meta name=\"robots\" content=\"index, follow, max-snippet:-1, max-image-preview:large, max-video-preview:-1\" \/>\n<link rel=\"canonical\" href=\"https:\/\/colegiotecnova.com.ar\/primario\/concientizacion\/\" \/>\n<meta property=\"og:locale\" content=\"es_ES\" \/>\n<meta property=\"og:type\" content=\"article\" \/>\n<meta property=\"og:title\" content=\"Concientizaci\u00f3n - Colegio Tecnova\" \/>\n<meta property=\"og:description\" content=\"\u00bfC\u00f3mo podemos cuidar el medio ambiente? El paso primordial para tomar conciencia de la defensa y conservaci\u00f3n del medio ambiente es meditar sobre ello, dedicar tiempo a pensar y reflexionar sobre el estado de deterioro que ha llegado a nuestro hogar. \u201cEs indispensable poner todo cuidado y hacer los mayores esfuerzos en poblar la tierra\" \/>\n<meta property=\"og:url\" content=\"https:\/\/colegiotecnova.com.ar\/primario\/concientizacion\/\" \/>\n<meta property=\"og:site_name\" content=\"Colegio Tecnova\" \/>\n<meta property=\"article:publisher\" content=\"https:\/\/www.facebook.com\/colegiotecnova\/\" \/>\n<meta property=\"article:published_time\" content=\"2021-09-20T17:28:55+00:00\" \/>\n<meta property=\"article:modified_time\" content=\"2023-05-22T17:28:01+00:00\" \/>\n<meta property=\"og:image\" content=\"https:\/\/colegiotecnova.com.ar\/primario\/wp-content\/uploads\/2021\/09\/concientizacion.jpg\" \/>\n\t<meta property=\"og:image:width\" content=\"1024\" \/>\n\t<meta property=\"og:image:height\" content=\"683\" \/>\n\t<meta property=\"og:image:type\" content=\"image\/jpeg\" \/>\n<meta name=\"author\" content=\"agenciabrandi\" \/>\n<meta name=\"twitter:card\" content=\"summary_large_image\" \/>\n<meta name=\"twitter:label1\" content=\"Escrito por\" \/>\n\t<meta name=\"twitter:data1\" content=\"agenciabrandi\" \/>\n\t<meta name=\"twitter:label2\" content=\"Tiempo de lectura\" \/>\n\t<meta name=\"twitter:data2\" content=\"2 minutos\" \/>\n<script type=\"application\/ld+json\" class=\"yoast-schema-graph\">{\"@context\":\"https:\/\/schema.org\",\"@graph\":[{\"@type\":\"Article\",\"@id\":\"https:\/\/colegiotecnova.com.ar\/primario\/concientizacion\/#article\",\"isPartOf\":{\"@id\":\"https:\/\/colegiotecnova.com.ar\/primario\/concientizacion\/\"},\"author\":{\"name\":\"agenciabrandi\",\"@id\":\"https:\/\/colegiotecnova.com.ar\/primario\/#\/schema\/person\/1b427404c1707945bb15c8c7974ea5ee\"},\"headline\":\"Concientizaci\u00f3n\",\"datePublished\":\"2021-09-20T17:28:55+00:00\",\"dateModified\":\"2023-05-22T17:28:01+00:00\",\"mainEntityOfPage\":{\"@id\":\"https:\/\/colegiotecnova.com.ar\/primario\/concientizacion\/\"},\"wordCount\":467,\"publisher\":{\"@id\":\"https:\/\/colegiotecnova.com.ar\/primario\/#organization\"},\"image\":{\"@id\":\"https:\/\/colegiotecnova.com.ar\/primario\/concientizacion\/#primaryimage\"},\"thumbnailUrl\":\"https:\/\/colegiotecnova.com.ar\/primario\/wp-content\/uploads\/2021\/09\/concientizacion.jpg\",\"articleSection\":[\"Tips\"],\"inLanguage\":\"es\"},{\"@type\":\"WebPage\",\"@id\":\"https:\/\/colegiotecnova.com.ar\/primario\/concientizacion\/\",\"url\":\"https:\/\/colegiotecnova.com.ar\/primario\/concientizacion\/\",\"name\":\"Concientizaci\u00f3n - Colegio Tecnova\",\"isPartOf\":{\"@id\":\"https:\/\/colegiotecnova.com.ar\/primario\/#website\"},\"primaryImageOfPage\":{\"@id\":\"https:\/\/colegiotecnova.com.ar\/primario\/concientizacion\/#primaryimage\"},\"image\":{\"@id\":\"https:\/\/colegiotecnova.com.ar\/primario\/concientizacion\/#primaryimage\"},\"thumbnailUrl\":\"https:\/\/colegiotecnova.com.ar\/primario\/wp-content\/uploads\/2021\/09\/concientizacion.jpg\",\"datePublished\":\"2021-09-20T17:28:55+00:00\",\"dateModified\":\"2023-05-22T17:28:01+00:00\",\"breadcrumb\":{\"@id\":\"https:\/\/colegiotecnova.com.ar\/primario\/concientizacion\/#breadcrumb\"},\"inLanguage\":\"es\",\"potentialAction\":[{\"@type\":\"ReadAction\",\"target\":[\"https:\/\/colegiotecnova.com.ar\/primario\/concientizacion\/\"]}]},{\"@type\":\"ImageObject\",\"inLanguage\":\"es\",\"@id\":\"https:\/\/colegiotecnova.com.ar\/primario\/concientizacion\/#primaryimage\",\"url\":\"https:\/\/colegiotecnova.com.ar\/primario\/wp-content\/uploads\/2021\/09\/concientizacion.jpg\",\"contentUrl\":\"https:\/\/colegiotecnova.com.ar\/primario\/wp-content\/uploads\/2021\/09\/concientizacion.jpg\",\"width\":1024,\"height\":683,\"caption\":\"Environment doodle vector, renewable energy concept\"},{\"@type\":\"BreadcrumbList\",\"@id\":\"https:\/\/colegiotecnova.com.ar\/primario\/concientizacion\/#breadcrumb\",\"itemListElement\":[{\"@type\":\"ListItem\",\"position\":1,\"name\":\"Portada\",\"item\":\"https:\/\/colegiotecnova.com.ar\/primario\/\"},{\"@type\":\"ListItem\",\"position\":2,\"name\":\"Concientizaci\u00f3n\"}]},{\"@type\":\"WebSite\",\"@id\":\"https:\/\/colegiotecnova.com.ar\/primario\/#website\",\"url\":\"https:\/\/colegiotecnova.com.ar\/primario\/\",\"name\":\"Colegio Tecnova\",\"description\":\"Ciclo Primario\",\"publisher\":{\"@id\":\"https:\/\/colegiotecnova.com.ar\/primario\/#organization\"},\"potentialAction\":[{\"@type\":\"SearchAction\",\"target\":{\"@type\":\"EntryPoint\",\"urlTemplate\":\"https:\/\/colegiotecnova.com.ar\/primario\/?s={search_term_string}\"},\"query-input\":\"required name=search_term_string\"}],\"inLanguage\":\"es\"},{\"@type\":\"Organization\",\"@id\":\"https:\/\/colegiotecnova.com.ar\/primario\/#organization\",\"name\":\"Colegio Tecnova\",\"url\":\"https:\/\/colegiotecnova.com.ar\/primario\/\",\"logo\":{\"@type\":\"ImageObject\",\"inLanguage\":\"es\",\"@id\":\"https:\/\/colegiotecnova.com.ar\/primario\/#\/schema\/logo\/image\/\",\"url\":\"https:\/\/colegiotecnova.com.ar\/primario\/wp-content\/uploads\/2019\/09\/tecnova-logo.svg\",\"contentUrl\":\"https:\/\/colegiotecnova.com.ar\/primario\/wp-content\/uploads\/2019\/09\/tecnova-logo.svg\",\"width\":1,\"height\":1,\"caption\":\"Colegio Tecnova\"},\"image\":{\"@id\":\"https:\/\/colegiotecnova.com.ar\/primario\/#\/schema\/logo\/image\/\"},\"sameAs\":[\"https:\/\/www.facebook.com\/colegiotecnova\/\",\"https:\/\/www.instagram.com\/colegiotecnova\/\"]},{\"@type\":\"Person\",\"@id\":\"https:\/\/colegiotecnova.com.ar\/primario\/#\/schema\/person\/1b427404c1707945bb15c8c7974ea5ee\",\"name\":\"agenciabrandi\",\"image\":{\"@type\":\"ImageObject\",\"inLanguage\":\"es\",\"@id\":\"https:\/\/colegiotecnova.com.ar\/primario\/#\/schema\/person\/image\/\",\"url\":\"https:\/\/secure.gravatar.com\/avatar\/50bba42885c89b43e9fb985e0cf9c0ba84c977f0199a260067028766c51fb117?s=96&d=mm&r=g\",\"contentUrl\":\"https:\/\/secure.gravatar.com\/avatar\/50bba42885c89b43e9fb985e0cf9c0ba84c977f0199a260067028766c51fb117?s=96&d=mm&r=g\",\"caption\":\"agenciabrandi\"},\"url\":\"https:\/\/colegiotecnova.com.ar\/primario\/author\/agenciabrandi\/\"}]}<\/script>\n<!-- \/ Yoast SEO plugin. -->","yoast_head_json":{"title":"Concientizaci\u00f3n - Colegio Tecnova","robots":{"index":"index","follow":"follow","max-snippet":"max-snippet:-1","max-image-preview":"max-image-preview:large","max-video-preview":"max-video-preview:-1"},"canonical":"https:\/\/colegiotecnova.com.ar\/primario\/concientizacion\/","og_locale":"es_ES","og_type":"article","og_title":"Concientizaci\u00f3n - Colegio Tecnova","og_description":"\u00bfC\u00f3mo podemos cuidar el medio ambiente? El paso primordial para tomar conciencia de la defensa y conservaci\u00f3n del medio ambiente es meditar sobre ello, dedicar tiempo a pensar y reflexionar sobre el estado de deterioro que ha llegado a nuestro hogar. \u201cEs indispensable poner todo cuidado y hacer los mayores esfuerzos en poblar la tierra","og_url":"https:\/\/colegiotecnova.com.ar\/primario\/concientizacion\/","og_site_name":"Colegio Tecnova","article_publisher":"https:\/\/www.facebook.com\/colegiotecnova\/","article_published_time":"2021-09-20T17:28:55+00:00","article_modified_time":"2023-05-22T17:28:01+00:00","og_image":[{"width":1024,"height":683,"url":"https:\/\/colegiotecnova.com.ar\/primario\/wp-content\/uploads\/2021\/09\/concientizacion.jpg","type":"image\/jpeg"}],"author":"agenciabrandi","twitter_card":"summary_large_image","twitter_misc":{"Escrito por":"agenciabrandi","Tiempo de lectura":"2 minutos"},"schema":{"@context":"https:\/\/schema.org","@graph":[{"@type":"Article","@id":"https:\/\/colegiotecnova.com.ar\/primario\/concientizacion\/#article","isPartOf":{"@id":"https:\/\/colegiotecnova.com.ar\/primario\/concientizacion\/"},"author":{"name":"agenciabrandi","@id":"https:\/\/colegiotecnova.com.ar\/primario\/#\/schema\/person\/1b427404c1707945bb15c8c7974ea5ee"},"headline":"Concientizaci\u00f3n","datePublished":"2021-09-20T17:28:55+00:00","dateModified":"2023-05-22T17:28:01+00:00","mainEntityOfPage":{"@id":"https:\/\/colegiotecnova.com.ar\/primario\/concientizacion\/"},"wordCount":467,"publisher":{"@id":"https:\/\/colegiotecnova.com.ar\/primario\/#organization"},"image":{"@id":"https:\/\/colegiotecnova.com.ar\/primario\/concientizacion\/#primaryimage"},"thumbnailUrl":"https:\/\/colegiotecnova.com.ar\/primario\/wp-content\/uploads\/2021\/09\/concientizacion.jpg","articleSection":["Tips"],"inLanguage":"es"},{"@type":"WebPage","@id":"https:\/\/colegiotecnova.com.ar\/primario\/concientizacion\/","url":"https:\/\/colegiotecnova.com.ar\/primario\/concientizacion\/","name":"Concientizaci\u00f3n - Colegio Tecnova","isPartOf":{"@id":"https:\/\/colegiotecnova.com.ar\/primario\/#website"},"primaryImageOfPage":{"@id":"https:\/\/colegiotecnova.com.ar\/primario\/concientizacion\/#primaryimage"},"image":{"@id":"https:\/\/colegiotecnova.com.ar\/primario\/concientizacion\/#primaryimage"},"thumbnailUrl":"https:\/\/colegiotecnova.com.ar\/primario\/wp-content\/uploads\/2021\/09\/concientizacion.jpg","datePublished":"2021-09-20T17:28:55+00:00","dateModified":"2023-05-22T17:28:01+00:00","breadcrumb":{"@id":"https:\/\/colegiotecnova.com.ar\/primario\/concientizacion\/#breadcrumb"},"inLanguage":"es","potentialAction":[{"@type":"ReadAction","target":["https:\/\/colegiotecnova.com.ar\/primario\/concientizacion\/"]}]},{"@type":"ImageObject","inLanguage":"es","@id":"https:\/\/colegiotecnova.com.ar\/primario\/concientizacion\/#primaryimage","url":"https:\/\/colegiotecnova.com.ar\/primario\/wp-content\/uploads\/2021\/09\/concientizacion.jpg","contentUrl":"https:\/\/colegiotecnova.com.ar\/primario\/wp-content\/uploads\/2021\/09\/concientizacion.jpg","width":1024,"height":683,"caption":"Environment doodle vector, renewable energy concept"},{"@type":"BreadcrumbList","@id":"https:\/\/colegiotecnova.com.ar\/primario\/concientizacion\/#breadcrumb","itemListElement":[{"@type":"ListItem","position":1,"name":"Portada","item":"https:\/\/colegiotecnova.com.ar\/primario\/"},{"@type":"ListItem","position":2,"name":"Concientizaci\u00f3n"}]},{"@type":"WebSite","@id":"https:\/\/colegiotecnova.com.ar\/primario\/#website","url":"https:\/\/colegiotecnova.com.ar\/primario\/","name":"Colegio Tecnova","description":"Ciclo Primario","publisher":{"@id":"https:\/\/colegiotecnova.com.ar\/primario\/#organization"},"potentialAction":[{"@type":"SearchAction","target":{"@type":"EntryPoint","urlTemplate":"https:\/\/colegiotecnova.com.ar\/primario\/?s={search_term_string}"},"query-input":"required name=search_term_string"}],"inLanguage":"es"},{"@type":"Organization","@id":"https:\/\/colegiotecnova.com.ar\/primario\/#organization","name":"Colegio Tecnova","url":"https:\/\/colegiotecnova.com.ar\/primario\/","logo":{"@type":"ImageObject","inLanguage":"es","@id":"https:\/\/colegiotecnova.com.ar\/primario\/#\/schema\/logo\/image\/","url":"https:\/\/colegiotecnova.com.ar\/primario\/wp-content\/uploads\/2019\/09\/tecnova-logo.svg","contentUrl":"https:\/\/colegiotecnova.com.ar\/primario\/wp-content\/uploads\/2019\/09\/tecnova-logo.svg","width":1,"height":1,"caption":"Colegio Tecnova"},"image":{"@id":"https:\/\/colegiotecnova.com.ar\/primario\/#\/schema\/logo\/image\/"},"sameAs":["https:\/\/www.facebook.com\/colegiotecnova\/","https:\/\/www.instagram.com\/colegiotecnova\/"]},{"@type":"Person","@id":"https:\/\/colegiotecnova.com.ar\/primario\/#\/schema\/person\/1b427404c1707945bb15c8c7974ea5ee","name":"agenciabrandi","image":{"@type":"ImageObject","inLanguage":"es","@id":"https:\/\/colegiotecnova.com.ar\/primario\/#\/schema\/person\/image\/","url":"https:\/\/secure.gravatar.com\/avatar\/50bba42885c89b43e9fb985e0cf9c0ba84c977f0199a260067028766c51fb117?s=96&d=mm&r=g","contentUrl":"https:\/\/secure.gravatar.com\/avatar\/50bba42885c89b43e9fb985e0cf9c0ba84c977f0199a260067028766c51fb117?s=96&d=mm&r=g","caption":"agenciabrandi"},"url":"https:\/\/colegiotecnova.com.ar\/primario\/author\/agenciabrandi\/"}]}},"_links":{"self":[{"href":"https:\/\/colegiotecnova.com.ar\/primario\/wp-json\/wp\/v2\/posts\/940","targetHints":{"allow":["GET"]}}],"collection":[{"href":"https:\/\/colegiotecnova.com.ar\/primario\/wp-json\/wp\/v2\/posts"}],"about":[{"href":"https:\/\/colegiotecnova.com.ar\/primario\/wp-json\/wp\/v2\/types\/post"}],"author":[{"embeddable":true,"href":"https:\/\/colegiotecnova.com.ar\/primario\/wp-json\/wp\/v2\/users\/1"}],"replies":[{"embeddable":true,"href":"https:\/\/colegiotecnova.com.ar\/primario\/wp-json\/wp\/v2\/comments?post=940"}],"version-history":[{"count":5,"href":"https:\/\/colegiotecnova.com.ar\/primario\/wp-json\/wp\/v2\/posts\/940\/revisions"}],"predecessor-version":[{"id":1045,"href":"https:\/\/colegiotecnova.com.ar\/primario\/wp-json\/wp\/v2\/posts\/940\/revisions\/1045"}],"wp:featuredmedia":[{"embeddable":true,"href":"https:\/\/colegiotecnova.com.ar\/primario\/wp-json\/wp\/v2\/media\/946"}],"wp:attachment":[{"href":"https:\/\/colegiotecnova.com.ar\/primario\/wp-json\/wp\/v2\/media?parent=940"}],"wp:term":[{"taxonomy":"category","embeddable":true,"href":"https:\/\/colegiotecnova.com.ar\/primario\/wp-json\/wp\/v2\/categories?post=940"},{"taxonomy":"post_tag","embeddable":true,"href":"https:\/\/colegiotecnova.com.ar\/primario\/wp-json\/wp\/v2\/tags?post=940"}],"curies":[{"name":"wp","href":"https:\/\/api.w.org\/{rel}","templated":true}]}}