{"id":928,"date":"2021-09-16T20:08:39","date_gmt":"2021-09-16T20:08:39","guid":{"rendered":"https:\/\/colegiotecnova.com.ar\/?p=928"},"modified":"2023-05-22T17:28:02","modified_gmt":"2023-05-22T17:28:02","slug":"votacion-2021","status":"publish","type":"post","link":"https:\/\/colegiotecnova.com.ar\/primario\/votacion-2021\/","title":{"rendered":"Votaci\u00f3n 2021"},"content":{"rendered":"\n<p>\u201cUna de las pr\u00e1cticas relevantes del ejercicio de la ciudadan\u00eda y en la vida personal es la elecci\u00f3n de alternativas y cursos de acci\u00f3n: no hay \u00e9tica sin libertad\u201d. Nos interesa estimular en los ni\u00f1os&nbsp; la posibilidad de expresarse e iniciarse al mismo tiempo en el riesgo de toda elecci\u00f3n.\u00bb<\/p>\n\n\n\n<p>Este a\u00f1o electoral nos ofrece una oportunidad \u00fanica para demostrar que aunque los ni\u00f1os, ni\u00f1as no tienen derecho a voto, s\u00ed tienen derecho a participar, y adem\u00e1s tienen opiniones y propuestas \u00fatiles en torno a los temas que m\u00e1s les afectan, y debemos exigir que \u00e9stas sean tenidas en cuenta por el conjunto de la sociedad. Es una buena oportunidad para iniciarlos en los derechos y deberes c\u00edvicos<\/p>\n\n\n\n<p><strong>INTRODUCCI\u00d3N:<\/strong><\/p>\n\n\n\n<p>&nbsp;La participaci\u00f3n infantil es un proceso en el que los ni\u00f1os, ni\u00f1as abordan con otras personas de su entorno temas que afectan a sus condiciones de vida individuales y colectivas. Los participantes interact\u00faan respetando la dignidad de los dem\u00e1s, con la intenci\u00f3n de alcanzar objetivos compartidos. A lo largo del proceso los ni\u00f1os, ni\u00f1as experimentan que est\u00e1n desarrollando un papel \u00fatil en el seno de su comunidad. Debemos fomentar procesos participativos que garanticen la igualdad de sus derechos, promoviendo personas capaces de respetar la diferencia la diversidad y las posibilidades de los otros y otras, en un contexto democr\u00e1tico<\/p>\n\n\n\n<p><em>La participaci\u00f3n infantil est\u00e1 recogida en la Convenci\u00f3n sobre los Derechos del Ni\u00f1o, CDN. La CDN recoge en su art\u00edculo 12 el derecho del ni\u00f1o y la ni\u00f1a a expresar su opini\u00f3n en todos los asuntos que les afecten y a que \u00e9sta sea tenida en cuenta. Tambi\u00e9n hacen referencia a este derecho los art\u00edculos 13 (derecho a la libertad de expresi\u00f3n), 15 (derecho a la libertad de asociaci\u00f3n) y 17 (derecho al acceso a la informaci\u00f3n adecuada). La Convenci\u00f3n sobre los Derechos del Ni\u00f1o ha transformado el modo en que se considera y se trata a la infancia en todo el mundo, pasando a reconocer al ni\u00f1o y la ni\u00f1a como sujeto de derechos.<\/em><\/p>\n\n\n\n<figure class=\"wp-block-image\"><img decoding=\"async\" src=\"https:\/\/lh3.googleusercontent.com\/9GeqtvrQJeUrXiw0ySrW8RcqARJwaioSY0JdM9-Nmnyh2ciNH4vttSGoh05z0I8sah09kd3ei-4qDJO7P821bZENTFhxraPCr3T_JFhFCybLKZbl24HIMuXvACgtL6EueMAdZwk=s0\" alt=\"Ni\u00f1o votando\"\/><\/figure>\n\n\n\n<p>OBJETIVOS DE LA DIN\u00c1MICA Facilitar las herramientas necesarias para que los ni\u00f1os, ni\u00f1as y puedan elaborar un programa electoral propio que recoja sus propuestas en torno a los temas, para una muestra a fin de a\u00f1o.<\/p>\n\n\n\n<ul class=\"wp-block-list\"><li>FERIA DE CIENCIAS<\/li><li>CAF\u00c9 LITERARIO<\/li><li>CUIDADO DEL MEDIO AMBIENTE.<\/li><li>JUEGOS MATEMATICOS<\/li><\/ul>\n\n\n\n<p>Los estudiantes investigaran sobre el proceso electoral, c\u00f3mo es, qui\u00e9nes pueden hacerlo, qu\u00e9 se necesita para votar. Prepararon todos los materiales necesarios para hacerlo; sus documentos, las boletas, el padr\u00f3n y la urna.<br>Entre todos pensaran diferentes propuestas, y realizaran una preselecci\u00f3n de las mismas, dejando as\u00ed las opciones que m\u00e1s les gustaron para la votaci\u00f3n final.<br>Ese d\u00eda cada uno eligi\u00f3 la que quer\u00eda, colocando la boleta correspondiente a su elecci\u00f3n en un sobre dentro de la urna, presentando su documento para hacerlo y llev\u00e1ndose sellada la constancia de emisi\u00f3n del voto.<\/p>\n\n\n\n<p><\/p>\n\n\n\n<figure class=\"wp-block-image\"><img decoding=\"async\" src=\"https:\/\/lh6.googleusercontent.com\/-Kem9EixfFBRlk3-4JprylokfWOpoX1pntAaQ4doCNwT6UB_TyH9fpPtBMShSzInjHBeBq3GJXUskvjFxzJG23D-QGpbOPJCBNEvaelQbDfdlZFN5Rps2WHwzwR4gg2ILxuq8j8=s0\" alt=\"\"\/><\/figure>\n\n\n\n<p>MUY IMPORTANTE: Las acciones de visibilidad que aqu\u00ed se plantean estar\u00e1n protagonizadas por los ni\u00f1os, ni\u00f1as y adolescentes y se llevar\u00e1n a cabo con el objetivo de difundir sus ideas y propuestas. En ning\u00fan caso se deber\u00e1n utilizar estas acciones con fines partidistas o electoralistas, algo que ir\u00eda radicalmente en contra de los prop\u00f3sitos del PROYECTO.<\/p>\n\n\n\n<p><\/p>\n","protected":false},"excerpt":{"rendered":"<p>\u201cUna de las pr\u00e1cticas relevantes del ejercicio de la ciudadan\u00eda y en la vida personal es la elecci\u00f3n de alternativas y cursos de acci\u00f3n: no hay \u00e9tica sin libertad\u201d. Nos interesa estimular en los ni\u00f1os&nbsp; la posibilidad de expresarse e iniciarse al mismo tiempo en el riesgo de toda elecci\u00f3n.\u00bb Este a\u00f1o electoral nos ofrece<\/p>\n","protected":false},"author":1,"featured_media":939,"comment_status":"closed","ping_status":"closed","sticky":false,"template":"","format":"standard","meta":{"_joinchat":[],"footnotes":""},"categories":[8],"tags":[],"class_list":["post-928","post","type-post","status-publish","format-standard","has-post-thumbnail","hentry","category-proyectos-en-el-aula"],"yoast_head":"<!-- This site is optimized with the Yoast SEO plugin v23.1 - https:\/\/yoast.com\/wordpress\/plugins\/seo\/ -->\n<title>Votaci\u00f3n 2021 - Colegio Tecnova<\/title>\n<meta name=\"robots\" content=\"index, follow, max-snippet:-1, max-image-preview:large, max-video-preview:-1\" \/>\n<link rel=\"canonical\" href=\"https:\/\/colegiotecnova.com.ar\/primario\/votacion-2021\/\" \/>\n<meta property=\"og:locale\" content=\"es_ES\" \/>\n<meta property=\"og:type\" content=\"article\" \/>\n<meta property=\"og:title\" content=\"Votaci\u00f3n 2021 - Colegio Tecnova\" \/>\n<meta property=\"og:description\" content=\"\u201cUna de las pr\u00e1cticas relevantes del ejercicio de la ciudadan\u00eda y en la vida personal es la elecci\u00f3n de alternativas y cursos de acci\u00f3n: no hay \u00e9tica sin libertad\u201d. Nos interesa estimular en los ni\u00f1os&nbsp; la posibilidad de expresarse e iniciarse al mismo tiempo en el riesgo de toda elecci\u00f3n.\u00bb Este a\u00f1o electoral nos ofrece\" \/>\n<meta property=\"og:url\" content=\"https:\/\/colegiotecnova.com.ar\/primario\/votacion-2021\/\" \/>\n<meta property=\"og:site_name\" content=\"Colegio Tecnova\" \/>\n<meta property=\"article:publisher\" content=\"https:\/\/www.facebook.com\/colegiotecnova\/\" \/>\n<meta property=\"article:published_time\" content=\"2021-09-16T20:08:39+00:00\" \/>\n<meta property=\"article:modified_time\" content=\"2023-05-22T17:28:02+00:00\" \/>\n<meta property=\"og:image\" content=\"https:\/\/colegiotecnova.com.ar\/primario\/wp-content\/uploads\/2021\/09\/educar-para-elegir.jpg\" \/>\n\t<meta property=\"og:image:width\" content=\"800\" \/>\n\t<meta property=\"og:image:height\" content=\"484\" \/>\n\t<meta property=\"og:image:type\" content=\"image\/jpeg\" \/>\n<meta name=\"author\" content=\"agenciabrandi\" \/>\n<meta name=\"twitter:card\" content=\"summary_large_image\" \/>\n<meta name=\"twitter:label1\" content=\"Escrito por\" \/>\n\t<meta name=\"twitter:data1\" content=\"agenciabrandi\" \/>\n\t<meta name=\"twitter:label2\" content=\"Tiempo de lectura\" \/>\n\t<meta name=\"twitter:data2\" content=\"3 minutos\" \/>\n<script type=\"application\/ld+json\" class=\"yoast-schema-graph\">{\"@context\":\"https:\/\/schema.org\",\"@graph\":[{\"@type\":\"Article\",\"@id\":\"https:\/\/colegiotecnova.com.ar\/primario\/votacion-2021\/#article\",\"isPartOf\":{\"@id\":\"https:\/\/colegiotecnova.com.ar\/primario\/votacion-2021\/\"},\"author\":{\"name\":\"agenciabrandi\",\"@id\":\"https:\/\/colegiotecnova.com.ar\/primario\/#\/schema\/person\/1b427404c1707945bb15c8c7974ea5ee\"},\"headline\":\"Votaci\u00f3n 2021\",\"datePublished\":\"2021-09-16T20:08:39+00:00\",\"dateModified\":\"2023-05-22T17:28:02+00:00\",\"mainEntityOfPage\":{\"@id\":\"https:\/\/colegiotecnova.com.ar\/primario\/votacion-2021\/\"},\"wordCount\":591,\"publisher\":{\"@id\":\"https:\/\/colegiotecnova.com.ar\/primario\/#organization\"},\"image\":{\"@id\":\"https:\/\/colegiotecnova.com.ar\/primario\/votacion-2021\/#primaryimage\"},\"thumbnailUrl\":\"https:\/\/colegiotecnova.com.ar\/primario\/wp-content\/uploads\/2021\/09\/educar-para-elegir.jpg\",\"articleSection\":[\"Proyectos en el aula\"],\"inLanguage\":\"es\"},{\"@type\":\"WebPage\",\"@id\":\"https:\/\/colegiotecnova.com.ar\/primario\/votacion-2021\/\",\"url\":\"https:\/\/colegiotecnova.com.ar\/primario\/votacion-2021\/\",\"name\":\"Votaci\u00f3n 2021 - Colegio Tecnova\",\"isPartOf\":{\"@id\":\"https:\/\/colegiotecnova.com.ar\/primario\/#website\"},\"primaryImageOfPage\":{\"@id\":\"https:\/\/colegiotecnova.com.ar\/primario\/votacion-2021\/#primaryimage\"},\"image\":{\"@id\":\"https:\/\/colegiotecnova.com.ar\/primario\/votacion-2021\/#primaryimage\"},\"thumbnailUrl\":\"https:\/\/colegiotecnova.com.ar\/primario\/wp-content\/uploads\/2021\/09\/educar-para-elegir.jpg\",\"datePublished\":\"2021-09-16T20:08:39+00:00\",\"dateModified\":\"2023-05-22T17:28:02+00:00\",\"breadcrumb\":{\"@id\":\"https:\/\/colegiotecnova.com.ar\/primario\/votacion-2021\/#breadcrumb\"},\"inLanguage\":\"es\",\"potentialAction\":[{\"@type\":\"ReadAction\",\"target\":[\"https:\/\/colegiotecnova.com.ar\/primario\/votacion-2021\/\"]}]},{\"@type\":\"ImageObject\",\"inLanguage\":\"es\",\"@id\":\"https:\/\/colegiotecnova.com.ar\/primario\/votacion-2021\/#primaryimage\",\"url\":\"https:\/\/colegiotecnova.com.ar\/primario\/wp-content\/uploads\/2021\/09\/educar-para-elegir.jpg\",\"contentUrl\":\"https:\/\/colegiotecnova.com.ar\/primario\/wp-content\/uploads\/2021\/09\/educar-para-elegir.jpg\",\"width\":800,\"height\":484},{\"@type\":\"BreadcrumbList\",\"@id\":\"https:\/\/colegiotecnova.com.ar\/primario\/votacion-2021\/#breadcrumb\",\"itemListElement\":[{\"@type\":\"ListItem\",\"position\":1,\"name\":\"Portada\",\"item\":\"https:\/\/colegiotecnova.com.ar\/primario\/\"},{\"@type\":\"ListItem\",\"position\":2,\"name\":\"Votaci\u00f3n 2021\"}]},{\"@type\":\"WebSite\",\"@id\":\"https:\/\/colegiotecnova.com.ar\/primario\/#website\",\"url\":\"https:\/\/colegiotecnova.com.ar\/primario\/\",\"name\":\"Colegio Tecnova\",\"description\":\"Ciclo Primario\",\"publisher\":{\"@id\":\"https:\/\/colegiotecnova.com.ar\/primario\/#organization\"},\"potentialAction\":[{\"@type\":\"SearchAction\",\"target\":{\"@type\":\"EntryPoint\",\"urlTemplate\":\"https:\/\/colegiotecnova.com.ar\/primario\/?s={search_term_string}\"},\"query-input\":\"required name=search_term_string\"}],\"inLanguage\":\"es\"},{\"@type\":\"Organization\",\"@id\":\"https:\/\/colegiotecnova.com.ar\/primario\/#organization\",\"name\":\"Colegio Tecnova\",\"url\":\"https:\/\/colegiotecnova.com.ar\/primario\/\",\"logo\":{\"@type\":\"ImageObject\",\"inLanguage\":\"es\",\"@id\":\"https:\/\/colegiotecnova.com.ar\/primario\/#\/schema\/logo\/image\/\",\"url\":\"https:\/\/colegiotecnova.com.ar\/primario\/wp-content\/uploads\/2019\/09\/tecnova-logo.svg\",\"contentUrl\":\"https:\/\/colegiotecnova.com.ar\/primario\/wp-content\/uploads\/2019\/09\/tecnova-logo.svg\",\"width\":1,\"height\":1,\"caption\":\"Colegio Tecnova\"},\"image\":{\"@id\":\"https:\/\/colegiotecnova.com.ar\/primario\/#\/schema\/logo\/image\/\"},\"sameAs\":[\"https:\/\/www.facebook.com\/colegiotecnova\/\",\"https:\/\/www.instagram.com\/colegiotecnova\/\"]},{\"@type\":\"Person\",\"@id\":\"https:\/\/colegiotecnova.com.ar\/primario\/#\/schema\/person\/1b427404c1707945bb15c8c7974ea5ee\",\"name\":\"agenciabrandi\",\"image\":{\"@type\":\"ImageObject\",\"inLanguage\":\"es\",\"@id\":\"https:\/\/colegiotecnova.com.ar\/primario\/#\/schema\/person\/image\/\",\"url\":\"https:\/\/secure.gravatar.com\/avatar\/50bba42885c89b43e9fb985e0cf9c0ba84c977f0199a260067028766c51fb117?s=96&d=mm&r=g\",\"contentUrl\":\"https:\/\/secure.gravatar.com\/avatar\/50bba42885c89b43e9fb985e0cf9c0ba84c977f0199a260067028766c51fb117?s=96&d=mm&r=g\",\"caption\":\"agenciabrandi\"},\"url\":\"https:\/\/colegiotecnova.com.ar\/primario\/author\/agenciabrandi\/\"}]}<\/script>\n<!-- \/ Yoast SEO plugin. -->","yoast_head_json":{"title":"Votaci\u00f3n 2021 - Colegio Tecnova","robots":{"index":"index","follow":"follow","max-snippet":"max-snippet:-1","max-image-preview":"max-image-preview:large","max-video-preview":"max-video-preview:-1"},"canonical":"https:\/\/colegiotecnova.com.ar\/primario\/votacion-2021\/","og_locale":"es_ES","og_type":"article","og_title":"Votaci\u00f3n 2021 - Colegio Tecnova","og_description":"\u201cUna de las pr\u00e1cticas relevantes del ejercicio de la ciudadan\u00eda y en la vida personal es la elecci\u00f3n de alternativas y cursos de acci\u00f3n: no hay \u00e9tica sin libertad\u201d. Nos interesa estimular en los ni\u00f1os&nbsp; la posibilidad de expresarse e iniciarse al mismo tiempo en el riesgo de toda elecci\u00f3n.\u00bb Este a\u00f1o electoral nos ofrece","og_url":"https:\/\/colegiotecnova.com.ar\/primario\/votacion-2021\/","og_site_name":"Colegio Tecnova","article_publisher":"https:\/\/www.facebook.com\/colegiotecnova\/","article_published_time":"2021-09-16T20:08:39+00:00","article_modified_time":"2023-05-22T17:28:02+00:00","og_image":[{"width":800,"height":484,"url":"https:\/\/colegiotecnova.com.ar\/primario\/wp-content\/uploads\/2021\/09\/educar-para-elegir.jpg","type":"image\/jpeg"}],"author":"agenciabrandi","twitter_card":"summary_large_image","twitter_misc":{"Escrito por":"agenciabrandi","Tiempo de lectura":"3 minutos"},"schema":{"@context":"https:\/\/schema.org","@graph":[{"@type":"Article","@id":"https:\/\/colegiotecnova.com.ar\/primario\/votacion-2021\/#article","isPartOf":{"@id":"https:\/\/colegiotecnova.com.ar\/primario\/votacion-2021\/"},"author":{"name":"agenciabrandi","@id":"https:\/\/colegiotecnova.com.ar\/primario\/#\/schema\/person\/1b427404c1707945bb15c8c7974ea5ee"},"headline":"Votaci\u00f3n 2021","datePublished":"2021-09-16T20:08:39+00:00","dateModified":"2023-05-22T17:28:02+00:00","mainEntityOfPage":{"@id":"https:\/\/colegiotecnova.com.ar\/primario\/votacion-2021\/"},"wordCount":591,"publisher":{"@id":"https:\/\/colegiotecnova.com.ar\/primario\/#organization"},"image":{"@id":"https:\/\/colegiotecnova.com.ar\/primario\/votacion-2021\/#primaryimage"},"thumbnailUrl":"https:\/\/colegiotecnova.com.ar\/primario\/wp-content\/uploads\/2021\/09\/educar-para-elegir.jpg","articleSection":["Proyectos en el aula"],"inLanguage":"es"},{"@type":"WebPage","@id":"https:\/\/colegiotecnova.com.ar\/primario\/votacion-2021\/","url":"https:\/\/colegiotecnova.com.ar\/primario\/votacion-2021\/","name":"Votaci\u00f3n 2021 - Colegio Tecnova","isPartOf":{"@id":"https:\/\/colegiotecnova.com.ar\/primario\/#website"},"primaryImageOfPage":{"@id":"https:\/\/colegiotecnova.com.ar\/primario\/votacion-2021\/#primaryimage"},"image":{"@id":"https:\/\/colegiotecnova.com.ar\/primario\/votacion-2021\/#primaryimage"},"thumbnailUrl":"https:\/\/colegiotecnova.com.ar\/primario\/wp-content\/uploads\/2021\/09\/educar-para-elegir.jpg","datePublished":"2021-09-16T20:08:39+00:00","dateModified":"2023-05-22T17:28:02+00:00","breadcrumb":{"@id":"https:\/\/colegiotecnova.com.ar\/primario\/votacion-2021\/#breadcrumb"},"inLanguage":"es","potentialAction":[{"@type":"ReadAction","target":["https:\/\/colegiotecnova.com.ar\/primario\/votacion-2021\/"]}]},{"@type":"ImageObject","inLanguage":"es","@id":"https:\/\/colegiotecnova.com.ar\/primario\/votacion-2021\/#primaryimage","url":"https:\/\/colegiotecnova.com.ar\/primario\/wp-content\/uploads\/2021\/09\/educar-para-elegir.jpg","contentUrl":"https:\/\/colegiotecnova.com.ar\/primario\/wp-content\/uploads\/2021\/09\/educar-para-elegir.jpg","width":800,"height":484},{"@type":"BreadcrumbList","@id":"https:\/\/colegiotecnova.com.ar\/primario\/votacion-2021\/#breadcrumb","itemListElement":[{"@type":"ListItem","position":1,"name":"Portada","item":"https:\/\/colegiotecnova.com.ar\/primario\/"},{"@type":"ListItem","position":2,"name":"Votaci\u00f3n 2021"}]},{"@type":"WebSite","@id":"https:\/\/colegiotecnova.com.ar\/primario\/#website","url":"https:\/\/colegiotecnova.com.ar\/primario\/","name":"Colegio Tecnova","description":"Ciclo Primario","publisher":{"@id":"https:\/\/colegiotecnova.com.ar\/primario\/#organization"},"potentialAction":[{"@type":"SearchAction","target":{"@type":"EntryPoint","urlTemplate":"https:\/\/colegiotecnova.com.ar\/primario\/?s={search_term_string}"},"query-input":"required name=search_term_string"}],"inLanguage":"es"},{"@type":"Organization","@id":"https:\/\/colegiotecnova.com.ar\/primario\/#organization","name":"Colegio Tecnova","url":"https:\/\/colegiotecnova.com.ar\/primario\/","logo":{"@type":"ImageObject","inLanguage":"es","@id":"https:\/\/colegiotecnova.com.ar\/primario\/#\/schema\/logo\/image\/","url":"https:\/\/colegiotecnova.com.ar\/primario\/wp-content\/uploads\/2019\/09\/tecnova-logo.svg","contentUrl":"https:\/\/colegiotecnova.com.ar\/primario\/wp-content\/uploads\/2019\/09\/tecnova-logo.svg","width":1,"height":1,"caption":"Colegio Tecnova"},"image":{"@id":"https:\/\/colegiotecnova.com.ar\/primario\/#\/schema\/logo\/image\/"},"sameAs":["https:\/\/www.facebook.com\/colegiotecnova\/","https:\/\/www.instagram.com\/colegiotecnova\/"]},{"@type":"Person","@id":"https:\/\/colegiotecnova.com.ar\/primario\/#\/schema\/person\/1b427404c1707945bb15c8c7974ea5ee","name":"agenciabrandi","image":{"@type":"ImageObject","inLanguage":"es","@id":"https:\/\/colegiotecnova.com.ar\/primario\/#\/schema\/person\/image\/","url":"https:\/\/secure.gravatar.com\/avatar\/50bba42885c89b43e9fb985e0cf9c0ba84c977f0199a260067028766c51fb117?s=96&d=mm&r=g","contentUrl":"https:\/\/secure.gravatar.com\/avatar\/50bba42885c89b43e9fb985e0cf9c0ba84c977f0199a260067028766c51fb117?s=96&d=mm&r=g","caption":"agenciabrandi"},"url":"https:\/\/colegiotecnova.com.ar\/primario\/author\/agenciabrandi\/"}]}},"_links":{"self":[{"href":"https:\/\/colegiotecnova.com.ar\/primario\/wp-json\/wp\/v2\/posts\/928","targetHints":{"allow":["GET"]}}],"collection":[{"href":"https:\/\/colegiotecnova.com.ar\/primario\/wp-json\/wp\/v2\/posts"}],"about":[{"href":"https:\/\/colegiotecnova.com.ar\/primario\/wp-json\/wp\/v2\/types\/post"}],"author":[{"embeddable":true,"href":"https:\/\/colegiotecnova.com.ar\/primario\/wp-json\/wp\/v2\/users\/1"}],"replies":[{"embeddable":true,"href":"https:\/\/colegiotecnova.com.ar\/primario\/wp-json\/wp\/v2\/comments?post=928"}],"version-history":[{"count":6,"href":"https:\/\/colegiotecnova.com.ar\/primario\/wp-json\/wp\/v2\/posts\/928\/revisions"}],"predecessor-version":[{"id":938,"href":"https:\/\/colegiotecnova.com.ar\/primario\/wp-json\/wp\/v2\/posts\/928\/revisions\/938"}],"wp:featuredmedia":[{"embeddable":true,"href":"https:\/\/colegiotecnova.com.ar\/primario\/wp-json\/wp\/v2\/media\/939"}],"wp:attachment":[{"href":"https:\/\/colegiotecnova.com.ar\/primario\/wp-json\/wp\/v2\/media?parent=928"}],"wp:term":[{"taxonomy":"category","embeddable":true,"href":"https:\/\/colegiotecnova.com.ar\/primario\/wp-json\/wp\/v2\/categories?post=928"},{"taxonomy":"post_tag","embeddable":true,"href":"https:\/\/colegiotecnova.com.ar\/primario\/wp-json\/wp\/v2\/tags?post=928"}],"curies":[{"name":"wp","href":"https:\/\/api.w.org\/{rel}","templated":true}]}}