{"id":593,"date":"2020-07-16T16:52:28","date_gmt":"2020-07-16T16:52:28","guid":{"rendered":"https:\/\/colegiotecnova.com.ar\/?p=593"},"modified":"2023-05-22T17:28:32","modified_gmt":"2023-05-22T17:28:32","slug":"proyecto-literario-seguir-a-un-autor","status":"publish","type":"post","link":"https:\/\/colegiotecnova.com.ar\/primario\/proyecto-literario-seguir-a-un-autor\/","title":{"rendered":"Proyecto Literario: \u00abSeguir a un autor\u00bb"},"content":{"rendered":"\n\t<section class=\"section texto-blog\" id=\"section_1166439294\">\n\t\t<div class=\"bg section-bg fill bg-fill  bg-loaded\" >\n\n\t\t\t\n\t\t\t\n\t\t\t\n\n\t\t<\/div>\n\n\t\t\n\n\t\t<div class=\"section-content relative\">\n\t\t\t\n\n<div class=\"row\"  id=\"row-889268224\">\n\n\n\t<div id=\"col-175496159\" class=\"col medioambiente small-12 large-12\"  >\n\t\t\t\t<div class=\"col-inner\"  >\n\t\t\t\n\t\t\t\n\n<p class=\"lead\">EL MUNDO DE MAR\u00cdA ELENA WALSH<\/p>\n<p>\u00abCuando la consultaron, el Hada Fantas\u00eda dijo que Mar\u00eda Elena hab\u00eda iluminado la tierra por un tiempo que es el tiempo que conocen los hombres y que ahora deb\u00eda partir hacia otras dimensiones desconocidas para los humanos. El Hada Fantas\u00eda, cuando la consultaron, dijo que hab\u00eda venido a llevarse a Mar\u00eda Elena a para\u00edsos lejanos que est\u00e1n m\u00e1s all\u00e1 de la tierra y que s\u00f3lo conocen los personajes de los cuentos. Entonces fue que la Maga de los chicos, aquella mujer incre\u00edble que susurraba nanas en las cunas de los beb\u00e9s, la misma que dibujaba sonrisas de payasos en las caras de los ni\u00f1os y pintaba los cachetes de las mu\u00f1ecas, la que llenaba los espacios infantiles con pentagramas y Claves de sol, se fue silenciosamente de este mundo. Sali\u00f3 en puntas de pies, porque sab\u00eda que sino, los ni\u00f1os, y los beb\u00e9s, y los adultos con coraz\u00f3n de ni\u00f1o, no la iban a dejar partir&#8230;\u00bb Dora Leonor Ponce. En viaje con el hada fantas\u00eda.<\/p>\n<h4>Fundamentaci\u00f3n:<\/h4>\n<p>Seguir a un autor es una propuesta interesante para acercar a los chicos y chicas a la literatura. Promueve la profundizaci\u00f3n sobre el estilo del escritor elegido, los temas o problem\u00e1ticas recurrentes en sus historias, ambientes y personajes que se reiteran, recursos utilizados y modo de presentar y organizar el relato. En este proyecto nos sumergiremos en el mundo de Mar\u00eda Elena Walsh, escritora y cantautora c\u00e9lebre argentina. Su riqueza nos permitir\u00e1 encontrarnos desde la m\u00fasica, la expresi\u00f3n corporal, la literatura, la poes\u00eda, y ser\u00e1 disparador de m\u00faltiples actividades. Mar\u00eda Elena atraviesa todas las generaciones, y este ser\u00e1 un interesante disparador de esta unidad.<\/p>\n\t<div id=\"gap-80856512\" class=\"gap-element clearfix\" style=\"display:block; height:auto;\">\n\t\t\n<style>\n#gap-80856512 {\n  padding-top: 10px;\n}\n<\/style>\n\t<\/div>\n\t\n\n<video controls=\"\"><source src=\"\/wp-content\/uploads\/2020\/07\/maria-elena-walsh.mp4\" type=\"video\/mp4\"><\/video>\n\t<div id=\"gap-1799874649\" class=\"gap-element clearfix\" style=\"display:block; height:auto;\">\n\t\t\n<style>\n#gap-1799874649 {\n  padding-top: 10px;\n}\n<\/style>\n\t<\/div>\n\t\n\n<p class=\"hashtahgs\">#SomosTecnova #Colegio #EducacionPrimaria #Coronavirus #COVID-19 #Educacion<\/p>\n\n\t\t<\/div>\n\t\t\t\t\t<\/div>\n\n\t\n\n<\/div>\n\n\t\t<\/div>\n\n\t\t\n<style>\n#section_1166439294 {\n  padding-top: 0px;\n  padding-bottom: 0px;\n}\n<\/style>\n\t<\/section>\n\t\n","protected":false},"excerpt":{"rendered":"<p>&quot;Cuando la consultaron, el Hada Fantas\u00eda dijo que Mar\u00eda Elena hab\u00eda iluminado la tierra por un tiempo que es el tiempo que conocen los hombres y que ahora deb\u00eda partir hacia otras dimensiones desconocidas para los humanos.<\/p>\n","protected":false},"author":1,"featured_media":595,"comment_status":"closed","ping_status":"closed","sticky":false,"template":"","format":"standard","meta":{"_joinchat":[],"footnotes":""},"categories":[8],"tags":[],"class_list":["post-593","post","type-post","status-publish","format-standard","has-post-thumbnail","hentry","category-proyectos-en-el-aula"],"yoast_head":"<!-- This site is optimized with the Yoast SEO plugin v23.1 - https:\/\/yoast.com\/wordpress\/plugins\/seo\/ -->\n<title>Proyecto Literario: &quot;Seguir a un autor&quot; - Colegio Tecnova<\/title>\n<meta name=\"robots\" content=\"index, follow, max-snippet:-1, max-image-preview:large, max-video-preview:-1\" \/>\n<link rel=\"canonical\" href=\"https:\/\/colegiotecnova.com.ar\/primario\/proyecto-literario-seguir-a-un-autor\/\" \/>\n<meta property=\"og:locale\" content=\"es_ES\" \/>\n<meta property=\"og:type\" content=\"article\" \/>\n<meta property=\"og:title\" content=\"Proyecto Literario: &quot;Seguir a un autor&quot; - Colegio Tecnova\" \/>\n<meta property=\"og:description\" content=\"&quot;Cuando la consultaron, el Hada Fantas\u00eda dijo que Mar\u00eda Elena hab\u00eda iluminado la tierra por un tiempo que es el tiempo que conocen los hombres y que ahora deb\u00eda partir hacia otras dimensiones desconocidas para los humanos.\" \/>\n<meta property=\"og:url\" content=\"https:\/\/colegiotecnova.com.ar\/primario\/proyecto-literario-seguir-a-un-autor\/\" \/>\n<meta property=\"og:site_name\" content=\"Colegio Tecnova\" \/>\n<meta property=\"article:publisher\" content=\"https:\/\/www.facebook.com\/colegiotecnova\/\" \/>\n<meta property=\"article:published_time\" content=\"2020-07-16T16:52:28+00:00\" \/>\n<meta property=\"article:modified_time\" content=\"2023-05-22T17:28:32+00:00\" \/>\n<meta property=\"og:image\" content=\"https:\/\/colegiotecnova.com.ar\/primario\/wp-content\/uploads\/2020\/07\/maria-elena-walsh.jpg\" \/>\n\t<meta property=\"og:image:width\" content=\"1200\" \/>\n\t<meta property=\"og:image:height\" content=\"600\" \/>\n\t<meta property=\"og:image:type\" content=\"image\/jpeg\" \/>\n<meta name=\"author\" content=\"agenciabrandi\" \/>\n<meta name=\"twitter:card\" content=\"summary_large_image\" \/>\n<meta name=\"twitter:label1\" content=\"Escrito por\" \/>\n\t<meta name=\"twitter:data1\" content=\"agenciabrandi\" \/>\n\t<meta name=\"twitter:label2\" content=\"Tiempo de lectura\" \/>\n\t<meta name=\"twitter:data2\" content=\"2 minutos\" \/>\n<script type=\"application\/ld+json\" class=\"yoast-schema-graph\">{\"@context\":\"https:\/\/schema.org\",\"@graph\":[{\"@type\":\"Article\",\"@id\":\"https:\/\/colegiotecnova.com.ar\/primario\/proyecto-literario-seguir-a-un-autor\/#article\",\"isPartOf\":{\"@id\":\"https:\/\/colegiotecnova.com.ar\/primario\/proyecto-literario-seguir-a-un-autor\/\"},\"author\":{\"name\":\"agenciabrandi\",\"@id\":\"https:\/\/colegiotecnova.com.ar\/primario\/#\/schema\/person\/1b427404c1707945bb15c8c7974ea5ee\"},\"headline\":\"Proyecto Literario: \u00abSeguir a un autor\u00bb\",\"datePublished\":\"2020-07-16T16:52:28+00:00\",\"dateModified\":\"2023-05-22T17:28:32+00:00\",\"mainEntityOfPage\":{\"@id\":\"https:\/\/colegiotecnova.com.ar\/primario\/proyecto-literario-seguir-a-un-autor\/\"},\"wordCount\":340,\"publisher\":{\"@id\":\"https:\/\/colegiotecnova.com.ar\/primario\/#organization\"},\"image\":{\"@id\":\"https:\/\/colegiotecnova.com.ar\/primario\/proyecto-literario-seguir-a-un-autor\/#primaryimage\"},\"thumbnailUrl\":\"https:\/\/colegiotecnova.com.ar\/primario\/wp-content\/uploads\/2020\/07\/maria-elena-walsh.jpg\",\"articleSection\":[\"Proyectos en el aula\"],\"inLanguage\":\"es\"},{\"@type\":\"WebPage\",\"@id\":\"https:\/\/colegiotecnova.com.ar\/primario\/proyecto-literario-seguir-a-un-autor\/\",\"url\":\"https:\/\/colegiotecnova.com.ar\/primario\/proyecto-literario-seguir-a-un-autor\/\",\"name\":\"Proyecto Literario: \\\"Seguir a un autor\\\" - Colegio Tecnova\",\"isPartOf\":{\"@id\":\"https:\/\/colegiotecnova.com.ar\/primario\/#website\"},\"primaryImageOfPage\":{\"@id\":\"https:\/\/colegiotecnova.com.ar\/primario\/proyecto-literario-seguir-a-un-autor\/#primaryimage\"},\"image\":{\"@id\":\"https:\/\/colegiotecnova.com.ar\/primario\/proyecto-literario-seguir-a-un-autor\/#primaryimage\"},\"thumbnailUrl\":\"https:\/\/colegiotecnova.com.ar\/primario\/wp-content\/uploads\/2020\/07\/maria-elena-walsh.jpg\",\"datePublished\":\"2020-07-16T16:52:28+00:00\",\"dateModified\":\"2023-05-22T17:28:32+00:00\",\"breadcrumb\":{\"@id\":\"https:\/\/colegiotecnova.com.ar\/primario\/proyecto-literario-seguir-a-un-autor\/#breadcrumb\"},\"inLanguage\":\"es\",\"potentialAction\":[{\"@type\":\"ReadAction\",\"target\":[\"https:\/\/colegiotecnova.com.ar\/primario\/proyecto-literario-seguir-a-un-autor\/\"]}]},{\"@type\":\"ImageObject\",\"inLanguage\":\"es\",\"@id\":\"https:\/\/colegiotecnova.com.ar\/primario\/proyecto-literario-seguir-a-un-autor\/#primaryimage\",\"url\":\"https:\/\/colegiotecnova.com.ar\/primario\/wp-content\/uploads\/2020\/07\/maria-elena-walsh.jpg\",\"contentUrl\":\"https:\/\/colegiotecnova.com.ar\/primario\/wp-content\/uploads\/2020\/07\/maria-elena-walsh.jpg\",\"width\":1200,\"height\":600},{\"@type\":\"BreadcrumbList\",\"@id\":\"https:\/\/colegiotecnova.com.ar\/primario\/proyecto-literario-seguir-a-un-autor\/#breadcrumb\",\"itemListElement\":[{\"@type\":\"ListItem\",\"position\":1,\"name\":\"Portada\",\"item\":\"https:\/\/colegiotecnova.com.ar\/primario\/\"},{\"@type\":\"ListItem\",\"position\":2,\"name\":\"Proyecto Literario: \u00abSeguir a un autor\u00bb\"}]},{\"@type\":\"WebSite\",\"@id\":\"https:\/\/colegiotecnova.com.ar\/primario\/#website\",\"url\":\"https:\/\/colegiotecnova.com.ar\/primario\/\",\"name\":\"Colegio Tecnova\",\"description\":\"Ciclo Primario\",\"publisher\":{\"@id\":\"https:\/\/colegiotecnova.com.ar\/primario\/#organization\"},\"potentialAction\":[{\"@type\":\"SearchAction\",\"target\":{\"@type\":\"EntryPoint\",\"urlTemplate\":\"https:\/\/colegiotecnova.com.ar\/primario\/?s={search_term_string}\"},\"query-input\":\"required name=search_term_string\"}],\"inLanguage\":\"es\"},{\"@type\":\"Organization\",\"@id\":\"https:\/\/colegiotecnova.com.ar\/primario\/#organization\",\"name\":\"Colegio Tecnova\",\"url\":\"https:\/\/colegiotecnova.com.ar\/primario\/\",\"logo\":{\"@type\":\"ImageObject\",\"inLanguage\":\"es\",\"@id\":\"https:\/\/colegiotecnova.com.ar\/primario\/#\/schema\/logo\/image\/\",\"url\":\"https:\/\/colegiotecnova.com.ar\/primario\/wp-content\/uploads\/2019\/09\/tecnova-logo.svg\",\"contentUrl\":\"https:\/\/colegiotecnova.com.ar\/primario\/wp-content\/uploads\/2019\/09\/tecnova-logo.svg\",\"width\":1,\"height\":1,\"caption\":\"Colegio Tecnova\"},\"image\":{\"@id\":\"https:\/\/colegiotecnova.com.ar\/primario\/#\/schema\/logo\/image\/\"},\"sameAs\":[\"https:\/\/www.facebook.com\/colegiotecnova\/\",\"https:\/\/www.instagram.com\/colegiotecnova\/\"]},{\"@type\":\"Person\",\"@id\":\"https:\/\/colegiotecnova.com.ar\/primario\/#\/schema\/person\/1b427404c1707945bb15c8c7974ea5ee\",\"name\":\"agenciabrandi\",\"image\":{\"@type\":\"ImageObject\",\"inLanguage\":\"es\",\"@id\":\"https:\/\/colegiotecnova.com.ar\/primario\/#\/schema\/person\/image\/\",\"url\":\"https:\/\/secure.gravatar.com\/avatar\/50bba42885c89b43e9fb985e0cf9c0ba84c977f0199a260067028766c51fb117?s=96&d=mm&r=g\",\"contentUrl\":\"https:\/\/secure.gravatar.com\/avatar\/50bba42885c89b43e9fb985e0cf9c0ba84c977f0199a260067028766c51fb117?s=96&d=mm&r=g\",\"caption\":\"agenciabrandi\"},\"url\":\"https:\/\/colegiotecnova.com.ar\/primario\/author\/agenciabrandi\/\"}]}<\/script>\n<!-- \/ Yoast SEO plugin. -->","yoast_head_json":{"title":"Proyecto Literario: \"Seguir a un autor\" - Colegio Tecnova","robots":{"index":"index","follow":"follow","max-snippet":"max-snippet:-1","max-image-preview":"max-image-preview:large","max-video-preview":"max-video-preview:-1"},"canonical":"https:\/\/colegiotecnova.com.ar\/primario\/proyecto-literario-seguir-a-un-autor\/","og_locale":"es_ES","og_type":"article","og_title":"Proyecto Literario: \"Seguir a un autor\" - Colegio Tecnova","og_description":"&quot;Cuando la consultaron, el Hada Fantas\u00eda dijo que Mar\u00eda Elena hab\u00eda iluminado la tierra por un tiempo que es el tiempo que conocen los hombres y que ahora deb\u00eda partir hacia otras dimensiones desconocidas para los humanos.","og_url":"https:\/\/colegiotecnova.com.ar\/primario\/proyecto-literario-seguir-a-un-autor\/","og_site_name":"Colegio Tecnova","article_publisher":"https:\/\/www.facebook.com\/colegiotecnova\/","article_published_time":"2020-07-16T16:52:28+00:00","article_modified_time":"2023-05-22T17:28:32+00:00","og_image":[{"width":1200,"height":600,"url":"https:\/\/colegiotecnova.com.ar\/primario\/wp-content\/uploads\/2020\/07\/maria-elena-walsh.jpg","type":"image\/jpeg"}],"author":"agenciabrandi","twitter_card":"summary_large_image","twitter_misc":{"Escrito por":"agenciabrandi","Tiempo de lectura":"2 minutos"},"schema":{"@context":"https:\/\/schema.org","@graph":[{"@type":"Article","@id":"https:\/\/colegiotecnova.com.ar\/primario\/proyecto-literario-seguir-a-un-autor\/#article","isPartOf":{"@id":"https:\/\/colegiotecnova.com.ar\/primario\/proyecto-literario-seguir-a-un-autor\/"},"author":{"name":"agenciabrandi","@id":"https:\/\/colegiotecnova.com.ar\/primario\/#\/schema\/person\/1b427404c1707945bb15c8c7974ea5ee"},"headline":"Proyecto Literario: \u00abSeguir a un autor\u00bb","datePublished":"2020-07-16T16:52:28+00:00","dateModified":"2023-05-22T17:28:32+00:00","mainEntityOfPage":{"@id":"https:\/\/colegiotecnova.com.ar\/primario\/proyecto-literario-seguir-a-un-autor\/"},"wordCount":340,"publisher":{"@id":"https:\/\/colegiotecnova.com.ar\/primario\/#organization"},"image":{"@id":"https:\/\/colegiotecnova.com.ar\/primario\/proyecto-literario-seguir-a-un-autor\/#primaryimage"},"thumbnailUrl":"https:\/\/colegiotecnova.com.ar\/primario\/wp-content\/uploads\/2020\/07\/maria-elena-walsh.jpg","articleSection":["Proyectos en el aula"],"inLanguage":"es"},{"@type":"WebPage","@id":"https:\/\/colegiotecnova.com.ar\/primario\/proyecto-literario-seguir-a-un-autor\/","url":"https:\/\/colegiotecnova.com.ar\/primario\/proyecto-literario-seguir-a-un-autor\/","name":"Proyecto Literario: \"Seguir a un autor\" - Colegio Tecnova","isPartOf":{"@id":"https:\/\/colegiotecnova.com.ar\/primario\/#website"},"primaryImageOfPage":{"@id":"https:\/\/colegiotecnova.com.ar\/primario\/proyecto-literario-seguir-a-un-autor\/#primaryimage"},"image":{"@id":"https:\/\/colegiotecnova.com.ar\/primario\/proyecto-literario-seguir-a-un-autor\/#primaryimage"},"thumbnailUrl":"https:\/\/colegiotecnova.com.ar\/primario\/wp-content\/uploads\/2020\/07\/maria-elena-walsh.jpg","datePublished":"2020-07-16T16:52:28+00:00","dateModified":"2023-05-22T17:28:32+00:00","breadcrumb":{"@id":"https:\/\/colegiotecnova.com.ar\/primario\/proyecto-literario-seguir-a-un-autor\/#breadcrumb"},"inLanguage":"es","potentialAction":[{"@type":"ReadAction","target":["https:\/\/colegiotecnova.com.ar\/primario\/proyecto-literario-seguir-a-un-autor\/"]}]},{"@type":"ImageObject","inLanguage":"es","@id":"https:\/\/colegiotecnova.com.ar\/primario\/proyecto-literario-seguir-a-un-autor\/#primaryimage","url":"https:\/\/colegiotecnova.com.ar\/primario\/wp-content\/uploads\/2020\/07\/maria-elena-walsh.jpg","contentUrl":"https:\/\/colegiotecnova.com.ar\/primario\/wp-content\/uploads\/2020\/07\/maria-elena-walsh.jpg","width":1200,"height":600},{"@type":"BreadcrumbList","@id":"https:\/\/colegiotecnova.com.ar\/primario\/proyecto-literario-seguir-a-un-autor\/#breadcrumb","itemListElement":[{"@type":"ListItem","position":1,"name":"Portada","item":"https:\/\/colegiotecnova.com.ar\/primario\/"},{"@type":"ListItem","position":2,"name":"Proyecto Literario: \u00abSeguir a un autor\u00bb"}]},{"@type":"WebSite","@id":"https:\/\/colegiotecnova.com.ar\/primario\/#website","url":"https:\/\/colegiotecnova.com.ar\/primario\/","name":"Colegio Tecnova","description":"Ciclo Primario","publisher":{"@id":"https:\/\/colegiotecnova.com.ar\/primario\/#organization"},"potentialAction":[{"@type":"SearchAction","target":{"@type":"EntryPoint","urlTemplate":"https:\/\/colegiotecnova.com.ar\/primario\/?s={search_term_string}"},"query-input":"required name=search_term_string"}],"inLanguage":"es"},{"@type":"Organization","@id":"https:\/\/colegiotecnova.com.ar\/primario\/#organization","name":"Colegio Tecnova","url":"https:\/\/colegiotecnova.com.ar\/primario\/","logo":{"@type":"ImageObject","inLanguage":"es","@id":"https:\/\/colegiotecnova.com.ar\/primario\/#\/schema\/logo\/image\/","url":"https:\/\/colegiotecnova.com.ar\/primario\/wp-content\/uploads\/2019\/09\/tecnova-logo.svg","contentUrl":"https:\/\/colegiotecnova.com.ar\/primario\/wp-content\/uploads\/2019\/09\/tecnova-logo.svg","width":1,"height":1,"caption":"Colegio Tecnova"},"image":{"@id":"https:\/\/colegiotecnova.com.ar\/primario\/#\/schema\/logo\/image\/"},"sameAs":["https:\/\/www.facebook.com\/colegiotecnova\/","https:\/\/www.instagram.com\/colegiotecnova\/"]},{"@type":"Person","@id":"https:\/\/colegiotecnova.com.ar\/primario\/#\/schema\/person\/1b427404c1707945bb15c8c7974ea5ee","name":"agenciabrandi","image":{"@type":"ImageObject","inLanguage":"es","@id":"https:\/\/colegiotecnova.com.ar\/primario\/#\/schema\/person\/image\/","url":"https:\/\/secure.gravatar.com\/avatar\/50bba42885c89b43e9fb985e0cf9c0ba84c977f0199a260067028766c51fb117?s=96&d=mm&r=g","contentUrl":"https:\/\/secure.gravatar.com\/avatar\/50bba42885c89b43e9fb985e0cf9c0ba84c977f0199a260067028766c51fb117?s=96&d=mm&r=g","caption":"agenciabrandi"},"url":"https:\/\/colegiotecnova.com.ar\/primario\/author\/agenciabrandi\/"}]}},"_links":{"self":[{"href":"https:\/\/colegiotecnova.com.ar\/primario\/wp-json\/wp\/v2\/posts\/593","targetHints":{"allow":["GET"]}}],"collection":[{"href":"https:\/\/colegiotecnova.com.ar\/primario\/wp-json\/wp\/v2\/posts"}],"about":[{"href":"https:\/\/colegiotecnova.com.ar\/primario\/wp-json\/wp\/v2\/types\/post"}],"author":[{"embeddable":true,"href":"https:\/\/colegiotecnova.com.ar\/primario\/wp-json\/wp\/v2\/users\/1"}],"replies":[{"embeddable":true,"href":"https:\/\/colegiotecnova.com.ar\/primario\/wp-json\/wp\/v2\/comments?post=593"}],"version-history":[{"count":5,"href":"https:\/\/colegiotecnova.com.ar\/primario\/wp-json\/wp\/v2\/posts\/593\/revisions"}],"predecessor-version":[{"id":713,"href":"https:\/\/colegiotecnova.com.ar\/primario\/wp-json\/wp\/v2\/posts\/593\/revisions\/713"}],"wp:featuredmedia":[{"embeddable":true,"href":"https:\/\/colegiotecnova.com.ar\/primario\/wp-json\/wp\/v2\/media\/595"}],"wp:attachment":[{"href":"https:\/\/colegiotecnova.com.ar\/primario\/wp-json\/wp\/v2\/media?parent=593"}],"wp:term":[{"taxonomy":"category","embeddable":true,"href":"https:\/\/colegiotecnova.com.ar\/primario\/wp-json\/wp\/v2\/categories?post=593"},{"taxonomy":"post_tag","embeddable":true,"href":"https:\/\/colegiotecnova.com.ar\/primario\/wp-json\/wp\/v2\/tags?post=593"}],"curies":[{"name":"wp","href":"https:\/\/api.w.org\/{rel}","templated":true}]}}