{"id":496,"date":"2020-06-11T17:19:48","date_gmt":"2020-06-11T17:19:48","guid":{"rendered":"https:\/\/colegiotecnova.com.ar\/?p=496"},"modified":"2023-05-22T17:29:10","modified_gmt":"2023-05-22T17:29:10","slug":"entrevistas-a-familiares","status":"publish","type":"post","link":"https:\/\/colegiotecnova.com.ar\/primario\/entrevistas-a-familiares\/","title":{"rendered":"Entrevistas a familiares"},"content":{"rendered":"\t<section class=\"section texto-blog\" id=\"section_1827050934\">\n\t\t<div class=\"bg section-bg fill bg-fill  bg-loaded\" >\n\n\t\t\t\n\t\t\t\n\t\t\t\n\n\t\t<\/div>\n\n\t\t\n\n\t\t<div class=\"section-content relative\">\n\t\t\t\n<div class=\"row\"  id=\"row-318388543\">\n\n\t<div id=\"col-2076434459\" class=\"col medioambiente small-12 large-12\"  >\n\t\t\t\t<div class=\"col-inner\"  >\n\t\t\t\n\t\t\t\n<p class=\"lead\">Durante el mes de mayo hemos trabajado en el proyecto \u201c25 de Mayo: Antes y ahora\u201d donde integramos las diferentes \u00e1reas aproximando a los ni\u00f1os y ni\u00f1as a los hechos importantes que marcaron la historia de nuestro pa\u00eds.<\/p>\n<p>Con el fin de conocer detalles de c\u00f3mo se celebraba antes esta fecha tan especial para todos, se solicit\u00f3 a los y las estudiantes de 1\u00b0 y 2\u00b0 a\u00f1o que se convirtieran en entrevistadores del Colegio Tecnova y entrevistaran a un familiar que viviese con ellos o a distancia utilizando dispositivos tecnol\u00f3gicos. Propusimos esta actividad para acercar a las familias con sus adultos mayores a pesar del aislamiento, sentir que colaboramos entre todos en las tareas y nos escuchamos.<\/p>\n<p>Con el producto final pudimos conocer y comprender cambios y continuidades en base a tradiciones, juegos, bailes y comidas que a los largo de los a\u00f1os se han mantenido y otras no, valorando los acontecimientos significativos para la comunidad.<\/p>\n<p>Tambi\u00e9n hemos podido comparar los festejos de antes con los de este a\u00f1o tan especial y particular donde todos estuvimos dentro de casa, pero eso no impidi\u00f3 mantener presente nuestro amor por la Patria y reconocimiento a todos los protagonistas de ese 25 de Mayo de 1810.<\/p>\n<p><video controls=\"\"><source src=\"\/wp-content\/uploads\/2020\/06\/entrevista-martin.mp4\" type=\"video\/mp4\"><\/video><\/p>\n<p><video controls=\"\"><source src=\"\/wp-content\/uploads\/2020\/06\/entrevista-martina.mp4\" type=\"video\/mp4\"><\/video><\/p>\n<p class=\"hashtahgs\">#SomosTecnova #Colegio #EducacionPrimaria #Coronavirus #COVID-19 #Educacion<\/p>\n\t\t<\/div>\n\t\t\t\t\t<\/div>\n\n\t\n<\/div>\n\t\t<\/div>\n\n\t\t\n<style>\n#section_1827050934 {\n  padding-top: 0px;\n  padding-bottom: 0px;\n}\n<\/style>\n\t<\/section>\n\t\n","protected":false},"excerpt":{"rendered":"<p>Durante el mes de mayo hemos trabajado en el proyecto \u201c25 de Mayo: Antes y ahora\u201d donde integramos las diferentes \u00e1reas aproximando a los ni\u00f1os y ni\u00f1as a los hechos importantes que marcaron la historia de nuestro pa\u00eds.<\/p>\n","protected":false},"author":1,"featured_media":500,"comment_status":"closed","ping_status":"closed","sticky":false,"template":"","format":"standard","meta":{"_joinchat":[],"footnotes":""},"categories":[3],"tags":[],"class_list":["post-496","post","type-post","status-publish","format-standard","has-post-thumbnail","hentry","category-tips"],"yoast_head":"<!-- This site is optimized with the Yoast SEO plugin v23.1 - https:\/\/yoast.com\/wordpress\/plugins\/seo\/ -->\n<title>Entrevistas a familiares - Colegio Tecnova<\/title>\n<meta name=\"robots\" content=\"index, follow, max-snippet:-1, max-image-preview:large, max-video-preview:-1\" \/>\n<link rel=\"canonical\" href=\"https:\/\/colegiotecnova.com.ar\/primario\/entrevistas-a-familiares\/\" \/>\n<meta property=\"og:locale\" content=\"es_ES\" \/>\n<meta property=\"og:type\" content=\"article\" \/>\n<meta property=\"og:title\" content=\"Entrevistas a familiares - Colegio Tecnova\" \/>\n<meta property=\"og:description\" content=\"Durante el mes de mayo hemos trabajado en el proyecto \u201c25 de Mayo: Antes y ahora\u201d donde integramos las diferentes \u00e1reas aproximando a los ni\u00f1os y ni\u00f1as a los hechos importantes que marcaron la historia de nuestro pa\u00eds.\" \/>\n<meta property=\"og:url\" content=\"https:\/\/colegiotecnova.com.ar\/primario\/entrevistas-a-familiares\/\" \/>\n<meta property=\"og:site_name\" content=\"Colegio Tecnova\" \/>\n<meta property=\"article:publisher\" content=\"https:\/\/www.facebook.com\/colegiotecnova\/\" \/>\n<meta property=\"article:published_time\" content=\"2020-06-11T17:19:48+00:00\" \/>\n<meta property=\"article:modified_time\" content=\"2023-05-22T17:29:10+00:00\" \/>\n<meta property=\"og:image\" content=\"https:\/\/colegiotecnova.com.ar\/primario\/wp-content\/uploads\/2020\/06\/tecnovablog-1.jpg\" \/>\n\t<meta property=\"og:image:width\" content=\"1200\" \/>\n\t<meta property=\"og:image:height\" content=\"600\" \/>\n\t<meta property=\"og:image:type\" content=\"image\/jpeg\" \/>\n<meta name=\"author\" content=\"agenciabrandi\" \/>\n<meta name=\"twitter:card\" content=\"summary_large_image\" \/>\n<meta name=\"twitter:label1\" content=\"Escrito por\" \/>\n\t<meta name=\"twitter:data1\" content=\"agenciabrandi\" \/>\n\t<meta name=\"twitter:label2\" content=\"Tiempo de lectura\" \/>\n\t<meta name=\"twitter:data2\" content=\"1 minuto\" \/>\n<script type=\"application\/ld+json\" class=\"yoast-schema-graph\">{\"@context\":\"https:\/\/schema.org\",\"@graph\":[{\"@type\":\"Article\",\"@id\":\"https:\/\/colegiotecnova.com.ar\/primario\/entrevistas-a-familiares\/#article\",\"isPartOf\":{\"@id\":\"https:\/\/colegiotecnova.com.ar\/primario\/entrevistas-a-familiares\/\"},\"author\":{\"name\":\"agenciabrandi\",\"@id\":\"https:\/\/colegiotecnova.com.ar\/primario\/#\/schema\/person\/1b427404c1707945bb15c8c7974ea5ee\"},\"headline\":\"Entrevistas a familiares\",\"datePublished\":\"2020-06-11T17:19:48+00:00\",\"dateModified\":\"2023-05-22T17:29:10+00:00\",\"mainEntityOfPage\":{\"@id\":\"https:\/\/colegiotecnova.com.ar\/primario\/entrevistas-a-familiares\/\"},\"wordCount\":230,\"publisher\":{\"@id\":\"https:\/\/colegiotecnova.com.ar\/primario\/#organization\"},\"image\":{\"@id\":\"https:\/\/colegiotecnova.com.ar\/primario\/entrevistas-a-familiares\/#primaryimage\"},\"thumbnailUrl\":\"https:\/\/colegiotecnova.com.ar\/primario\/wp-content\/uploads\/2020\/06\/tecnovablog-1.jpg\",\"articleSection\":[\"Tips\"],\"inLanguage\":\"es\"},{\"@type\":\"WebPage\",\"@id\":\"https:\/\/colegiotecnova.com.ar\/primario\/entrevistas-a-familiares\/\",\"url\":\"https:\/\/colegiotecnova.com.ar\/primario\/entrevistas-a-familiares\/\",\"name\":\"Entrevistas a familiares - Colegio Tecnova\",\"isPartOf\":{\"@id\":\"https:\/\/colegiotecnova.com.ar\/primario\/#website\"},\"primaryImageOfPage\":{\"@id\":\"https:\/\/colegiotecnova.com.ar\/primario\/entrevistas-a-familiares\/#primaryimage\"},\"image\":{\"@id\":\"https:\/\/colegiotecnova.com.ar\/primario\/entrevistas-a-familiares\/#primaryimage\"},\"thumbnailUrl\":\"https:\/\/colegiotecnova.com.ar\/primario\/wp-content\/uploads\/2020\/06\/tecnovablog-1.jpg\",\"datePublished\":\"2020-06-11T17:19:48+00:00\",\"dateModified\":\"2023-05-22T17:29:10+00:00\",\"breadcrumb\":{\"@id\":\"https:\/\/colegiotecnova.com.ar\/primario\/entrevistas-a-familiares\/#breadcrumb\"},\"inLanguage\":\"es\",\"potentialAction\":[{\"@type\":\"ReadAction\",\"target\":[\"https:\/\/colegiotecnova.com.ar\/primario\/entrevistas-a-familiares\/\"]}]},{\"@type\":\"ImageObject\",\"inLanguage\":\"es\",\"@id\":\"https:\/\/colegiotecnova.com.ar\/primario\/entrevistas-a-familiares\/#primaryimage\",\"url\":\"https:\/\/colegiotecnova.com.ar\/primario\/wp-content\/uploads\/2020\/06\/tecnovablog-1.jpg\",\"contentUrl\":\"https:\/\/colegiotecnova.com.ar\/primario\/wp-content\/uploads\/2020\/06\/tecnovablog-1.jpg\",\"width\":1200,\"height\":600},{\"@type\":\"BreadcrumbList\",\"@id\":\"https:\/\/colegiotecnova.com.ar\/primario\/entrevistas-a-familiares\/#breadcrumb\",\"itemListElement\":[{\"@type\":\"ListItem\",\"position\":1,\"name\":\"Portada\",\"item\":\"https:\/\/colegiotecnova.com.ar\/primario\/\"},{\"@type\":\"ListItem\",\"position\":2,\"name\":\"Entrevistas a familiares\"}]},{\"@type\":\"WebSite\",\"@id\":\"https:\/\/colegiotecnova.com.ar\/primario\/#website\",\"url\":\"https:\/\/colegiotecnova.com.ar\/primario\/\",\"name\":\"Colegio Tecnova\",\"description\":\"Ciclo Primario\",\"publisher\":{\"@id\":\"https:\/\/colegiotecnova.com.ar\/primario\/#organization\"},\"potentialAction\":[{\"@type\":\"SearchAction\",\"target\":{\"@type\":\"EntryPoint\",\"urlTemplate\":\"https:\/\/colegiotecnova.com.ar\/primario\/?s={search_term_string}\"},\"query-input\":\"required name=search_term_string\"}],\"inLanguage\":\"es\"},{\"@type\":\"Organization\",\"@id\":\"https:\/\/colegiotecnova.com.ar\/primario\/#organization\",\"name\":\"Colegio Tecnova\",\"url\":\"https:\/\/colegiotecnova.com.ar\/primario\/\",\"logo\":{\"@type\":\"ImageObject\",\"inLanguage\":\"es\",\"@id\":\"https:\/\/colegiotecnova.com.ar\/primario\/#\/schema\/logo\/image\/\",\"url\":\"https:\/\/colegiotecnova.com.ar\/primario\/wp-content\/uploads\/2019\/09\/tecnova-logo.svg\",\"contentUrl\":\"https:\/\/colegiotecnova.com.ar\/primario\/wp-content\/uploads\/2019\/09\/tecnova-logo.svg\",\"width\":1,\"height\":1,\"caption\":\"Colegio Tecnova\"},\"image\":{\"@id\":\"https:\/\/colegiotecnova.com.ar\/primario\/#\/schema\/logo\/image\/\"},\"sameAs\":[\"https:\/\/www.facebook.com\/colegiotecnova\/\",\"https:\/\/www.instagram.com\/colegiotecnova\/\"]},{\"@type\":\"Person\",\"@id\":\"https:\/\/colegiotecnova.com.ar\/primario\/#\/schema\/person\/1b427404c1707945bb15c8c7974ea5ee\",\"name\":\"agenciabrandi\",\"image\":{\"@type\":\"ImageObject\",\"inLanguage\":\"es\",\"@id\":\"https:\/\/colegiotecnova.com.ar\/primario\/#\/schema\/person\/image\/\",\"url\":\"https:\/\/secure.gravatar.com\/avatar\/50bba42885c89b43e9fb985e0cf9c0ba84c977f0199a260067028766c51fb117?s=96&d=mm&r=g\",\"contentUrl\":\"https:\/\/secure.gravatar.com\/avatar\/50bba42885c89b43e9fb985e0cf9c0ba84c977f0199a260067028766c51fb117?s=96&d=mm&r=g\",\"caption\":\"agenciabrandi\"},\"url\":\"https:\/\/colegiotecnova.com.ar\/primario\/author\/agenciabrandi\/\"}]}<\/script>\n<!-- \/ Yoast SEO plugin. -->","yoast_head_json":{"title":"Entrevistas a familiares - Colegio Tecnova","robots":{"index":"index","follow":"follow","max-snippet":"max-snippet:-1","max-image-preview":"max-image-preview:large","max-video-preview":"max-video-preview:-1"},"canonical":"https:\/\/colegiotecnova.com.ar\/primario\/entrevistas-a-familiares\/","og_locale":"es_ES","og_type":"article","og_title":"Entrevistas a familiares - Colegio Tecnova","og_description":"Durante el mes de mayo hemos trabajado en el proyecto \u201c25 de Mayo: Antes y ahora\u201d donde integramos las diferentes \u00e1reas aproximando a los ni\u00f1os y ni\u00f1as a los hechos importantes que marcaron la historia de nuestro pa\u00eds.","og_url":"https:\/\/colegiotecnova.com.ar\/primario\/entrevistas-a-familiares\/","og_site_name":"Colegio Tecnova","article_publisher":"https:\/\/www.facebook.com\/colegiotecnova\/","article_published_time":"2020-06-11T17:19:48+00:00","article_modified_time":"2023-05-22T17:29:10+00:00","og_image":[{"width":1200,"height":600,"url":"https:\/\/colegiotecnova.com.ar\/primario\/wp-content\/uploads\/2020\/06\/tecnovablog-1.jpg","type":"image\/jpeg"}],"author":"agenciabrandi","twitter_card":"summary_large_image","twitter_misc":{"Escrito por":"agenciabrandi","Tiempo de lectura":"1 minuto"},"schema":{"@context":"https:\/\/schema.org","@graph":[{"@type":"Article","@id":"https:\/\/colegiotecnova.com.ar\/primario\/entrevistas-a-familiares\/#article","isPartOf":{"@id":"https:\/\/colegiotecnova.com.ar\/primario\/entrevistas-a-familiares\/"},"author":{"name":"agenciabrandi","@id":"https:\/\/colegiotecnova.com.ar\/primario\/#\/schema\/person\/1b427404c1707945bb15c8c7974ea5ee"},"headline":"Entrevistas a familiares","datePublished":"2020-06-11T17:19:48+00:00","dateModified":"2023-05-22T17:29:10+00:00","mainEntityOfPage":{"@id":"https:\/\/colegiotecnova.com.ar\/primario\/entrevistas-a-familiares\/"},"wordCount":230,"publisher":{"@id":"https:\/\/colegiotecnova.com.ar\/primario\/#organization"},"image":{"@id":"https:\/\/colegiotecnova.com.ar\/primario\/entrevistas-a-familiares\/#primaryimage"},"thumbnailUrl":"https:\/\/colegiotecnova.com.ar\/primario\/wp-content\/uploads\/2020\/06\/tecnovablog-1.jpg","articleSection":["Tips"],"inLanguage":"es"},{"@type":"WebPage","@id":"https:\/\/colegiotecnova.com.ar\/primario\/entrevistas-a-familiares\/","url":"https:\/\/colegiotecnova.com.ar\/primario\/entrevistas-a-familiares\/","name":"Entrevistas a familiares - Colegio Tecnova","isPartOf":{"@id":"https:\/\/colegiotecnova.com.ar\/primario\/#website"},"primaryImageOfPage":{"@id":"https:\/\/colegiotecnova.com.ar\/primario\/entrevistas-a-familiares\/#primaryimage"},"image":{"@id":"https:\/\/colegiotecnova.com.ar\/primario\/entrevistas-a-familiares\/#primaryimage"},"thumbnailUrl":"https:\/\/colegiotecnova.com.ar\/primario\/wp-content\/uploads\/2020\/06\/tecnovablog-1.jpg","datePublished":"2020-06-11T17:19:48+00:00","dateModified":"2023-05-22T17:29:10+00:00","breadcrumb":{"@id":"https:\/\/colegiotecnova.com.ar\/primario\/entrevistas-a-familiares\/#breadcrumb"},"inLanguage":"es","potentialAction":[{"@type":"ReadAction","target":["https:\/\/colegiotecnova.com.ar\/primario\/entrevistas-a-familiares\/"]}]},{"@type":"ImageObject","inLanguage":"es","@id":"https:\/\/colegiotecnova.com.ar\/primario\/entrevistas-a-familiares\/#primaryimage","url":"https:\/\/colegiotecnova.com.ar\/primario\/wp-content\/uploads\/2020\/06\/tecnovablog-1.jpg","contentUrl":"https:\/\/colegiotecnova.com.ar\/primario\/wp-content\/uploads\/2020\/06\/tecnovablog-1.jpg","width":1200,"height":600},{"@type":"BreadcrumbList","@id":"https:\/\/colegiotecnova.com.ar\/primario\/entrevistas-a-familiares\/#breadcrumb","itemListElement":[{"@type":"ListItem","position":1,"name":"Portada","item":"https:\/\/colegiotecnova.com.ar\/primario\/"},{"@type":"ListItem","position":2,"name":"Entrevistas a familiares"}]},{"@type":"WebSite","@id":"https:\/\/colegiotecnova.com.ar\/primario\/#website","url":"https:\/\/colegiotecnova.com.ar\/primario\/","name":"Colegio Tecnova","description":"Ciclo Primario","publisher":{"@id":"https:\/\/colegiotecnova.com.ar\/primario\/#organization"},"potentialAction":[{"@type":"SearchAction","target":{"@type":"EntryPoint","urlTemplate":"https:\/\/colegiotecnova.com.ar\/primario\/?s={search_term_string}"},"query-input":"required name=search_term_string"}],"inLanguage":"es"},{"@type":"Organization","@id":"https:\/\/colegiotecnova.com.ar\/primario\/#organization","name":"Colegio Tecnova","url":"https:\/\/colegiotecnova.com.ar\/primario\/","logo":{"@type":"ImageObject","inLanguage":"es","@id":"https:\/\/colegiotecnova.com.ar\/primario\/#\/schema\/logo\/image\/","url":"https:\/\/colegiotecnova.com.ar\/primario\/wp-content\/uploads\/2019\/09\/tecnova-logo.svg","contentUrl":"https:\/\/colegiotecnova.com.ar\/primario\/wp-content\/uploads\/2019\/09\/tecnova-logo.svg","width":1,"height":1,"caption":"Colegio Tecnova"},"image":{"@id":"https:\/\/colegiotecnova.com.ar\/primario\/#\/schema\/logo\/image\/"},"sameAs":["https:\/\/www.facebook.com\/colegiotecnova\/","https:\/\/www.instagram.com\/colegiotecnova\/"]},{"@type":"Person","@id":"https:\/\/colegiotecnova.com.ar\/primario\/#\/schema\/person\/1b427404c1707945bb15c8c7974ea5ee","name":"agenciabrandi","image":{"@type":"ImageObject","inLanguage":"es","@id":"https:\/\/colegiotecnova.com.ar\/primario\/#\/schema\/person\/image\/","url":"https:\/\/secure.gravatar.com\/avatar\/50bba42885c89b43e9fb985e0cf9c0ba84c977f0199a260067028766c51fb117?s=96&d=mm&r=g","contentUrl":"https:\/\/secure.gravatar.com\/avatar\/50bba42885c89b43e9fb985e0cf9c0ba84c977f0199a260067028766c51fb117?s=96&d=mm&r=g","caption":"agenciabrandi"},"url":"https:\/\/colegiotecnova.com.ar\/primario\/author\/agenciabrandi\/"}]}},"_links":{"self":[{"href":"https:\/\/colegiotecnova.com.ar\/primario\/wp-json\/wp\/v2\/posts\/496","targetHints":{"allow":["GET"]}}],"collection":[{"href":"https:\/\/colegiotecnova.com.ar\/primario\/wp-json\/wp\/v2\/posts"}],"about":[{"href":"https:\/\/colegiotecnova.com.ar\/primario\/wp-json\/wp\/v2\/types\/post"}],"author":[{"embeddable":true,"href":"https:\/\/colegiotecnova.com.ar\/primario\/wp-json\/wp\/v2\/users\/1"}],"replies":[{"embeddable":true,"href":"https:\/\/colegiotecnova.com.ar\/primario\/wp-json\/wp\/v2\/comments?post=496"}],"version-history":[{"count":2,"href":"https:\/\/colegiotecnova.com.ar\/primario\/wp-json\/wp\/v2\/posts\/496\/revisions"}],"predecessor-version":[{"id":709,"href":"https:\/\/colegiotecnova.com.ar\/primario\/wp-json\/wp\/v2\/posts\/496\/revisions\/709"}],"wp:featuredmedia":[{"embeddable":true,"href":"https:\/\/colegiotecnova.com.ar\/primario\/wp-json\/wp\/v2\/media\/500"}],"wp:attachment":[{"href":"https:\/\/colegiotecnova.com.ar\/primario\/wp-json\/wp\/v2\/media?parent=496"}],"wp:term":[{"taxonomy":"category","embeddable":true,"href":"https:\/\/colegiotecnova.com.ar\/primario\/wp-json\/wp\/v2\/categories?post=496"},{"taxonomy":"post_tag","embeddable":true,"href":"https:\/\/colegiotecnova.com.ar\/primario\/wp-json\/wp\/v2\/tags?post=496"}],"curies":[{"name":"wp","href":"https:\/\/api.w.org\/{rel}","templated":true}]}}