{"id":475,"date":"2020-06-05T16:59:23","date_gmt":"2020-06-05T16:59:23","guid":{"rendered":"https:\/\/colegiotecnova.com.ar\/?p=475"},"modified":"2023-05-22T17:29:10","modified_gmt":"2023-05-22T17:29:10","slug":"dia-mundial-del-medio-ambiente-como-realizar-un-huerto-en-casa","status":"publish","type":"post","link":"https:\/\/colegiotecnova.com.ar\/primario\/dia-mundial-del-medio-ambiente-como-realizar-un-huerto-en-casa\/","title":{"rendered":"D\u00eda Mundial del Medio Ambiente \u00bfC\u00f3mo realizar un huerto en casa?"},"content":{"rendered":"\n\t<section class=\"section texto-blog\" id=\"section_1655161537\">\n\t\t<div class=\"bg section-bg fill bg-fill  bg-loaded\" >\n\n\t\t\t\n\t\t\t\n\t\t\t\n\n\t\t<\/div>\n\n\t\t\n\n\t\t<div class=\"section-content relative\">\n\t\t\t\n\n<div class=\"row\"  id=\"row-218037966\">\n\n\n\t<div id=\"col-1072922007\" class=\"col medioambiente small-12 large-12\"  >\n\t\t\t\t<div class=\"col-inner\"  >\n\t\t\t\n\t\t\t\n\n<p class=\"lead\">Hoy te proponemos emprender un proyecto para compartir con toda la familia, que te dar\u00e1 grandes satisfacciones y aportar\u00e1 alegr\u00eda y color a tu balc\u00f3n o al espacio que quieras destinarle: armar tu propio huerto urbano desde cero.<\/p>\n<h4>Primeros pasos<\/h4>\n<p>Lo primero que debemos hacer antes de empezar a montar nuestro huerto en casa es decidir qu\u00e9 espacio le asignaremos. Esto es sumamente importante, ya que determinar\u00e1 en gran medida el \u00e9xito o el fracaso de nuestro proyecto. Para ello debes tener en cuenta algunas consideraciones:<\/p>\n<ol>\n<li>Debe ser un lugar soleado, que cuente con luz natural el m\u00e1ximo de horas posibles al d\u00eda (no hace falta que sea luz directa, pero s\u00ed que reciba la cantidad suficiente para alimentar las plantas que crezcan en \u00e9l).<\/li>\n<li>Tienes que contar con una toma de agua cercana. Aunque esto no es del todo imprescindible, te ahorrar\u00e1 tiempo y esfuerzos a la hora de regar.<\/li>\n<li>Es importante que el suelo cuente con un buen sistema de drenaje y que canalice el agua sobrante hacia un desag\u00fce o salida de agua. Si instalas tu huerto en una galer\u00eda o un espacio interior (ojo, recuerda: debe contar con la suficiente luz natural), puedes compensar la ausencia de desag\u00fces instalando bandejas que recojan el agua de riego sobrante.<\/li>\n<li>Ten en cuenta que el espacio que ocupar\u00e1 el huerto se ensuciar\u00e1 con facilidad (trasplantes, podas, riegos&#8230;). Toma las medidas que creas oportunas para que esto no represente un problema a\u00f1adido (puedes delimitar el espacio colindante con tiestos u otros elementos decorativos y as\u00ed te ahorrar\u00e1s muchos quebraderos de cabeza en el futuro).<\/li>\n<\/ol>\n<p>Una vez decidido d\u00f3nde vas a emplazar tu huerto, ya puedes ponerte manos a la obra. Toma aire, re\u00fane a los de casa y prep\u00e1rate para empezar esta peque\u00f1a aventura, tan saludable y pedag\u00f3gica como ecol\u00f3gica y sostenible.<br \/> Primero, deber\u00e1s elegir el material que m\u00e1s te convenga para construir el soporte o las macetas. Escoge el que m\u00e1s te satisfaga o el que tengas m\u00e1s a mano.<br \/>\nTe recomendamos encarecidamente que no compres nada que no sea estrictamente imprescindible: la vida crece incluso en los rincones m\u00e1s impensables si encuentra las condiciones necesarias para hacerlo. Puedes dar nuevos usos a casi cualquier objeto que tengas por casa sin utilizar o medio abandonado <br \/>\nEn funci\u00f3n del espacio del que dispongas, puedes montar dos tipos de huerto:<\/p>\n<ol>\n<li>Horizontal: con macetas colocadas una al lado de otra, como si se tratara de plantas ornamentales o flores.<\/li>\n<li>Vertical: en distintos pisos. Esta modalidad de huerto, adem\u00e1s de ahorrar espacio, te permitir\u00e1 trabajar con mayor comodidad.<\/li>\n<\/ol>\n<h4>Construir un huerto en casa con materiales reciclados<\/h4>\n<p>Para hac\u00e9rtelo a\u00fan m\u00e1s f\u00e1cil, te proponemos algunas ideas para que montes tu huerto sobre soportes construidos con materiales reciclados:<\/p>\n<ol>\n<li>Cajoneras y armarios viejos, rotos o en desuso tambi\u00e9n pueden servir de plataforma para construir un huerto urbano vertical. Si son de madera, recuerda forrar los cajones con bolsas de pl\u00e1stico antes de introducir la tierra, y procura guardar distancia entre ellos para que penetre la luz.<\/li>\n<li>Puedes construir macetas con garrafas y botellas de pl\u00e1stico vac\u00edas.<\/li>\n<li>Puedes usar peque\u00f1as cajas de madera, de las que se usan para transportar fruta y que normalmente se tiran tras usarlas una sola vez. En tu fruter\u00eda habitual te podr\u00e1n dar las que necesites totalmente gratis. Estas cajas son perfectas para montar un huerto en casa: las podr\u00e1s mover c\u00f3modamente, colocarlas unas encima de otras o disponerlas como te m\u00e1s te convenga montando m\u00f3dulos y separando las distintas especies de plantas.<\/li>\n<li>Si tienes espacio suficiente, puedes usar pal\u00e9s de madera, de los que se usan para el transporte y que se tiran cuando est\u00e1n rotos o magullados. Los palets ofrecen las medidas ideales para que crezcan todo tipo de plantas en su interior.<\/li>\n<li>Tambien puedes tubos de carton para realizar peque\u00f1as macetas para cultivar hiervas o especias.<\/li>\n<\/ol>\n<p>Hecho esto, solo tendr\u00e1s que rellenar de tierra las macetas, los cajones o las cajas que hayas elegido y plantar tus semillas, esquejes o brotes a placer.<\/p>\n<h4>\u00daltimos pasos: elegir la tierra y las semillas<\/h4>\n<p>La tierra que m\u00e1s le conviene a un huerto urbano es la que encuentras en cualquier campo labrado. Si tiene un alto contenido de arena o arcilla, lo mejor es mezclarla con sustrato para plantas, que es el t\u00edpico que encontramos en cualquier vivero.<br \/>\nEl compost obtenido con el reciclaje de materia org\u00e1nica es perfecto para ello, aporta los nutrientes necesarios para que las plantas crezcan sanas y vigorosas, y adem\u00e1s te da la opci\u00f3n de reciclar los residuos org\u00e1nicos generados en tu hogar. Puedes instalar un peque\u00f1o caj\u00f3n supletorio para hacerlo. Te invitamos a visitar nuestro posteo anterior acerca del compost.<\/p>\n<ol>\n<li>Elige plantas de temporada: ahorrar\u00e1s recursos (agua, luz&#8230;) y contribuir\u00e1s a mejorar la salud de tu huerto.<\/li>\n<li>Combina distintos tipos de plantas: arom\u00e1ticas, flores&#8230; junto a hortalizas y verduras. Algunas de ellas son repelentes naturales de plagas y hongos que perjudican a tu huerto.<\/li>\n<li>Crea tus propios planteles: puedes usar hueveras vac\u00edas para hacer crecer tus semillas con algo de papel h\u00famedo o tierra esponjosa, y trasplantarlas luego a su lugar definitivo.<\/li>\n<\/ol>\n<p>Te compartimos algunas imagenes de como cultivar distintas verduras que consumimos a diario.<\/p>\n\n  \n    <div class=\"row large-columns-4 medium-columns-3 small-columns-2\" >\n  <div class=\"gallery-col col\" >\n          <div class=\"col-inner\">\n            <a class=\"image-lightbox lightbox-gallery\" href=\"https:\/\/colegiotecnova.com.ar\/primario\/wp-content\/uploads\/2020\/06\/galeria-1.jpg\" title=\"\">            <div class=\"box has-hover gallery-box box-none\">\n              <div class=\"box-image\" >\n                <img loading=\"lazy\" decoding=\"async\" width=\"289\" height=\"490\" src=\"https:\/\/colegiotecnova.com.ar\/primario\/wp-content\/uploads\/2020\/06\/galeria-1.jpg\" class=\"attachment-original size-original\" alt=\"\" ids=\"480,486,482,483,484,485,481,487\" style=\"none\" columns__sm=\"2\" columns__md=\"3\" image_size=\"original\" \/>                                                              <\/div>\n              <div class=\"box-text text-left\" >\n                 <p><\/p>\n              <\/div>\n            <\/div>\n            <\/a>          <\/div>\n         <\/div><div class=\"gallery-col col\" >\n          <div class=\"col-inner\">\n            <a class=\"image-lightbox lightbox-gallery\" href=\"https:\/\/colegiotecnova.com.ar\/primario\/wp-content\/uploads\/2020\/06\/galeria-7.jpg\" title=\"\">            <div class=\"box has-hover gallery-box box-none\">\n              <div class=\"box-image\" >\n                <img loading=\"lazy\" decoding=\"async\" width=\"563\" height=\"911\" src=\"https:\/\/colegiotecnova.com.ar\/primario\/wp-content\/uploads\/2020\/06\/galeria-7.jpg\" class=\"attachment-original size-original\" alt=\"\" ids=\"480,486,482,483,484,485,481,487\" style=\"none\" columns__sm=\"2\" columns__md=\"3\" image_size=\"original\" \/>                                                              <\/div>\n              <div class=\"box-text text-left\" >\n                 <p><\/p>\n              <\/div>\n            <\/div>\n            <\/a>          <\/div>\n         <\/div><div class=\"gallery-col col\" >\n          <div class=\"col-inner\">\n            <a class=\"image-lightbox lightbox-gallery\" href=\"https:\/\/colegiotecnova.com.ar\/primario\/wp-content\/uploads\/2020\/06\/galeria-3.jpg\" title=\"\">            <div class=\"box has-hover gallery-box box-none\">\n              <div class=\"box-image\" >\n                <img loading=\"lazy\" decoding=\"async\" width=\"563\" height=\"1000\" src=\"https:\/\/colegiotecnova.com.ar\/primario\/wp-content\/uploads\/2020\/06\/galeria-3.jpg\" class=\"attachment-original size-original\" alt=\"\" ids=\"480,486,482,483,484,485,481,487\" style=\"none\" columns__sm=\"2\" columns__md=\"3\" image_size=\"original\" \/>                                                              <\/div>\n              <div class=\"box-text text-left\" >\n                 <p><\/p>\n              <\/div>\n            <\/div>\n            <\/a>          <\/div>\n         <\/div><div class=\"gallery-col col\" >\n          <div class=\"col-inner\">\n            <a class=\"image-lightbox lightbox-gallery\" href=\"https:\/\/colegiotecnova.com.ar\/primario\/wp-content\/uploads\/2020\/06\/galeria-4.jpg\" title=\"\">            <div class=\"box has-hover gallery-box box-none\">\n              <div class=\"box-image\" >\n                <img loading=\"lazy\" decoding=\"async\" width=\"564\" height=\"987\" src=\"https:\/\/colegiotecnova.com.ar\/primario\/wp-content\/uploads\/2020\/06\/galeria-4.jpg\" class=\"attachment-original size-original\" alt=\"\" ids=\"480,486,482,483,484,485,481,487\" style=\"none\" columns__sm=\"2\" columns__md=\"3\" image_size=\"original\" \/>                                                              <\/div>\n              <div class=\"box-text text-left\" >\n                 <p><\/p>\n              <\/div>\n            <\/div>\n            <\/a>          <\/div>\n         <\/div><div class=\"gallery-col col\" >\n          <div class=\"col-inner\">\n            <a class=\"image-lightbox lightbox-gallery\" href=\"https:\/\/colegiotecnova.com.ar\/primario\/wp-content\/uploads\/2020\/06\/galeria-5.jpg\" title=\"\">            <div class=\"box has-hover gallery-box box-none\">\n              <div class=\"box-image\" >\n                <img loading=\"lazy\" decoding=\"async\" width=\"564\" height=\"661\" src=\"https:\/\/colegiotecnova.com.ar\/primario\/wp-content\/uploads\/2020\/06\/galeria-5.jpg\" class=\"attachment-original size-original\" alt=\"\" ids=\"480,486,482,483,484,485,481,487\" style=\"none\" columns__sm=\"2\" columns__md=\"3\" image_size=\"original\" \/>                                                              <\/div>\n              <div class=\"box-text text-left\" >\n                 <p><\/p>\n              <\/div>\n            <\/div>\n            <\/a>          <\/div>\n         <\/div><div class=\"gallery-col col\" >\n          <div class=\"col-inner\">\n            <a class=\"image-lightbox lightbox-gallery\" href=\"https:\/\/colegiotecnova.com.ar\/primario\/wp-content\/uploads\/2020\/06\/galeria-6.jpg\" title=\"\">            <div class=\"box has-hover gallery-box box-none\">\n              <div class=\"box-image\" >\n                <img loading=\"lazy\" decoding=\"async\" width=\"564\" height=\"954\" src=\"https:\/\/colegiotecnova.com.ar\/primario\/wp-content\/uploads\/2020\/06\/galeria-6.jpg\" class=\"attachment-original size-original\" alt=\"\" ids=\"480,486,482,483,484,485,481,487\" style=\"none\" columns__sm=\"2\" columns__md=\"3\" image_size=\"original\" \/>                                                              <\/div>\n              <div class=\"box-text text-left\" >\n                 <p><\/p>\n              <\/div>\n            <\/div>\n            <\/a>          <\/div>\n         <\/div><div class=\"gallery-col col\" >\n          <div class=\"col-inner\">\n            <a class=\"image-lightbox lightbox-gallery\" href=\"https:\/\/colegiotecnova.com.ar\/primario\/wp-content\/uploads\/2020\/06\/galeria-2.jpg\" title=\"\">            <div class=\"box has-hover gallery-box box-none\">\n              <div class=\"box-image\" >\n                <img loading=\"lazy\" decoding=\"async\" width=\"236\" height=\"464\" src=\"https:\/\/colegiotecnova.com.ar\/primario\/wp-content\/uploads\/2020\/06\/galeria-2.jpg\" class=\"attachment-original size-original\" alt=\"\" ids=\"480,486,482,483,484,485,481,487\" style=\"none\" columns__sm=\"2\" columns__md=\"3\" image_size=\"original\" \/>                                                              <\/div>\n              <div class=\"box-text text-left\" >\n                 <p><\/p>\n              <\/div>\n            <\/div>\n            <\/a>          <\/div>\n         <\/div><div class=\"gallery-col col\" >\n          <div class=\"col-inner\">\n            <a class=\"image-lightbox lightbox-gallery\" href=\"https:\/\/colegiotecnova.com.ar\/primario\/wp-content\/uploads\/2020\/06\/galeria-8.jpg\" title=\"\">            <div class=\"box has-hover gallery-box box-none\">\n              <div class=\"box-image\" >\n                <img loading=\"lazy\" decoding=\"async\" width=\"290\" height=\"514\" src=\"https:\/\/colegiotecnova.com.ar\/primario\/wp-content\/uploads\/2020\/06\/galeria-8.jpg\" class=\"attachment-original size-original\" alt=\"\" ids=\"480,486,482,483,484,485,481,487\" style=\"none\" columns__sm=\"2\" columns__md=\"3\" image_size=\"original\" \/>                                                              <\/div>\n              <div class=\"box-text text-left\" >\n                 <p><\/p>\n              <\/div>\n            <\/div>\n            <\/a>          <\/div>\n         <\/div><\/div>\n\n<p class=\"hashtahgs\">#SomosTecnova #Colegio #EducacionPrimaria #Coronavirus #COVID-19 #Educacion<\/p>\n\n\t\t<\/div>\n\t\t\t\t\t<\/div>\n\n\t\n\n<\/div>\n\n\t\t<\/div>\n\n\t\t\n<style>\n#section_1655161537 {\n  padding-top: 0px;\n  padding-bottom: 0px;\n}\n<\/style>\n\t<\/section>\n\t\n\n","protected":false},"excerpt":{"rendered":"<p>Hoy te proponemos emprender un proyecto para compartir con toda la familia, que te dar\u00e1 grandes satisfacciones y aportar\u00e1 alegr\u00eda y color a tu balc\u00f3n o al espacio que quieras destinarle: armar tu propio huerto urbano desde cero.<\/p>\n","protected":false},"author":1,"featured_media":477,"comment_status":"closed","ping_status":"closed","sticky":false,"template":"","format":"standard","meta":{"_joinchat":[],"footnotes":""},"categories":[3],"tags":[],"class_list":["post-475","post","type-post","status-publish","format-standard","has-post-thumbnail","hentry","category-tips"],"yoast_head":"<!-- This site is optimized with the Yoast SEO plugin v23.1 - https:\/\/yoast.com\/wordpress\/plugins\/seo\/ -->\n<title>D\u00eda Mundial del Medio Ambiente \u00bfC\u00f3mo realizar un huerto en casa? - Colegio Tecnova<\/title>\n<meta name=\"robots\" content=\"index, follow, max-snippet:-1, max-image-preview:large, max-video-preview:-1\" \/>\n<link rel=\"canonical\" href=\"https:\/\/colegiotecnova.com.ar\/primario\/dia-mundial-del-medio-ambiente-como-realizar-un-huerto-en-casa\/\" \/>\n<meta property=\"og:locale\" content=\"es_ES\" \/>\n<meta property=\"og:type\" content=\"article\" \/>\n<meta property=\"og:title\" content=\"D\u00eda Mundial del Medio Ambiente \u00bfC\u00f3mo realizar un huerto en casa? - Colegio Tecnova\" \/>\n<meta property=\"og:description\" content=\"Hoy te proponemos emprender un proyecto para compartir con toda la familia, que te dar\u00e1 grandes satisfacciones y aportar\u00e1 alegr\u00eda y color a tu balc\u00f3n o al espacio que quieras destinarle: armar tu propio huerto urbano desde cero.\" \/>\n<meta property=\"og:url\" content=\"https:\/\/colegiotecnova.com.ar\/primario\/dia-mundial-del-medio-ambiente-como-realizar-un-huerto-en-casa\/\" \/>\n<meta property=\"og:site_name\" content=\"Colegio Tecnova\" \/>\n<meta property=\"article:publisher\" content=\"https:\/\/www.facebook.com\/colegiotecnova\/\" \/>\n<meta property=\"article:published_time\" content=\"2020-06-05T16:59:23+00:00\" \/>\n<meta property=\"article:modified_time\" content=\"2023-05-22T17:29:10+00:00\" \/>\n<meta property=\"og:image\" content=\"https:\/\/colegiotecnova.com.ar\/primario\/wp-content\/uploads\/2020\/06\/tecnovablog.jpg\" \/>\n\t<meta property=\"og:image:width\" content=\"1200\" \/>\n\t<meta property=\"og:image:height\" content=\"600\" \/>\n\t<meta property=\"og:image:type\" content=\"image\/jpeg\" \/>\n<meta name=\"author\" content=\"agenciabrandi\" \/>\n<meta name=\"twitter:card\" content=\"summary_large_image\" \/>\n<meta name=\"twitter:label1\" content=\"Escrito por\" \/>\n\t<meta name=\"twitter:data1\" content=\"agenciabrandi\" \/>\n\t<meta name=\"twitter:label2\" content=\"Tiempo de lectura\" \/>\n\t<meta name=\"twitter:data2\" content=\"5 minutos\" \/>\n<script type=\"application\/ld+json\" class=\"yoast-schema-graph\">{\"@context\":\"https:\/\/schema.org\",\"@graph\":[{\"@type\":\"Article\",\"@id\":\"https:\/\/colegiotecnova.com.ar\/primario\/dia-mundial-del-medio-ambiente-como-realizar-un-huerto-en-casa\/#article\",\"isPartOf\":{\"@id\":\"https:\/\/colegiotecnova.com.ar\/primario\/dia-mundial-del-medio-ambiente-como-realizar-un-huerto-en-casa\/\"},\"author\":{\"name\":\"agenciabrandi\",\"@id\":\"https:\/\/colegiotecnova.com.ar\/primario\/#\/schema\/person\/1b427404c1707945bb15c8c7974ea5ee\"},\"headline\":\"D\u00eda Mundial del Medio Ambiente \u00bfC\u00f3mo realizar un huerto en casa?\",\"datePublished\":\"2020-06-05T16:59:23+00:00\",\"dateModified\":\"2023-05-22T17:29:10+00:00\",\"mainEntityOfPage\":{\"@id\":\"https:\/\/colegiotecnova.com.ar\/primario\/dia-mundial-del-medio-ambiente-como-realizar-un-huerto-en-casa\/\"},\"wordCount\":958,\"publisher\":{\"@id\":\"https:\/\/colegiotecnova.com.ar\/primario\/#organization\"},\"image\":{\"@id\":\"https:\/\/colegiotecnova.com.ar\/primario\/dia-mundial-del-medio-ambiente-como-realizar-un-huerto-en-casa\/#primaryimage\"},\"thumbnailUrl\":\"https:\/\/colegiotecnova.com.ar\/primario\/wp-content\/uploads\/2020\/06\/tecnovablog.jpg\",\"articleSection\":[\"Tips\"],\"inLanguage\":\"es\"},{\"@type\":\"WebPage\",\"@id\":\"https:\/\/colegiotecnova.com.ar\/primario\/dia-mundial-del-medio-ambiente-como-realizar-un-huerto-en-casa\/\",\"url\":\"https:\/\/colegiotecnova.com.ar\/primario\/dia-mundial-del-medio-ambiente-como-realizar-un-huerto-en-casa\/\",\"name\":\"D\u00eda Mundial del Medio Ambiente \u00bfC\u00f3mo realizar un huerto en casa? - Colegio Tecnova\",\"isPartOf\":{\"@id\":\"https:\/\/colegiotecnova.com.ar\/primario\/#website\"},\"primaryImageOfPage\":{\"@id\":\"https:\/\/colegiotecnova.com.ar\/primario\/dia-mundial-del-medio-ambiente-como-realizar-un-huerto-en-casa\/#primaryimage\"},\"image\":{\"@id\":\"https:\/\/colegiotecnova.com.ar\/primario\/dia-mundial-del-medio-ambiente-como-realizar-un-huerto-en-casa\/#primaryimage\"},\"thumbnailUrl\":\"https:\/\/colegiotecnova.com.ar\/primario\/wp-content\/uploads\/2020\/06\/tecnovablog.jpg\",\"datePublished\":\"2020-06-05T16:59:23+00:00\",\"dateModified\":\"2023-05-22T17:29:10+00:00\",\"breadcrumb\":{\"@id\":\"https:\/\/colegiotecnova.com.ar\/primario\/dia-mundial-del-medio-ambiente-como-realizar-un-huerto-en-casa\/#breadcrumb\"},\"inLanguage\":\"es\",\"potentialAction\":[{\"@type\":\"ReadAction\",\"target\":[\"https:\/\/colegiotecnova.com.ar\/primario\/dia-mundial-del-medio-ambiente-como-realizar-un-huerto-en-casa\/\"]}]},{\"@type\":\"ImageObject\",\"inLanguage\":\"es\",\"@id\":\"https:\/\/colegiotecnova.com.ar\/primario\/dia-mundial-del-medio-ambiente-como-realizar-un-huerto-en-casa\/#primaryimage\",\"url\":\"https:\/\/colegiotecnova.com.ar\/primario\/wp-content\/uploads\/2020\/06\/tecnovablog.jpg\",\"contentUrl\":\"https:\/\/colegiotecnova.com.ar\/primario\/wp-content\/uploads\/2020\/06\/tecnovablog.jpg\",\"width\":1200,\"height\":600},{\"@type\":\"BreadcrumbList\",\"@id\":\"https:\/\/colegiotecnova.com.ar\/primario\/dia-mundial-del-medio-ambiente-como-realizar-un-huerto-en-casa\/#breadcrumb\",\"itemListElement\":[{\"@type\":\"ListItem\",\"position\":1,\"name\":\"Portada\",\"item\":\"https:\/\/colegiotecnova.com.ar\/primario\/\"},{\"@type\":\"ListItem\",\"position\":2,\"name\":\"D\u00eda Mundial del Medio Ambiente \u00bfC\u00f3mo realizar un huerto en casa?\"}]},{\"@type\":\"WebSite\",\"@id\":\"https:\/\/colegiotecnova.com.ar\/primario\/#website\",\"url\":\"https:\/\/colegiotecnova.com.ar\/primario\/\",\"name\":\"Colegio Tecnova\",\"description\":\"Ciclo Primario\",\"publisher\":{\"@id\":\"https:\/\/colegiotecnova.com.ar\/primario\/#organization\"},\"potentialAction\":[{\"@type\":\"SearchAction\",\"target\":{\"@type\":\"EntryPoint\",\"urlTemplate\":\"https:\/\/colegiotecnova.com.ar\/primario\/?s={search_term_string}\"},\"query-input\":\"required name=search_term_string\"}],\"inLanguage\":\"es\"},{\"@type\":\"Organization\",\"@id\":\"https:\/\/colegiotecnova.com.ar\/primario\/#organization\",\"name\":\"Colegio Tecnova\",\"url\":\"https:\/\/colegiotecnova.com.ar\/primario\/\",\"logo\":{\"@type\":\"ImageObject\",\"inLanguage\":\"es\",\"@id\":\"https:\/\/colegiotecnova.com.ar\/primario\/#\/schema\/logo\/image\/\",\"url\":\"https:\/\/colegiotecnova.com.ar\/primario\/wp-content\/uploads\/2019\/09\/tecnova-logo.svg\",\"contentUrl\":\"https:\/\/colegiotecnova.com.ar\/primario\/wp-content\/uploads\/2019\/09\/tecnova-logo.svg\",\"width\":1,\"height\":1,\"caption\":\"Colegio Tecnova\"},\"image\":{\"@id\":\"https:\/\/colegiotecnova.com.ar\/primario\/#\/schema\/logo\/image\/\"},\"sameAs\":[\"https:\/\/www.facebook.com\/colegiotecnova\/\",\"https:\/\/www.instagram.com\/colegiotecnova\/\"]},{\"@type\":\"Person\",\"@id\":\"https:\/\/colegiotecnova.com.ar\/primario\/#\/schema\/person\/1b427404c1707945bb15c8c7974ea5ee\",\"name\":\"agenciabrandi\",\"image\":{\"@type\":\"ImageObject\",\"inLanguage\":\"es\",\"@id\":\"https:\/\/colegiotecnova.com.ar\/primario\/#\/schema\/person\/image\/\",\"url\":\"https:\/\/secure.gravatar.com\/avatar\/50bba42885c89b43e9fb985e0cf9c0ba84c977f0199a260067028766c51fb117?s=96&d=mm&r=g\",\"contentUrl\":\"https:\/\/secure.gravatar.com\/avatar\/50bba42885c89b43e9fb985e0cf9c0ba84c977f0199a260067028766c51fb117?s=96&d=mm&r=g\",\"caption\":\"agenciabrandi\"},\"url\":\"https:\/\/colegiotecnova.com.ar\/primario\/author\/agenciabrandi\/\"}]}<\/script>\n<!-- \/ Yoast SEO plugin. -->","yoast_head_json":{"title":"D\u00eda Mundial del Medio Ambiente \u00bfC\u00f3mo realizar un huerto en casa? - Colegio Tecnova","robots":{"index":"index","follow":"follow","max-snippet":"max-snippet:-1","max-image-preview":"max-image-preview:large","max-video-preview":"max-video-preview:-1"},"canonical":"https:\/\/colegiotecnova.com.ar\/primario\/dia-mundial-del-medio-ambiente-como-realizar-un-huerto-en-casa\/","og_locale":"es_ES","og_type":"article","og_title":"D\u00eda Mundial del Medio Ambiente \u00bfC\u00f3mo realizar un huerto en casa? - Colegio Tecnova","og_description":"Hoy te proponemos emprender un proyecto para compartir con toda la familia, que te dar\u00e1 grandes satisfacciones y aportar\u00e1 alegr\u00eda y color a tu balc\u00f3n o al espacio que quieras destinarle: armar tu propio huerto urbano desde cero.","og_url":"https:\/\/colegiotecnova.com.ar\/primario\/dia-mundial-del-medio-ambiente-como-realizar-un-huerto-en-casa\/","og_site_name":"Colegio Tecnova","article_publisher":"https:\/\/www.facebook.com\/colegiotecnova\/","article_published_time":"2020-06-05T16:59:23+00:00","article_modified_time":"2023-05-22T17:29:10+00:00","og_image":[{"width":1200,"height":600,"url":"https:\/\/colegiotecnova.com.ar\/primario\/wp-content\/uploads\/2020\/06\/tecnovablog.jpg","type":"image\/jpeg"}],"author":"agenciabrandi","twitter_card":"summary_large_image","twitter_misc":{"Escrito por":"agenciabrandi","Tiempo de lectura":"5 minutos"},"schema":{"@context":"https:\/\/schema.org","@graph":[{"@type":"Article","@id":"https:\/\/colegiotecnova.com.ar\/primario\/dia-mundial-del-medio-ambiente-como-realizar-un-huerto-en-casa\/#article","isPartOf":{"@id":"https:\/\/colegiotecnova.com.ar\/primario\/dia-mundial-del-medio-ambiente-como-realizar-un-huerto-en-casa\/"},"author":{"name":"agenciabrandi","@id":"https:\/\/colegiotecnova.com.ar\/primario\/#\/schema\/person\/1b427404c1707945bb15c8c7974ea5ee"},"headline":"D\u00eda Mundial del Medio Ambiente \u00bfC\u00f3mo realizar un huerto en casa?","datePublished":"2020-06-05T16:59:23+00:00","dateModified":"2023-05-22T17:29:10+00:00","mainEntityOfPage":{"@id":"https:\/\/colegiotecnova.com.ar\/primario\/dia-mundial-del-medio-ambiente-como-realizar-un-huerto-en-casa\/"},"wordCount":958,"publisher":{"@id":"https:\/\/colegiotecnova.com.ar\/primario\/#organization"},"image":{"@id":"https:\/\/colegiotecnova.com.ar\/primario\/dia-mundial-del-medio-ambiente-como-realizar-un-huerto-en-casa\/#primaryimage"},"thumbnailUrl":"https:\/\/colegiotecnova.com.ar\/primario\/wp-content\/uploads\/2020\/06\/tecnovablog.jpg","articleSection":["Tips"],"inLanguage":"es"},{"@type":"WebPage","@id":"https:\/\/colegiotecnova.com.ar\/primario\/dia-mundial-del-medio-ambiente-como-realizar-un-huerto-en-casa\/","url":"https:\/\/colegiotecnova.com.ar\/primario\/dia-mundial-del-medio-ambiente-como-realizar-un-huerto-en-casa\/","name":"D\u00eda Mundial del Medio Ambiente \u00bfC\u00f3mo realizar un huerto en casa? - Colegio Tecnova","isPartOf":{"@id":"https:\/\/colegiotecnova.com.ar\/primario\/#website"},"primaryImageOfPage":{"@id":"https:\/\/colegiotecnova.com.ar\/primario\/dia-mundial-del-medio-ambiente-como-realizar-un-huerto-en-casa\/#primaryimage"},"image":{"@id":"https:\/\/colegiotecnova.com.ar\/primario\/dia-mundial-del-medio-ambiente-como-realizar-un-huerto-en-casa\/#primaryimage"},"thumbnailUrl":"https:\/\/colegiotecnova.com.ar\/primario\/wp-content\/uploads\/2020\/06\/tecnovablog.jpg","datePublished":"2020-06-05T16:59:23+00:00","dateModified":"2023-05-22T17:29:10+00:00","breadcrumb":{"@id":"https:\/\/colegiotecnova.com.ar\/primario\/dia-mundial-del-medio-ambiente-como-realizar-un-huerto-en-casa\/#breadcrumb"},"inLanguage":"es","potentialAction":[{"@type":"ReadAction","target":["https:\/\/colegiotecnova.com.ar\/primario\/dia-mundial-del-medio-ambiente-como-realizar-un-huerto-en-casa\/"]}]},{"@type":"ImageObject","inLanguage":"es","@id":"https:\/\/colegiotecnova.com.ar\/primario\/dia-mundial-del-medio-ambiente-como-realizar-un-huerto-en-casa\/#primaryimage","url":"https:\/\/colegiotecnova.com.ar\/primario\/wp-content\/uploads\/2020\/06\/tecnovablog.jpg","contentUrl":"https:\/\/colegiotecnova.com.ar\/primario\/wp-content\/uploads\/2020\/06\/tecnovablog.jpg","width":1200,"height":600},{"@type":"BreadcrumbList","@id":"https:\/\/colegiotecnova.com.ar\/primario\/dia-mundial-del-medio-ambiente-como-realizar-un-huerto-en-casa\/#breadcrumb","itemListElement":[{"@type":"ListItem","position":1,"name":"Portada","item":"https:\/\/colegiotecnova.com.ar\/primario\/"},{"@type":"ListItem","position":2,"name":"D\u00eda Mundial del Medio Ambiente \u00bfC\u00f3mo realizar un huerto en casa?"}]},{"@type":"WebSite","@id":"https:\/\/colegiotecnova.com.ar\/primario\/#website","url":"https:\/\/colegiotecnova.com.ar\/primario\/","name":"Colegio Tecnova","description":"Ciclo Primario","publisher":{"@id":"https:\/\/colegiotecnova.com.ar\/primario\/#organization"},"potentialAction":[{"@type":"SearchAction","target":{"@type":"EntryPoint","urlTemplate":"https:\/\/colegiotecnova.com.ar\/primario\/?s={search_term_string}"},"query-input":"required name=search_term_string"}],"inLanguage":"es"},{"@type":"Organization","@id":"https:\/\/colegiotecnova.com.ar\/primario\/#organization","name":"Colegio Tecnova","url":"https:\/\/colegiotecnova.com.ar\/primario\/","logo":{"@type":"ImageObject","inLanguage":"es","@id":"https:\/\/colegiotecnova.com.ar\/primario\/#\/schema\/logo\/image\/","url":"https:\/\/colegiotecnova.com.ar\/primario\/wp-content\/uploads\/2019\/09\/tecnova-logo.svg","contentUrl":"https:\/\/colegiotecnova.com.ar\/primario\/wp-content\/uploads\/2019\/09\/tecnova-logo.svg","width":1,"height":1,"caption":"Colegio Tecnova"},"image":{"@id":"https:\/\/colegiotecnova.com.ar\/primario\/#\/schema\/logo\/image\/"},"sameAs":["https:\/\/www.facebook.com\/colegiotecnova\/","https:\/\/www.instagram.com\/colegiotecnova\/"]},{"@type":"Person","@id":"https:\/\/colegiotecnova.com.ar\/primario\/#\/schema\/person\/1b427404c1707945bb15c8c7974ea5ee","name":"agenciabrandi","image":{"@type":"ImageObject","inLanguage":"es","@id":"https:\/\/colegiotecnova.com.ar\/primario\/#\/schema\/person\/image\/","url":"https:\/\/secure.gravatar.com\/avatar\/50bba42885c89b43e9fb985e0cf9c0ba84c977f0199a260067028766c51fb117?s=96&d=mm&r=g","contentUrl":"https:\/\/secure.gravatar.com\/avatar\/50bba42885c89b43e9fb985e0cf9c0ba84c977f0199a260067028766c51fb117?s=96&d=mm&r=g","caption":"agenciabrandi"},"url":"https:\/\/colegiotecnova.com.ar\/primario\/author\/agenciabrandi\/"}]}},"_links":{"self":[{"href":"https:\/\/colegiotecnova.com.ar\/primario\/wp-json\/wp\/v2\/posts\/475","targetHints":{"allow":["GET"]}}],"collection":[{"href":"https:\/\/colegiotecnova.com.ar\/primario\/wp-json\/wp\/v2\/posts"}],"about":[{"href":"https:\/\/colegiotecnova.com.ar\/primario\/wp-json\/wp\/v2\/types\/post"}],"author":[{"embeddable":true,"href":"https:\/\/colegiotecnova.com.ar\/primario\/wp-json\/wp\/v2\/users\/1"}],"replies":[{"embeddable":true,"href":"https:\/\/colegiotecnova.com.ar\/primario\/wp-json\/wp\/v2\/comments?post=475"}],"version-history":[{"count":7,"href":"https:\/\/colegiotecnova.com.ar\/primario\/wp-json\/wp\/v2\/posts\/475\/revisions"}],"predecessor-version":[{"id":491,"href":"https:\/\/colegiotecnova.com.ar\/primario\/wp-json\/wp\/v2\/posts\/475\/revisions\/491"}],"wp:featuredmedia":[{"embeddable":true,"href":"https:\/\/colegiotecnova.com.ar\/primario\/wp-json\/wp\/v2\/media\/477"}],"wp:attachment":[{"href":"https:\/\/colegiotecnova.com.ar\/primario\/wp-json\/wp\/v2\/media?parent=475"}],"wp:term":[{"taxonomy":"category","embeddable":true,"href":"https:\/\/colegiotecnova.com.ar\/primario\/wp-json\/wp\/v2\/categories?post=475"},{"taxonomy":"post_tag","embeddable":true,"href":"https:\/\/colegiotecnova.com.ar\/primario\/wp-json\/wp\/v2\/tags?post=475"}],"curies":[{"name":"wp","href":"https:\/\/api.w.org\/{rel}","templated":true}]}}