{"id":452,"date":"2020-05-07T19:23:33","date_gmt":"2020-05-07T19:23:33","guid":{"rendered":"https:\/\/colegiotecnova.com.ar\/?p=452"},"modified":"2023-05-22T17:29:11","modified_gmt":"2023-05-22T17:29:11","slug":"como-estamos-abordando-la-continuidad-pedagogica-a-distancia","status":"publish","type":"post","link":"https:\/\/colegiotecnova.com.ar\/primario\/como-estamos-abordando-la-continuidad-pedagogica-a-distancia\/","title":{"rendered":"\u00bfComo estamos abordando la continuidad pedag\u00f3gica a distancia?"},"content":{"rendered":"\n\t<section class=\"section texto-blog\" id=\"section_2059100857\">\n\t\t<div class=\"bg section-bg fill bg-fill  bg-loaded\" >\n\n\t\t\t\n\t\t\t\n\t\t\t\n\n\t\t<\/div>\n\n\t\t\n\n\t\t<div class=\"section-content relative\">\n\t\t\t\n\n<div class=\"row\"  id=\"row-1757634812\">\n\n\n\t<div id=\"col-1497857594\" class=\"col small-12 large-12\"  >\n\t\t\t\t<div class=\"col-inner\"  >\n\t\t\t\n\t\t\t\n\n<p class=\"lead\">En el contexto actual, con la pandemia del COVID 19, nos vimos sometidos a incursionar en la educaci\u00f3n virtual apoyandonos en platarformas como Google Classroom para impartir las tareas diarias y reuniones en Zoom para intercambiar contenido, emociones y contener a nuestros alumnos.<\/p>\n\t<div id=\"gap-2106227282\" class=\"gap-element clearfix\" style=\"display:block; height:auto;\">\n\t\t\n<style>\n#gap-2106227282 {\n  padding-top: 25px;\n}\n<\/style>\n\t<\/div>\n\t\n\n<p>Los contenidos requieren un procesamiento did\u00e1ctico especial que le permita al estudiante transitar su aprendizaje sin la presencia f\u00edsica del docente. Estos contenidos son generados por los docentes y pensados para la interacci\u00f3n con los alumnos.<\/p>\n\t<div id=\"gap-1179648807\" class=\"gap-element clearfix\" style=\"display:block; height:auto;\">\n\t\t\n<style>\n#gap-1179648807 {\n  padding-top: 25px;\n}\n<\/style>\n\t<\/div>\n\t\n\n<p>La educaci\u00f3n virtual, aun en el auge de la informaci\u00f3n y las tecnolog\u00edas, tiene sus ventajas:<br>\n1. Es un formato que responde al modelo constructivista del aprendizaje y en ese sentido el proceso de aprendizaje es aut\u00f3nomo y respeta los tiempos de cada persona.<br>\n2. Permite la autoregulaci\u00f3n de tiempo y de objetivos.<br>\n3. Es \u00f3ptimo para propiciar el trabajo grupal colaborativo.<br>\n4. Es una forma de democratizaci\u00f3n del conocimiento con muy pocos recursos y un gran alcance.<\/p>\n\t<div id=\"gap-105773246\" class=\"gap-element clearfix\" style=\"display:block; height:auto;\">\n\t\t\n<style>\n#gap-105773246 {\n  padding-top: 25px;\n}\n<\/style>\n\t<\/div>\n\t\n\n<p>En Tecnova consideramos que la tecnolog\u00eda es una herramienta fundamental en el proceso educativo, la pandemia transformo a la escuela es un espacio virtual que llego para quedarse, sin embargo nunca reemplazara la contenci\u00f3n humana que brindan los docentes d\u00eda a d\u00eda.<br>\nQueremos compartirles uno de nuestros proyectos digitales que estuvimos desarrollando con las se\u00f1o Mica y Dalma de 1er y 2do a\u00f1o. Abordamos los cuentos cl\u00e1sicos de la literatura infantil, los alumnos prepararon dibujos y concluimos con una reuni\u00f3n en Zoom donde los caracterizamos utilizando diversos materiales.<\/p>\n\t<div id=\"gap-267835380\" class=\"gap-element clearfix\" style=\"display:block; height:auto;\">\n\t\t\n<style>\n#gap-267835380 {\n  padding-top: 25px;\n}\n<\/style>\n\t<\/div>\n\t\n\n<video controls>\n  <source src=\"\/wp-content\/uploads\/2020\/05\/tecnova.mp4\" type=\"video\/mp4\">\n<\/video>\n\n<p class=\"hashtahgs\">#SomosTecnova #Colegio #EducacionPrimaria #Coronavirus #COVID-19 #Educacion<\/p>\n\n\t\t<\/div>\n\t\t\t\t\t<\/div>\n\n\t\n\n<\/div>\n\n\t\t<\/div>\n\n\t\t\n<style>\n#section_2059100857 {\n  padding-top: 0px;\n  padding-bottom: 0px;\n}\n<\/style>\n\t<\/section>\n\t\n","protected":false},"excerpt":{"rendered":"","protected":false},"author":1,"featured_media":0,"comment_status":"closed","ping_status":"closed","sticky":false,"template":"","format":"video","meta":{"_joinchat":[],"footnotes":""},"categories":[3],"tags":[],"class_list":["post-452","post","type-post","status-publish","format-video","hentry","category-tips","post_format-post-format-video"],"yoast_head":"<!-- This site is optimized with the Yoast SEO plugin v23.1 - https:\/\/yoast.com\/wordpress\/plugins\/seo\/ -->\n<title>\u00bfComo estamos abordando la continuidad pedag\u00f3gica a distancia? - Colegio Tecnova<\/title>\n<meta name=\"robots\" content=\"index, follow, max-snippet:-1, max-image-preview:large, max-video-preview:-1\" \/>\n<link rel=\"canonical\" href=\"https:\/\/colegiotecnova.com.ar\/primario\/como-estamos-abordando-la-continuidad-pedagogica-a-distancia\/\" \/>\n<meta property=\"og:locale\" content=\"es_ES\" \/>\n<meta property=\"og:type\" content=\"article\" \/>\n<meta property=\"og:title\" content=\"\u00bfComo estamos abordando la continuidad pedag\u00f3gica a distancia? - Colegio Tecnova\" \/>\n<meta property=\"og:url\" content=\"https:\/\/colegiotecnova.com.ar\/primario\/como-estamos-abordando-la-continuidad-pedagogica-a-distancia\/\" \/>\n<meta property=\"og:site_name\" content=\"Colegio Tecnova\" \/>\n<meta property=\"article:publisher\" content=\"https:\/\/www.facebook.com\/colegiotecnova\/\" \/>\n<meta property=\"article:published_time\" content=\"2020-05-07T19:23:33+00:00\" \/>\n<meta property=\"article:modified_time\" content=\"2023-05-22T17:29:11+00:00\" \/>\n<meta name=\"author\" content=\"agenciabrandi\" \/>\n<meta name=\"twitter:card\" content=\"summary_large_image\" \/>\n<meta name=\"twitter:label1\" content=\"Escrito por\" \/>\n\t<meta name=\"twitter:data1\" content=\"agenciabrandi\" \/>\n\t<meta name=\"twitter:label2\" content=\"Tiempo de lectura\" \/>\n\t<meta name=\"twitter:data2\" content=\"1 minuto\" \/>\n<script type=\"application\/ld+json\" class=\"yoast-schema-graph\">{\"@context\":\"https:\/\/schema.org\",\"@graph\":[{\"@type\":\"Article\",\"@id\":\"https:\/\/colegiotecnova.com.ar\/primario\/como-estamos-abordando-la-continuidad-pedagogica-a-distancia\/#article\",\"isPartOf\":{\"@id\":\"https:\/\/colegiotecnova.com.ar\/primario\/como-estamos-abordando-la-continuidad-pedagogica-a-distancia\/\"},\"author\":{\"name\":\"agenciabrandi\",\"@id\":\"https:\/\/colegiotecnova.com.ar\/primario\/#\/schema\/person\/1b427404c1707945bb15c8c7974ea5ee\"},\"headline\":\"\u00bfComo estamos abordando la continuidad pedag\u00f3gica a distancia?\",\"datePublished\":\"2020-05-07T19:23:33+00:00\",\"dateModified\":\"2023-05-22T17:29:11+00:00\",\"mainEntityOfPage\":{\"@id\":\"https:\/\/colegiotecnova.com.ar\/primario\/como-estamos-abordando-la-continuidad-pedagogica-a-distancia\/\"},\"wordCount\":297,\"publisher\":{\"@id\":\"https:\/\/colegiotecnova.com.ar\/primario\/#organization\"},\"articleSection\":[\"Tips\"],\"inLanguage\":\"es\"},{\"@type\":\"WebPage\",\"@id\":\"https:\/\/colegiotecnova.com.ar\/primario\/como-estamos-abordando-la-continuidad-pedagogica-a-distancia\/\",\"url\":\"https:\/\/colegiotecnova.com.ar\/primario\/como-estamos-abordando-la-continuidad-pedagogica-a-distancia\/\",\"name\":\"\u00bfComo estamos abordando la continuidad pedag\u00f3gica a distancia? - Colegio Tecnova\",\"isPartOf\":{\"@id\":\"https:\/\/colegiotecnova.com.ar\/primario\/#website\"},\"datePublished\":\"2020-05-07T19:23:33+00:00\",\"dateModified\":\"2023-05-22T17:29:11+00:00\",\"breadcrumb\":{\"@id\":\"https:\/\/colegiotecnova.com.ar\/primario\/como-estamos-abordando-la-continuidad-pedagogica-a-distancia\/#breadcrumb\"},\"inLanguage\":\"es\",\"potentialAction\":[{\"@type\":\"ReadAction\",\"target\":[\"https:\/\/colegiotecnova.com.ar\/primario\/como-estamos-abordando-la-continuidad-pedagogica-a-distancia\/\"]}]},{\"@type\":\"BreadcrumbList\",\"@id\":\"https:\/\/colegiotecnova.com.ar\/primario\/como-estamos-abordando-la-continuidad-pedagogica-a-distancia\/#breadcrumb\",\"itemListElement\":[{\"@type\":\"ListItem\",\"position\":1,\"name\":\"Portada\",\"item\":\"https:\/\/colegiotecnova.com.ar\/primario\/\"},{\"@type\":\"ListItem\",\"position\":2,\"name\":\"\u00bfComo estamos abordando la continuidad pedag\u00f3gica a distancia?\"}]},{\"@type\":\"WebSite\",\"@id\":\"https:\/\/colegiotecnova.com.ar\/primario\/#website\",\"url\":\"https:\/\/colegiotecnova.com.ar\/primario\/\",\"name\":\"Colegio Tecnova\",\"description\":\"Ciclo Primario\",\"publisher\":{\"@id\":\"https:\/\/colegiotecnova.com.ar\/primario\/#organization\"},\"potentialAction\":[{\"@type\":\"SearchAction\",\"target\":{\"@type\":\"EntryPoint\",\"urlTemplate\":\"https:\/\/colegiotecnova.com.ar\/primario\/?s={search_term_string}\"},\"query-input\":\"required name=search_term_string\"}],\"inLanguage\":\"es\"},{\"@type\":\"Organization\",\"@id\":\"https:\/\/colegiotecnova.com.ar\/primario\/#organization\",\"name\":\"Colegio Tecnova\",\"url\":\"https:\/\/colegiotecnova.com.ar\/primario\/\",\"logo\":{\"@type\":\"ImageObject\",\"inLanguage\":\"es\",\"@id\":\"https:\/\/colegiotecnova.com.ar\/primario\/#\/schema\/logo\/image\/\",\"url\":\"https:\/\/colegiotecnova.com.ar\/primario\/wp-content\/uploads\/2019\/09\/tecnova-logo.svg\",\"contentUrl\":\"https:\/\/colegiotecnova.com.ar\/primario\/wp-content\/uploads\/2019\/09\/tecnova-logo.svg\",\"width\":1,\"height\":1,\"caption\":\"Colegio Tecnova\"},\"image\":{\"@id\":\"https:\/\/colegiotecnova.com.ar\/primario\/#\/schema\/logo\/image\/\"},\"sameAs\":[\"https:\/\/www.facebook.com\/colegiotecnova\/\",\"https:\/\/www.instagram.com\/colegiotecnova\/\"]},{\"@type\":\"Person\",\"@id\":\"https:\/\/colegiotecnova.com.ar\/primario\/#\/schema\/person\/1b427404c1707945bb15c8c7974ea5ee\",\"name\":\"agenciabrandi\",\"image\":{\"@type\":\"ImageObject\",\"inLanguage\":\"es\",\"@id\":\"https:\/\/colegiotecnova.com.ar\/primario\/#\/schema\/person\/image\/\",\"url\":\"https:\/\/secure.gravatar.com\/avatar\/50bba42885c89b43e9fb985e0cf9c0ba84c977f0199a260067028766c51fb117?s=96&d=mm&r=g\",\"contentUrl\":\"https:\/\/secure.gravatar.com\/avatar\/50bba42885c89b43e9fb985e0cf9c0ba84c977f0199a260067028766c51fb117?s=96&d=mm&r=g\",\"caption\":\"agenciabrandi\"},\"url\":\"https:\/\/colegiotecnova.com.ar\/primario\/author\/agenciabrandi\/\"}]}<\/script>\n<!-- \/ Yoast SEO plugin. -->","yoast_head_json":{"title":"\u00bfComo estamos abordando la continuidad pedag\u00f3gica a distancia? - Colegio Tecnova","robots":{"index":"index","follow":"follow","max-snippet":"max-snippet:-1","max-image-preview":"max-image-preview:large","max-video-preview":"max-video-preview:-1"},"canonical":"https:\/\/colegiotecnova.com.ar\/primario\/como-estamos-abordando-la-continuidad-pedagogica-a-distancia\/","og_locale":"es_ES","og_type":"article","og_title":"\u00bfComo estamos abordando la continuidad pedag\u00f3gica a distancia? - Colegio Tecnova","og_url":"https:\/\/colegiotecnova.com.ar\/primario\/como-estamos-abordando-la-continuidad-pedagogica-a-distancia\/","og_site_name":"Colegio Tecnova","article_publisher":"https:\/\/www.facebook.com\/colegiotecnova\/","article_published_time":"2020-05-07T19:23:33+00:00","article_modified_time":"2023-05-22T17:29:11+00:00","author":"agenciabrandi","twitter_card":"summary_large_image","twitter_misc":{"Escrito por":"agenciabrandi","Tiempo de lectura":"1 minuto"},"schema":{"@context":"https:\/\/schema.org","@graph":[{"@type":"Article","@id":"https:\/\/colegiotecnova.com.ar\/primario\/como-estamos-abordando-la-continuidad-pedagogica-a-distancia\/#article","isPartOf":{"@id":"https:\/\/colegiotecnova.com.ar\/primario\/como-estamos-abordando-la-continuidad-pedagogica-a-distancia\/"},"author":{"name":"agenciabrandi","@id":"https:\/\/colegiotecnova.com.ar\/primario\/#\/schema\/person\/1b427404c1707945bb15c8c7974ea5ee"},"headline":"\u00bfComo estamos abordando la continuidad pedag\u00f3gica a distancia?","datePublished":"2020-05-07T19:23:33+00:00","dateModified":"2023-05-22T17:29:11+00:00","mainEntityOfPage":{"@id":"https:\/\/colegiotecnova.com.ar\/primario\/como-estamos-abordando-la-continuidad-pedagogica-a-distancia\/"},"wordCount":297,"publisher":{"@id":"https:\/\/colegiotecnova.com.ar\/primario\/#organization"},"articleSection":["Tips"],"inLanguage":"es"},{"@type":"WebPage","@id":"https:\/\/colegiotecnova.com.ar\/primario\/como-estamos-abordando-la-continuidad-pedagogica-a-distancia\/","url":"https:\/\/colegiotecnova.com.ar\/primario\/como-estamos-abordando-la-continuidad-pedagogica-a-distancia\/","name":"\u00bfComo estamos abordando la continuidad pedag\u00f3gica a distancia? - Colegio Tecnova","isPartOf":{"@id":"https:\/\/colegiotecnova.com.ar\/primario\/#website"},"datePublished":"2020-05-07T19:23:33+00:00","dateModified":"2023-05-22T17:29:11+00:00","breadcrumb":{"@id":"https:\/\/colegiotecnova.com.ar\/primario\/como-estamos-abordando-la-continuidad-pedagogica-a-distancia\/#breadcrumb"},"inLanguage":"es","potentialAction":[{"@type":"ReadAction","target":["https:\/\/colegiotecnova.com.ar\/primario\/como-estamos-abordando-la-continuidad-pedagogica-a-distancia\/"]}]},{"@type":"BreadcrumbList","@id":"https:\/\/colegiotecnova.com.ar\/primario\/como-estamos-abordando-la-continuidad-pedagogica-a-distancia\/#breadcrumb","itemListElement":[{"@type":"ListItem","position":1,"name":"Portada","item":"https:\/\/colegiotecnova.com.ar\/primario\/"},{"@type":"ListItem","position":2,"name":"\u00bfComo estamos abordando la continuidad pedag\u00f3gica a distancia?"}]},{"@type":"WebSite","@id":"https:\/\/colegiotecnova.com.ar\/primario\/#website","url":"https:\/\/colegiotecnova.com.ar\/primario\/","name":"Colegio Tecnova","description":"Ciclo Primario","publisher":{"@id":"https:\/\/colegiotecnova.com.ar\/primario\/#organization"},"potentialAction":[{"@type":"SearchAction","target":{"@type":"EntryPoint","urlTemplate":"https:\/\/colegiotecnova.com.ar\/primario\/?s={search_term_string}"},"query-input":"required name=search_term_string"}],"inLanguage":"es"},{"@type":"Organization","@id":"https:\/\/colegiotecnova.com.ar\/primario\/#organization","name":"Colegio Tecnova","url":"https:\/\/colegiotecnova.com.ar\/primario\/","logo":{"@type":"ImageObject","inLanguage":"es","@id":"https:\/\/colegiotecnova.com.ar\/primario\/#\/schema\/logo\/image\/","url":"https:\/\/colegiotecnova.com.ar\/primario\/wp-content\/uploads\/2019\/09\/tecnova-logo.svg","contentUrl":"https:\/\/colegiotecnova.com.ar\/primario\/wp-content\/uploads\/2019\/09\/tecnova-logo.svg","width":1,"height":1,"caption":"Colegio Tecnova"},"image":{"@id":"https:\/\/colegiotecnova.com.ar\/primario\/#\/schema\/logo\/image\/"},"sameAs":["https:\/\/www.facebook.com\/colegiotecnova\/","https:\/\/www.instagram.com\/colegiotecnova\/"]},{"@type":"Person","@id":"https:\/\/colegiotecnova.com.ar\/primario\/#\/schema\/person\/1b427404c1707945bb15c8c7974ea5ee","name":"agenciabrandi","image":{"@type":"ImageObject","inLanguage":"es","@id":"https:\/\/colegiotecnova.com.ar\/primario\/#\/schema\/person\/image\/","url":"https:\/\/secure.gravatar.com\/avatar\/50bba42885c89b43e9fb985e0cf9c0ba84c977f0199a260067028766c51fb117?s=96&d=mm&r=g","contentUrl":"https:\/\/secure.gravatar.com\/avatar\/50bba42885c89b43e9fb985e0cf9c0ba84c977f0199a260067028766c51fb117?s=96&d=mm&r=g","caption":"agenciabrandi"},"url":"https:\/\/colegiotecnova.com.ar\/primario\/author\/agenciabrandi\/"}]}},"_links":{"self":[{"href":"https:\/\/colegiotecnova.com.ar\/primario\/wp-json\/wp\/v2\/posts\/452","targetHints":{"allow":["GET"]}}],"collection":[{"href":"https:\/\/colegiotecnova.com.ar\/primario\/wp-json\/wp\/v2\/posts"}],"about":[{"href":"https:\/\/colegiotecnova.com.ar\/primario\/wp-json\/wp\/v2\/types\/post"}],"author":[{"embeddable":true,"href":"https:\/\/colegiotecnova.com.ar\/primario\/wp-json\/wp\/v2\/users\/1"}],"replies":[{"embeddable":true,"href":"https:\/\/colegiotecnova.com.ar\/primario\/wp-json\/wp\/v2\/comments?post=452"}],"version-history":[{"count":13,"href":"https:\/\/colegiotecnova.com.ar\/primario\/wp-json\/wp\/v2\/posts\/452\/revisions"}],"predecessor-version":[{"id":468,"href":"https:\/\/colegiotecnova.com.ar\/primario\/wp-json\/wp\/v2\/posts\/452\/revisions\/468"}],"wp:attachment":[{"href":"https:\/\/colegiotecnova.com.ar\/primario\/wp-json\/wp\/v2\/media?parent=452"}],"wp:term":[{"taxonomy":"category","embeddable":true,"href":"https:\/\/colegiotecnova.com.ar\/primario\/wp-json\/wp\/v2\/categories?post=452"},{"taxonomy":"post_tag","embeddable":true,"href":"https:\/\/colegiotecnova.com.ar\/primario\/wp-json\/wp\/v2\/tags?post=452"}],"curies":[{"name":"wp","href":"https:\/\/api.w.org\/{rel}","templated":true}]}}