{"id":397,"date":"2020-03-05T21:02:10","date_gmt":"2020-03-05T21:02:10","guid":{"rendered":"https:\/\/colegiotecnova.com.ar\/?p=397"},"modified":"2023-05-22T17:29:12","modified_gmt":"2023-05-22T17:29:12","slug":"empezaron-las-clases","status":"publish","type":"post","link":"https:\/\/colegiotecnova.com.ar\/primario\/empezaron-las-clases\/","title":{"rendered":"Empezaron las clases!"},"content":{"rendered":"\n\t<section class=\"section texto-blog\" id=\"section_604909651\">\n\t\t<div class=\"bg section-bg fill bg-fill  bg-loaded\" >\n\n\t\t\t\n\t\t\t\n\t\t\t\n\n\t\t<\/div>\n\n\t\t\n\n\t\t<div class=\"section-content relative\">\n\t\t\t\n\n<div class=\"row\"  id=\"row-301158143\">\n\n\n\t<div id=\"col-1455733825\" class=\"col small-12 large-12\"  >\n\t\t\t\t<div class=\"col-inner\"  >\n\t\t\t\n\t\t\t\n\n<p class=\"lead\">Las vacaciones finalizaron y el esperado primer d\u00eda de clases llego a TECNOVA. Queremos compartirles im\u00e1genes de este nuevo comienzo junto con algunos consejos para ayudar a los ni\u00f1os a disfrutar del inicio del ciclo lectivo.<\/p>\n<ul>\n<li>Es preciso ayudar a los ni\u00f1os a volver a los tiempos de su rutina, que se les facilite retomar sus horarios cotidianos y aprendan a respetarlos. Es importante tambi\u00e9n que cuenten con tiempo libre para recrearse.<\/li>\n<li>Conversar con los ni\u00f1os los hace sentir m\u00e1s seguros y fortalece su confianza en s\u00ed mismo, pues sienten el apoyo emocional de los padres.<\/li>\n<li>El comienzo de clases es un buen momento para ense\u00f1arles a los ni\u00f1os a ser independientes, es importante cerciorarse de que est\u00e9n haciendo sus actividades, sin embargo, debemos fomentar que ellos las hagan por s\u00ed mismos. Ser aut\u00f3nomos los ayudar\u00e1 a sentirse seguros y enfrentar cualquier reto:<\/li>\n<li>Los ni\u00f1os enfrentan sus primeros d\u00edas de clase de diversas formas, no obstante, sin importar su temperamento o experiencias previas, ayudarles a acoplarse a sus nuevos horarios, hablar con ellos, dejarlos compartir sus sentimientos o vivencias, ense\u00f1arles a ser independientes e involucrarnos en sus actividades, les entregar\u00e1 las herramientas necesarias, no s\u00f3lo para su primera semana de clases, sino para toda su<br \/>\nformaci\u00f3n acad\u00e9mica.<\/li>\n<\/ul>\n<p class=\"hashtahgs\">#SomosTecnova #Colegio #Educacionprimaria #Ecologia #Ajedez #Tecnologia<\/p>\n\n  \n    <div class=\"row large-columns-4 medium-columns-3 small-columns-2 row-collapse row-full-width\" >\n  <div class=\"gallery-col col\" >\n          <div class=\"col-inner\">\n            <a class=\"image-lightbox lightbox-gallery\" href=\"https:\/\/colegiotecnova.com.ar\/primario\/wp-content\/uploads\/2020\/03\/9.jpg\" title=\"Colegio Tecnova\">            <div class=\"box has-hover gallery-box box-none\">\n              <div class=\"box-image\" >\n                <img loading=\"lazy\" decoding=\"async\" width=\"1280\" height=\"960\" src=\"https:\/\/colegiotecnova.com.ar\/primario\/wp-content\/uploads\/2020\/03\/9.jpg\" class=\"attachment-original size-original\" alt=\"\" ids=\"411,405,407,410,408,409,406,404\" style=\"none\" col_spacing=\"collapse\" image_size=\"original\" srcset=\"https:\/\/colegiotecnova.com.ar\/primario\/wp-content\/uploads\/2020\/03\/9.jpg 1280w, https:\/\/colegiotecnova.com.ar\/primario\/wp-content\/uploads\/2020\/03\/9-768x576.jpg 768w\" sizes=\"auto, (max-width: 1280px) 100vw, 1280px\" \/>                                                              <\/div>\n              <div class=\"box-text text-left\" >\n                 <p>Colegio Tecnova<\/p>\n              <\/div>\n            <\/div>\n            <\/a>          <\/div>\n         <\/div><div class=\"gallery-col col\" >\n          <div class=\"col-inner\">\n            <a class=\"image-lightbox lightbox-gallery\" href=\"https:\/\/colegiotecnova.com.ar\/primario\/wp-content\/uploads\/2020\/03\/3.jpg\" title=\"Colegio Tecnova\">            <div class=\"box has-hover gallery-box box-none\">\n              <div class=\"box-image\" >\n                <img loading=\"lazy\" decoding=\"async\" width=\"1024\" height=\"768\" src=\"https:\/\/colegiotecnova.com.ar\/primario\/wp-content\/uploads\/2020\/03\/3.jpg\" class=\"attachment-original size-original\" alt=\"\" ids=\"411,405,407,410,408,409,406,404\" style=\"none\" col_spacing=\"collapse\" image_size=\"original\" srcset=\"https:\/\/colegiotecnova.com.ar\/primario\/wp-content\/uploads\/2020\/03\/3.jpg 1024w, https:\/\/colegiotecnova.com.ar\/primario\/wp-content\/uploads\/2020\/03\/3-768x576.jpg 768w\" sizes=\"auto, (max-width: 1024px) 100vw, 1024px\" \/>                                                              <\/div>\n              <div class=\"box-text text-left\" >\n                 <p>Colegio Tecnova<\/p>\n              <\/div>\n            <\/div>\n            <\/a>          <\/div>\n         <\/div><div class=\"gallery-col col\" >\n          <div class=\"col-inner\">\n            <a class=\"image-lightbox lightbox-gallery\" href=\"https:\/\/colegiotecnova.com.ar\/primario\/wp-content\/uploads\/2020\/03\/5.jpg\" title=\"Colegio Tecnova\">            <div class=\"box has-hover gallery-box box-none\">\n              <div class=\"box-image\" >\n                <img loading=\"lazy\" decoding=\"async\" width=\"1280\" height=\"960\" src=\"https:\/\/colegiotecnova.com.ar\/primario\/wp-content\/uploads\/2020\/03\/5.jpg\" class=\"attachment-original size-original\" alt=\"\" ids=\"411,405,407,410,408,409,406,404\" style=\"none\" col_spacing=\"collapse\" image_size=\"original\" srcset=\"https:\/\/colegiotecnova.com.ar\/primario\/wp-content\/uploads\/2020\/03\/5.jpg 1280w, https:\/\/colegiotecnova.com.ar\/primario\/wp-content\/uploads\/2020\/03\/5-768x576.jpg 768w\" sizes=\"auto, (max-width: 1280px) 100vw, 1280px\" \/>                                                              <\/div>\n              <div class=\"box-text text-left\" >\n                 <p>Colegio Tecnova<\/p>\n              <\/div>\n            <\/div>\n            <\/a>          <\/div>\n         <\/div><div class=\"gallery-col col\" >\n          <div class=\"col-inner\">\n            <a class=\"image-lightbox lightbox-gallery\" href=\"https:\/\/colegiotecnova.com.ar\/primario\/wp-content\/uploads\/2020\/03\/8.jpg\" title=\"Colegio Tecnova\">            <div class=\"box has-hover gallery-box box-none\">\n              <div class=\"box-image\" >\n                <img loading=\"lazy\" decoding=\"async\" width=\"1024\" height=\"815\" src=\"https:\/\/colegiotecnova.com.ar\/primario\/wp-content\/uploads\/2020\/03\/8.jpg\" class=\"attachment-original size-original\" alt=\"\" ids=\"411,405,407,410,408,409,406,404\" style=\"none\" col_spacing=\"collapse\" image_size=\"original\" srcset=\"https:\/\/colegiotecnova.com.ar\/primario\/wp-content\/uploads\/2020\/03\/8.jpg 1024w, https:\/\/colegiotecnova.com.ar\/primario\/wp-content\/uploads\/2020\/03\/8-768x611.jpg 768w\" sizes=\"auto, (max-width: 1024px) 100vw, 1024px\" \/>                                                              <\/div>\n              <div class=\"box-text text-left\" >\n                 <p>Colegio Tecnova<\/p>\n              <\/div>\n            <\/div>\n            <\/a>          <\/div>\n         <\/div><div class=\"gallery-col col\" >\n          <div class=\"col-inner\">\n            <a class=\"image-lightbox lightbox-gallery\" href=\"https:\/\/colegiotecnova.com.ar\/primario\/wp-content\/uploads\/2020\/03\/6.jpg\" title=\"Colegio Tecnova\">            <div class=\"box has-hover gallery-box box-none\">\n              <div class=\"box-image\" >\n                <img loading=\"lazy\" decoding=\"async\" width=\"759\" height=\"1024\" src=\"https:\/\/colegiotecnova.com.ar\/primario\/wp-content\/uploads\/2020\/03\/6.jpg\" class=\"attachment-original size-original\" alt=\"\" ids=\"411,405,407,410,408,409,406,404\" style=\"none\" col_spacing=\"collapse\" image_size=\"original\" \/>                                                              <\/div>\n              <div class=\"box-text text-left\" >\n                 <p>Colegio Tecnova<\/p>\n              <\/div>\n            <\/div>\n            <\/a>          <\/div>\n         <\/div><div class=\"gallery-col col\" >\n          <div class=\"col-inner\">\n            <a class=\"image-lightbox lightbox-gallery\" href=\"https:\/\/colegiotecnova.com.ar\/primario\/wp-content\/uploads\/2020\/03\/7.jpg\" title=\"Colegio Tecnova\">            <div class=\"box has-hover gallery-box box-none\">\n              <div class=\"box-image\" >\n                <img loading=\"lazy\" decoding=\"async\" width=\"960\" height=\"1280\" src=\"https:\/\/colegiotecnova.com.ar\/primario\/wp-content\/uploads\/2020\/03\/7.jpg\" class=\"attachment-original size-original\" alt=\"\" ids=\"411,405,407,410,408,409,406,404\" style=\"none\" col_spacing=\"collapse\" image_size=\"original\" srcset=\"https:\/\/colegiotecnova.com.ar\/primario\/wp-content\/uploads\/2020\/03\/7.jpg 960w, https:\/\/colegiotecnova.com.ar\/primario\/wp-content\/uploads\/2020\/03\/7-768x1024.jpg 768w\" sizes=\"auto, (max-width: 960px) 100vw, 960px\" \/>                                                              <\/div>\n              <div class=\"box-text text-left\" >\n                 <p>Colegio Tecnova<\/p>\n              <\/div>\n            <\/div>\n            <\/a>          <\/div>\n         <\/div><div class=\"gallery-col col\" >\n          <div class=\"col-inner\">\n            <a class=\"image-lightbox lightbox-gallery\" href=\"https:\/\/colegiotecnova.com.ar\/primario\/wp-content\/uploads\/2020\/03\/4.jpg\" title=\"Colegio Tecnova\">            <div class=\"box has-hover gallery-box box-none\">\n              <div class=\"box-image\" >\n                <img loading=\"lazy\" decoding=\"async\" width=\"960\" height=\"1280\" src=\"https:\/\/colegiotecnova.com.ar\/primario\/wp-content\/uploads\/2020\/03\/4.jpg\" class=\"attachment-original size-original\" alt=\"\" ids=\"411,405,407,410,408,409,406,404\" style=\"none\" col_spacing=\"collapse\" image_size=\"original\" srcset=\"https:\/\/colegiotecnova.com.ar\/primario\/wp-content\/uploads\/2020\/03\/4.jpg 960w, https:\/\/colegiotecnova.com.ar\/primario\/wp-content\/uploads\/2020\/03\/4-768x1024.jpg 768w\" sizes=\"auto, (max-width: 960px) 100vw, 960px\" \/>                                                              <\/div>\n              <div class=\"box-text text-left\" >\n                 <p>Colegio Tecnova<\/p>\n              <\/div>\n            <\/div>\n            <\/a>          <\/div>\n         <\/div><div class=\"gallery-col col\" >\n          <div class=\"col-inner\">\n            <a class=\"image-lightbox lightbox-gallery\" href=\"https:\/\/colegiotecnova.com.ar\/primario\/wp-content\/uploads\/2020\/03\/2.jpg\" title=\"Colegio Tecnova\">            <div class=\"box has-hover gallery-box box-none\">\n              <div class=\"box-image\" >\n                <img loading=\"lazy\" decoding=\"async\" width=\"728\" height=\"1024\" src=\"https:\/\/colegiotecnova.com.ar\/primario\/wp-content\/uploads\/2020\/03\/2.jpg\" class=\"attachment-original size-original\" alt=\"\" ids=\"411,405,407,410,408,409,406,404\" style=\"none\" col_spacing=\"collapse\" image_size=\"original\" \/>                                                              <\/div>\n              <div class=\"box-text text-left\" >\n                 <p>Colegio Tecnova<\/p>\n              <\/div>\n            <\/div>\n            <\/a>          <\/div>\n         <\/div><\/div>\n\n<video width=\"100%\" controls>\n  <source src=\"\/wp-content\/uploads\/2020\/03\/VID-20200305-WA0019.mp4\" type=\"video\/mp4\"><\/video>\n\n\t\t<\/div>\n\t\t\t\t\t<\/div>\n\n\t\n\n<\/div>\n\n\t\t<\/div>\n\n\t\t\n<style>\n#section_604909651 {\n  padding-top: 0px;\n  padding-bottom: 0px;\n}\n<\/style>\n\t<\/section>\n\t\n\n","protected":false},"excerpt":{"rendered":"<p>Las vacaciones finalizaron y el esperado primer d\u00eda de clases llego a TECNOVA.<br \/>\nQueremos compartirles im\u00e1genes de este nuevo comienzo junto con algunos consejos para ayudar a los ni\u00f1os a disfrutar del inicio del ciclo lectivo.<\/p>\n","protected":false},"author":1,"featured_media":399,"comment_status":"closed","ping_status":"closed","sticky":false,"template":"","format":"standard","meta":{"_joinchat":[],"footnotes":""},"categories":[3],"tags":[],"class_list":["post-397","post","type-post","status-publish","format-standard","has-post-thumbnail","hentry","category-tips"],"yoast_head":"<!-- This site is optimized with the Yoast SEO plugin v23.1 - https:\/\/yoast.com\/wordpress\/plugins\/seo\/ -->\n<title>Empezaron las clases! - Colegio Tecnova<\/title>\n<meta name=\"robots\" content=\"index, follow, max-snippet:-1, max-image-preview:large, max-video-preview:-1\" \/>\n<link rel=\"canonical\" href=\"https:\/\/colegiotecnova.com.ar\/primario\/empezaron-las-clases\/\" \/>\n<meta property=\"og:locale\" content=\"es_ES\" \/>\n<meta property=\"og:type\" content=\"article\" \/>\n<meta property=\"og:title\" content=\"Empezaron las clases! - Colegio Tecnova\" \/>\n<meta property=\"og:description\" content=\"Las vacaciones finalizaron y el esperado primer d\u00eda de clases llego a TECNOVA. Queremos compartirles im\u00e1genes de este nuevo comienzo junto con algunos consejos para ayudar a los ni\u00f1os a disfrutar del inicio del ciclo lectivo.\" \/>\n<meta property=\"og:url\" content=\"https:\/\/colegiotecnova.com.ar\/primario\/empezaron-las-clases\/\" \/>\n<meta property=\"og:site_name\" content=\"Colegio Tecnova\" \/>\n<meta property=\"article:publisher\" content=\"https:\/\/www.facebook.com\/colegiotecnova\/\" \/>\n<meta property=\"article:published_time\" content=\"2020-03-05T21:02:10+00:00\" \/>\n<meta property=\"article:modified_time\" content=\"2023-05-22T17:29:12+00:00\" \/>\n<meta property=\"og:image\" content=\"https:\/\/colegiotecnova.com.ar\/primario\/wp-content\/uploads\/2020\/03\/tecnova-blog-7.jpg\" \/>\n\t<meta property=\"og:image:width\" content=\"1200\" \/>\n\t<meta property=\"og:image:height\" content=\"600\" \/>\n\t<meta property=\"og:image:type\" content=\"image\/jpeg\" \/>\n<meta name=\"author\" content=\"agenciabrandi\" \/>\n<meta name=\"twitter:card\" content=\"summary_large_image\" \/>\n<meta name=\"twitter:label1\" content=\"Escrito por\" \/>\n\t<meta name=\"twitter:data1\" content=\"agenciabrandi\" \/>\n\t<meta name=\"twitter:label2\" content=\"Tiempo de lectura\" \/>\n\t<meta name=\"twitter:data2\" content=\"1 minuto\" \/>\n<script type=\"application\/ld+json\" class=\"yoast-schema-graph\">{\"@context\":\"https:\/\/schema.org\",\"@graph\":[{\"@type\":\"Article\",\"@id\":\"https:\/\/colegiotecnova.com.ar\/primario\/empezaron-las-clases\/#article\",\"isPartOf\":{\"@id\":\"https:\/\/colegiotecnova.com.ar\/primario\/empezaron-las-clases\/\"},\"author\":{\"name\":\"agenciabrandi\",\"@id\":\"https:\/\/colegiotecnova.com.ar\/primario\/#\/schema\/person\/1b427404c1707945bb15c8c7974ea5ee\"},\"headline\":\"Empezaron las clases!\",\"datePublished\":\"2020-03-05T21:02:10+00:00\",\"dateModified\":\"2023-05-22T17:29:12+00:00\",\"mainEntityOfPage\":{\"@id\":\"https:\/\/colegiotecnova.com.ar\/primario\/empezaron-las-clases\/\"},\"wordCount\":258,\"publisher\":{\"@id\":\"https:\/\/colegiotecnova.com.ar\/primario\/#organization\"},\"image\":{\"@id\":\"https:\/\/colegiotecnova.com.ar\/primario\/empezaron-las-clases\/#primaryimage\"},\"thumbnailUrl\":\"https:\/\/colegiotecnova.com.ar\/primario\/wp-content\/uploads\/2020\/03\/tecnova-blog-7.jpg\",\"articleSection\":[\"Tips\"],\"inLanguage\":\"es\"},{\"@type\":\"WebPage\",\"@id\":\"https:\/\/colegiotecnova.com.ar\/primario\/empezaron-las-clases\/\",\"url\":\"https:\/\/colegiotecnova.com.ar\/primario\/empezaron-las-clases\/\",\"name\":\"Empezaron las clases! - Colegio Tecnova\",\"isPartOf\":{\"@id\":\"https:\/\/colegiotecnova.com.ar\/primario\/#website\"},\"primaryImageOfPage\":{\"@id\":\"https:\/\/colegiotecnova.com.ar\/primario\/empezaron-las-clases\/#primaryimage\"},\"image\":{\"@id\":\"https:\/\/colegiotecnova.com.ar\/primario\/empezaron-las-clases\/#primaryimage\"},\"thumbnailUrl\":\"https:\/\/colegiotecnova.com.ar\/primario\/wp-content\/uploads\/2020\/03\/tecnova-blog-7.jpg\",\"datePublished\":\"2020-03-05T21:02:10+00:00\",\"dateModified\":\"2023-05-22T17:29:12+00:00\",\"breadcrumb\":{\"@id\":\"https:\/\/colegiotecnova.com.ar\/primario\/empezaron-las-clases\/#breadcrumb\"},\"inLanguage\":\"es\",\"potentialAction\":[{\"@type\":\"ReadAction\",\"target\":[\"https:\/\/colegiotecnova.com.ar\/primario\/empezaron-las-clases\/\"]}]},{\"@type\":\"ImageObject\",\"inLanguage\":\"es\",\"@id\":\"https:\/\/colegiotecnova.com.ar\/primario\/empezaron-las-clases\/#primaryimage\",\"url\":\"https:\/\/colegiotecnova.com.ar\/primario\/wp-content\/uploads\/2020\/03\/tecnova-blog-7.jpg\",\"contentUrl\":\"https:\/\/colegiotecnova.com.ar\/primario\/wp-content\/uploads\/2020\/03\/tecnova-blog-7.jpg\",\"width\":1200,\"height\":600},{\"@type\":\"BreadcrumbList\",\"@id\":\"https:\/\/colegiotecnova.com.ar\/primario\/empezaron-las-clases\/#breadcrumb\",\"itemListElement\":[{\"@type\":\"ListItem\",\"position\":1,\"name\":\"Portada\",\"item\":\"https:\/\/colegiotecnova.com.ar\/primario\/\"},{\"@type\":\"ListItem\",\"position\":2,\"name\":\"Empezaron las clases!\"}]},{\"@type\":\"WebSite\",\"@id\":\"https:\/\/colegiotecnova.com.ar\/primario\/#website\",\"url\":\"https:\/\/colegiotecnova.com.ar\/primario\/\",\"name\":\"Colegio Tecnova\",\"description\":\"Ciclo Primario\",\"publisher\":{\"@id\":\"https:\/\/colegiotecnova.com.ar\/primario\/#organization\"},\"potentialAction\":[{\"@type\":\"SearchAction\",\"target\":{\"@type\":\"EntryPoint\",\"urlTemplate\":\"https:\/\/colegiotecnova.com.ar\/primario\/?s={search_term_string}\"},\"query-input\":\"required name=search_term_string\"}],\"inLanguage\":\"es\"},{\"@type\":\"Organization\",\"@id\":\"https:\/\/colegiotecnova.com.ar\/primario\/#organization\",\"name\":\"Colegio Tecnova\",\"url\":\"https:\/\/colegiotecnova.com.ar\/primario\/\",\"logo\":{\"@type\":\"ImageObject\",\"inLanguage\":\"es\",\"@id\":\"https:\/\/colegiotecnova.com.ar\/primario\/#\/schema\/logo\/image\/\",\"url\":\"https:\/\/colegiotecnova.com.ar\/primario\/wp-content\/uploads\/2019\/09\/tecnova-logo.svg\",\"contentUrl\":\"https:\/\/colegiotecnova.com.ar\/primario\/wp-content\/uploads\/2019\/09\/tecnova-logo.svg\",\"width\":1,\"height\":1,\"caption\":\"Colegio Tecnova\"},\"image\":{\"@id\":\"https:\/\/colegiotecnova.com.ar\/primario\/#\/schema\/logo\/image\/\"},\"sameAs\":[\"https:\/\/www.facebook.com\/colegiotecnova\/\",\"https:\/\/www.instagram.com\/colegiotecnova\/\"]},{\"@type\":\"Person\",\"@id\":\"https:\/\/colegiotecnova.com.ar\/primario\/#\/schema\/person\/1b427404c1707945bb15c8c7974ea5ee\",\"name\":\"agenciabrandi\",\"image\":{\"@type\":\"ImageObject\",\"inLanguage\":\"es\",\"@id\":\"https:\/\/colegiotecnova.com.ar\/primario\/#\/schema\/person\/image\/\",\"url\":\"https:\/\/secure.gravatar.com\/avatar\/50bba42885c89b43e9fb985e0cf9c0ba84c977f0199a260067028766c51fb117?s=96&d=mm&r=g\",\"contentUrl\":\"https:\/\/secure.gravatar.com\/avatar\/50bba42885c89b43e9fb985e0cf9c0ba84c977f0199a260067028766c51fb117?s=96&d=mm&r=g\",\"caption\":\"agenciabrandi\"},\"url\":\"https:\/\/colegiotecnova.com.ar\/primario\/author\/agenciabrandi\/\"}]}<\/script>\n<!-- \/ Yoast SEO plugin. -->","yoast_head_json":{"title":"Empezaron las clases! - Colegio Tecnova","robots":{"index":"index","follow":"follow","max-snippet":"max-snippet:-1","max-image-preview":"max-image-preview:large","max-video-preview":"max-video-preview:-1"},"canonical":"https:\/\/colegiotecnova.com.ar\/primario\/empezaron-las-clases\/","og_locale":"es_ES","og_type":"article","og_title":"Empezaron las clases! - Colegio Tecnova","og_description":"Las vacaciones finalizaron y el esperado primer d\u00eda de clases llego a TECNOVA. Queremos compartirles im\u00e1genes de este nuevo comienzo junto con algunos consejos para ayudar a los ni\u00f1os a disfrutar del inicio del ciclo lectivo.","og_url":"https:\/\/colegiotecnova.com.ar\/primario\/empezaron-las-clases\/","og_site_name":"Colegio Tecnova","article_publisher":"https:\/\/www.facebook.com\/colegiotecnova\/","article_published_time":"2020-03-05T21:02:10+00:00","article_modified_time":"2023-05-22T17:29:12+00:00","og_image":[{"width":1200,"height":600,"url":"https:\/\/colegiotecnova.com.ar\/primario\/wp-content\/uploads\/2020\/03\/tecnova-blog-7.jpg","type":"image\/jpeg"}],"author":"agenciabrandi","twitter_card":"summary_large_image","twitter_misc":{"Escrito por":"agenciabrandi","Tiempo de lectura":"1 minuto"},"schema":{"@context":"https:\/\/schema.org","@graph":[{"@type":"Article","@id":"https:\/\/colegiotecnova.com.ar\/primario\/empezaron-las-clases\/#article","isPartOf":{"@id":"https:\/\/colegiotecnova.com.ar\/primario\/empezaron-las-clases\/"},"author":{"name":"agenciabrandi","@id":"https:\/\/colegiotecnova.com.ar\/primario\/#\/schema\/person\/1b427404c1707945bb15c8c7974ea5ee"},"headline":"Empezaron las clases!","datePublished":"2020-03-05T21:02:10+00:00","dateModified":"2023-05-22T17:29:12+00:00","mainEntityOfPage":{"@id":"https:\/\/colegiotecnova.com.ar\/primario\/empezaron-las-clases\/"},"wordCount":258,"publisher":{"@id":"https:\/\/colegiotecnova.com.ar\/primario\/#organization"},"image":{"@id":"https:\/\/colegiotecnova.com.ar\/primario\/empezaron-las-clases\/#primaryimage"},"thumbnailUrl":"https:\/\/colegiotecnova.com.ar\/primario\/wp-content\/uploads\/2020\/03\/tecnova-blog-7.jpg","articleSection":["Tips"],"inLanguage":"es"},{"@type":"WebPage","@id":"https:\/\/colegiotecnova.com.ar\/primario\/empezaron-las-clases\/","url":"https:\/\/colegiotecnova.com.ar\/primario\/empezaron-las-clases\/","name":"Empezaron las clases! - Colegio Tecnova","isPartOf":{"@id":"https:\/\/colegiotecnova.com.ar\/primario\/#website"},"primaryImageOfPage":{"@id":"https:\/\/colegiotecnova.com.ar\/primario\/empezaron-las-clases\/#primaryimage"},"image":{"@id":"https:\/\/colegiotecnova.com.ar\/primario\/empezaron-las-clases\/#primaryimage"},"thumbnailUrl":"https:\/\/colegiotecnova.com.ar\/primario\/wp-content\/uploads\/2020\/03\/tecnova-blog-7.jpg","datePublished":"2020-03-05T21:02:10+00:00","dateModified":"2023-05-22T17:29:12+00:00","breadcrumb":{"@id":"https:\/\/colegiotecnova.com.ar\/primario\/empezaron-las-clases\/#breadcrumb"},"inLanguage":"es","potentialAction":[{"@type":"ReadAction","target":["https:\/\/colegiotecnova.com.ar\/primario\/empezaron-las-clases\/"]}]},{"@type":"ImageObject","inLanguage":"es","@id":"https:\/\/colegiotecnova.com.ar\/primario\/empezaron-las-clases\/#primaryimage","url":"https:\/\/colegiotecnova.com.ar\/primario\/wp-content\/uploads\/2020\/03\/tecnova-blog-7.jpg","contentUrl":"https:\/\/colegiotecnova.com.ar\/primario\/wp-content\/uploads\/2020\/03\/tecnova-blog-7.jpg","width":1200,"height":600},{"@type":"BreadcrumbList","@id":"https:\/\/colegiotecnova.com.ar\/primario\/empezaron-las-clases\/#breadcrumb","itemListElement":[{"@type":"ListItem","position":1,"name":"Portada","item":"https:\/\/colegiotecnova.com.ar\/primario\/"},{"@type":"ListItem","position":2,"name":"Empezaron las clases!"}]},{"@type":"WebSite","@id":"https:\/\/colegiotecnova.com.ar\/primario\/#website","url":"https:\/\/colegiotecnova.com.ar\/primario\/","name":"Colegio Tecnova","description":"Ciclo Primario","publisher":{"@id":"https:\/\/colegiotecnova.com.ar\/primario\/#organization"},"potentialAction":[{"@type":"SearchAction","target":{"@type":"EntryPoint","urlTemplate":"https:\/\/colegiotecnova.com.ar\/primario\/?s={search_term_string}"},"query-input":"required name=search_term_string"}],"inLanguage":"es"},{"@type":"Organization","@id":"https:\/\/colegiotecnova.com.ar\/primario\/#organization","name":"Colegio Tecnova","url":"https:\/\/colegiotecnova.com.ar\/primario\/","logo":{"@type":"ImageObject","inLanguage":"es","@id":"https:\/\/colegiotecnova.com.ar\/primario\/#\/schema\/logo\/image\/","url":"https:\/\/colegiotecnova.com.ar\/primario\/wp-content\/uploads\/2019\/09\/tecnova-logo.svg","contentUrl":"https:\/\/colegiotecnova.com.ar\/primario\/wp-content\/uploads\/2019\/09\/tecnova-logo.svg","width":1,"height":1,"caption":"Colegio Tecnova"},"image":{"@id":"https:\/\/colegiotecnova.com.ar\/primario\/#\/schema\/logo\/image\/"},"sameAs":["https:\/\/www.facebook.com\/colegiotecnova\/","https:\/\/www.instagram.com\/colegiotecnova\/"]},{"@type":"Person","@id":"https:\/\/colegiotecnova.com.ar\/primario\/#\/schema\/person\/1b427404c1707945bb15c8c7974ea5ee","name":"agenciabrandi","image":{"@type":"ImageObject","inLanguage":"es","@id":"https:\/\/colegiotecnova.com.ar\/primario\/#\/schema\/person\/image\/","url":"https:\/\/secure.gravatar.com\/avatar\/50bba42885c89b43e9fb985e0cf9c0ba84c977f0199a260067028766c51fb117?s=96&d=mm&r=g","contentUrl":"https:\/\/secure.gravatar.com\/avatar\/50bba42885c89b43e9fb985e0cf9c0ba84c977f0199a260067028766c51fb117?s=96&d=mm&r=g","caption":"agenciabrandi"},"url":"https:\/\/colegiotecnova.com.ar\/primario\/author\/agenciabrandi\/"}]}},"_links":{"self":[{"href":"https:\/\/colegiotecnova.com.ar\/primario\/wp-json\/wp\/v2\/posts\/397","targetHints":{"allow":["GET"]}}],"collection":[{"href":"https:\/\/colegiotecnova.com.ar\/primario\/wp-json\/wp\/v2\/posts"}],"about":[{"href":"https:\/\/colegiotecnova.com.ar\/primario\/wp-json\/wp\/v2\/types\/post"}],"author":[{"embeddable":true,"href":"https:\/\/colegiotecnova.com.ar\/primario\/wp-json\/wp\/v2\/users\/1"}],"replies":[{"embeddable":true,"href":"https:\/\/colegiotecnova.com.ar\/primario\/wp-json\/wp\/v2\/comments?post=397"}],"version-history":[{"count":6,"href":"https:\/\/colegiotecnova.com.ar\/primario\/wp-json\/wp\/v2\/posts\/397\/revisions"}],"predecessor-version":[{"id":414,"href":"https:\/\/colegiotecnova.com.ar\/primario\/wp-json\/wp\/v2\/posts\/397\/revisions\/414"}],"wp:featuredmedia":[{"embeddable":true,"href":"https:\/\/colegiotecnova.com.ar\/primario\/wp-json\/wp\/v2\/media\/399"}],"wp:attachment":[{"href":"https:\/\/colegiotecnova.com.ar\/primario\/wp-json\/wp\/v2\/media?parent=397"}],"wp:term":[{"taxonomy":"category","embeddable":true,"href":"https:\/\/colegiotecnova.com.ar\/primario\/wp-json\/wp\/v2\/categories?post=397"},{"taxonomy":"post_tag","embeddable":true,"href":"https:\/\/colegiotecnova.com.ar\/primario\/wp-json\/wp\/v2\/tags?post=397"}],"curies":[{"name":"wp","href":"https:\/\/api.w.org\/{rel}","templated":true}]}}