{"id":377,"date":"2020-01-15T15:24:33","date_gmt":"2020-01-15T15:24:33","guid":{"rendered":"https:\/\/colegiotecnova.com.ar\/?p=377"},"modified":"2023-05-22T17:29:13","modified_gmt":"2023-05-22T17:29:13","slug":"consejos-para-el-buen-uso-del-protector-solar","status":"publish","type":"post","link":"https:\/\/colegiotecnova.com.ar\/primario\/consejos-para-el-buen-uso-del-protector-solar\/","title":{"rendered":"Consejos para el buen uso del protector solar"},"content":{"rendered":"\n\t<section class=\"section texto-blog\" id=\"section_1055481274\">\n\t\t<div class=\"bg section-bg fill bg-fill  bg-loaded\" >\n\n\t\t\t\n\t\t\t\n\t\t\t\n\n\t\t<\/div>\n\n\t\t\n\n\t\t<div class=\"section-content relative\">\n\t\t\t\n\n<div class=\"row\"  id=\"row-429381223\">\n\n\n\t<div id=\"col-587406262\" class=\"col small-12 large-12\"  >\n\t\t\t\t<div class=\"col-inner\"  >\n\t\t\t\n\t\t\t\n\n<p>Ya empez\u00f3 el verano y es importante que los chicos cuenten con la protecci\u00f3n necesaria para su piel. A pesar de la prisa o impaciencia que puedan tener los ni\u00f1os, es importante dedicar un momento del d\u00eda para aplicar correctamente un buen protector solar.<\/p>\n\n\t\t<\/div>\n\t\t\t\t\t<\/div>\n\n\t\n\n\t<div id=\"col-1249877772\" class=\"col small-12 large-12\"  >\n\t\t\t\t<div class=\"col-inner\"  >\n\t\t\t\n\t\t\t\n\n<p>Les compartimos 4 pasos para realizar en casa:<\/p>\n<ol>\n<li>Aplicar la crema 30 minutos antes de salir de casa.<br \/> Ya que el protector solar empieza a hacer efecto hasta 20 min despu\u00e9s de aplicarlo, es mejor ponerlo en casa antes de salir. Eviten que sus hijos se pongan la ropa inmediatamente despu\u00e9s de aplicarlo para que la tela no absorba la crema.<\/li>\n<li>Renueven el protector solar cada 2 horas.<br \/>\nLa frecuencia de renovaci\u00f3n habitual de la crema solar es cada 2 horas. En caso de estar en la piscina o playa, la aplicaci\u00f3n debe hacerse cada hora aproximadamente, ya que los chicos est\u00e1n en constante contacto con el agua y mantienen mucha actividad f\u00edsica.<\/li>\n<li>Apliquen el protector solar en d\u00edas nublados.<br \/>\nAunque parecen d\u00edas de sombra, en los d\u00edas nublados tambi\u00e9n hay que poner crema solar, porque las radiaciones solares atraviesan las nubes.<\/li>\n<li>Dediquen especial atenci\u00f3n a las zonas m\u00e1s sensibles.<br \/>\nLas zonas donde la piel es m\u00e1s fina es la m\u00e1s propensa a quemarse. Es importante proteger zonas olvidadas como los p\u00e1rpados y las orejas. Tambi\u00e9n las partes del cuerpo que sobresalen, como los hombros y la nariz, las zonas donde se concentran la mayor\u00eda de quemaduras solares.<\/li>\n<\/ol>\n<p class=\"hashtahgs\">#SomosTecnova #Colegio #Educacionprimaria #Ecologia #Ajedez #Tecnologia<\/p>\n\n\t\t<\/div>\n\t\t\t\t\t<\/div>\n\n\t\n\n<\/div>\n\n\t\t<\/div>\n\n\t\t\n<style>\n#section_1055481274 {\n  padding-top: 0px;\n  padding-bottom: 0px;\n}\n<\/style>\n\t<\/section>\n\t\n\n","protected":false},"excerpt":{"rendered":"<p>Ya empez\u00f3 el verano y es importante que los chicos cuenten con la protecci\u00f3n necesaria para su<br \/>\npiel.<\/p>\n","protected":false},"author":1,"featured_media":378,"comment_status":"closed","ping_status":"closed","sticky":false,"template":"","format":"standard","meta":{"_joinchat":[],"footnotes":""},"categories":[3],"tags":[],"class_list":["post-377","post","type-post","status-publish","format-standard","has-post-thumbnail","hentry","category-tips"],"yoast_head":"<!-- This site is optimized with the Yoast SEO plugin v23.1 - https:\/\/yoast.com\/wordpress\/plugins\/seo\/ -->\n<title>Consejos para el buen uso del protector solar - Colegio Tecnova<\/title>\n<meta name=\"robots\" content=\"index, follow, max-snippet:-1, max-image-preview:large, max-video-preview:-1\" \/>\n<link rel=\"canonical\" href=\"https:\/\/colegiotecnova.com.ar\/primario\/consejos-para-el-buen-uso-del-protector-solar\/\" \/>\n<meta property=\"og:locale\" content=\"es_ES\" \/>\n<meta property=\"og:type\" content=\"article\" \/>\n<meta property=\"og:title\" content=\"Consejos para el buen uso del protector solar - Colegio Tecnova\" \/>\n<meta property=\"og:description\" content=\"Ya empez\u00f3 el verano y es importante que los chicos cuenten con la protecci\u00f3n necesaria para su piel.\" \/>\n<meta property=\"og:url\" content=\"https:\/\/colegiotecnova.com.ar\/primario\/consejos-para-el-buen-uso-del-protector-solar\/\" \/>\n<meta property=\"og:site_name\" content=\"Colegio Tecnova\" \/>\n<meta property=\"article:publisher\" content=\"https:\/\/www.facebook.com\/colegiotecnova\/\" \/>\n<meta property=\"article:published_time\" content=\"2020-01-15T15:24:33+00:00\" \/>\n<meta property=\"article:modified_time\" content=\"2023-05-22T17:29:13+00:00\" \/>\n<meta property=\"og:image\" content=\"https:\/\/colegiotecnova.com.ar\/primario\/wp-content\/uploads\/2020\/01\/tecnova-blog-4.jpg\" \/>\n\t<meta property=\"og:image:width\" content=\"1200\" \/>\n\t<meta property=\"og:image:height\" content=\"600\" \/>\n\t<meta property=\"og:image:type\" content=\"image\/jpeg\" \/>\n<meta name=\"author\" content=\"agenciabrandi\" \/>\n<meta name=\"twitter:card\" content=\"summary_large_image\" \/>\n<meta name=\"twitter:label1\" content=\"Escrito por\" \/>\n\t<meta name=\"twitter:data1\" content=\"agenciabrandi\" \/>\n\t<meta name=\"twitter:label2\" content=\"Tiempo de lectura\" \/>\n\t<meta name=\"twitter:data2\" content=\"1 minuto\" \/>\n<script type=\"application\/ld+json\" class=\"yoast-schema-graph\">{\"@context\":\"https:\/\/schema.org\",\"@graph\":[{\"@type\":\"Article\",\"@id\":\"https:\/\/colegiotecnova.com.ar\/primario\/consejos-para-el-buen-uso-del-protector-solar\/#article\",\"isPartOf\":{\"@id\":\"https:\/\/colegiotecnova.com.ar\/primario\/consejos-para-el-buen-uso-del-protector-solar\/\"},\"author\":{\"name\":\"agenciabrandi\",\"@id\":\"https:\/\/colegiotecnova.com.ar\/primario\/#\/schema\/person\/1b427404c1707945bb15c8c7974ea5ee\"},\"headline\":\"Consejos para el buen uso del protector solar\",\"datePublished\":\"2020-01-15T15:24:33+00:00\",\"dateModified\":\"2023-05-22T17:29:13+00:00\",\"mainEntityOfPage\":{\"@id\":\"https:\/\/colegiotecnova.com.ar\/primario\/consejos-para-el-buen-uso-del-protector-solar\/\"},\"wordCount\":287,\"publisher\":{\"@id\":\"https:\/\/colegiotecnova.com.ar\/primario\/#organization\"},\"image\":{\"@id\":\"https:\/\/colegiotecnova.com.ar\/primario\/consejos-para-el-buen-uso-del-protector-solar\/#primaryimage\"},\"thumbnailUrl\":\"https:\/\/colegiotecnova.com.ar\/primario\/wp-content\/uploads\/2020\/01\/tecnova-blog-4.jpg\",\"articleSection\":[\"Tips\"],\"inLanguage\":\"es\"},{\"@type\":\"WebPage\",\"@id\":\"https:\/\/colegiotecnova.com.ar\/primario\/consejos-para-el-buen-uso-del-protector-solar\/\",\"url\":\"https:\/\/colegiotecnova.com.ar\/primario\/consejos-para-el-buen-uso-del-protector-solar\/\",\"name\":\"Consejos para el buen uso del protector solar - Colegio Tecnova\",\"isPartOf\":{\"@id\":\"https:\/\/colegiotecnova.com.ar\/primario\/#website\"},\"primaryImageOfPage\":{\"@id\":\"https:\/\/colegiotecnova.com.ar\/primario\/consejos-para-el-buen-uso-del-protector-solar\/#primaryimage\"},\"image\":{\"@id\":\"https:\/\/colegiotecnova.com.ar\/primario\/consejos-para-el-buen-uso-del-protector-solar\/#primaryimage\"},\"thumbnailUrl\":\"https:\/\/colegiotecnova.com.ar\/primario\/wp-content\/uploads\/2020\/01\/tecnova-blog-4.jpg\",\"datePublished\":\"2020-01-15T15:24:33+00:00\",\"dateModified\":\"2023-05-22T17:29:13+00:00\",\"breadcrumb\":{\"@id\":\"https:\/\/colegiotecnova.com.ar\/primario\/consejos-para-el-buen-uso-del-protector-solar\/#breadcrumb\"},\"inLanguage\":\"es\",\"potentialAction\":[{\"@type\":\"ReadAction\",\"target\":[\"https:\/\/colegiotecnova.com.ar\/primario\/consejos-para-el-buen-uso-del-protector-solar\/\"]}]},{\"@type\":\"ImageObject\",\"inLanguage\":\"es\",\"@id\":\"https:\/\/colegiotecnova.com.ar\/primario\/consejos-para-el-buen-uso-del-protector-solar\/#primaryimage\",\"url\":\"https:\/\/colegiotecnova.com.ar\/primario\/wp-content\/uploads\/2020\/01\/tecnova-blog-4.jpg\",\"contentUrl\":\"https:\/\/colegiotecnova.com.ar\/primario\/wp-content\/uploads\/2020\/01\/tecnova-blog-4.jpg\",\"width\":1200,\"height\":600},{\"@type\":\"BreadcrumbList\",\"@id\":\"https:\/\/colegiotecnova.com.ar\/primario\/consejos-para-el-buen-uso-del-protector-solar\/#breadcrumb\",\"itemListElement\":[{\"@type\":\"ListItem\",\"position\":1,\"name\":\"Portada\",\"item\":\"https:\/\/colegiotecnova.com.ar\/primario\/\"},{\"@type\":\"ListItem\",\"position\":2,\"name\":\"Consejos para el buen uso del protector solar\"}]},{\"@type\":\"WebSite\",\"@id\":\"https:\/\/colegiotecnova.com.ar\/primario\/#website\",\"url\":\"https:\/\/colegiotecnova.com.ar\/primario\/\",\"name\":\"Colegio Tecnova\",\"description\":\"Ciclo Primario\",\"publisher\":{\"@id\":\"https:\/\/colegiotecnova.com.ar\/primario\/#organization\"},\"potentialAction\":[{\"@type\":\"SearchAction\",\"target\":{\"@type\":\"EntryPoint\",\"urlTemplate\":\"https:\/\/colegiotecnova.com.ar\/primario\/?s={search_term_string}\"},\"query-input\":\"required name=search_term_string\"}],\"inLanguage\":\"es\"},{\"@type\":\"Organization\",\"@id\":\"https:\/\/colegiotecnova.com.ar\/primario\/#organization\",\"name\":\"Colegio Tecnova\",\"url\":\"https:\/\/colegiotecnova.com.ar\/primario\/\",\"logo\":{\"@type\":\"ImageObject\",\"inLanguage\":\"es\",\"@id\":\"https:\/\/colegiotecnova.com.ar\/primario\/#\/schema\/logo\/image\/\",\"url\":\"https:\/\/colegiotecnova.com.ar\/primario\/wp-content\/uploads\/2019\/09\/tecnova-logo.svg\",\"contentUrl\":\"https:\/\/colegiotecnova.com.ar\/primario\/wp-content\/uploads\/2019\/09\/tecnova-logo.svg\",\"width\":1,\"height\":1,\"caption\":\"Colegio Tecnova\"},\"image\":{\"@id\":\"https:\/\/colegiotecnova.com.ar\/primario\/#\/schema\/logo\/image\/\"},\"sameAs\":[\"https:\/\/www.facebook.com\/colegiotecnova\/\",\"https:\/\/www.instagram.com\/colegiotecnova\/\"]},{\"@type\":\"Person\",\"@id\":\"https:\/\/colegiotecnova.com.ar\/primario\/#\/schema\/person\/1b427404c1707945bb15c8c7974ea5ee\",\"name\":\"agenciabrandi\",\"image\":{\"@type\":\"ImageObject\",\"inLanguage\":\"es\",\"@id\":\"https:\/\/colegiotecnova.com.ar\/primario\/#\/schema\/person\/image\/\",\"url\":\"https:\/\/secure.gravatar.com\/avatar\/50bba42885c89b43e9fb985e0cf9c0ba84c977f0199a260067028766c51fb117?s=96&d=mm&r=g\",\"contentUrl\":\"https:\/\/secure.gravatar.com\/avatar\/50bba42885c89b43e9fb985e0cf9c0ba84c977f0199a260067028766c51fb117?s=96&d=mm&r=g\",\"caption\":\"agenciabrandi\"},\"url\":\"https:\/\/colegiotecnova.com.ar\/primario\/author\/agenciabrandi\/\"}]}<\/script>\n<!-- \/ Yoast SEO plugin. -->","yoast_head_json":{"title":"Consejos para el buen uso del protector solar - Colegio Tecnova","robots":{"index":"index","follow":"follow","max-snippet":"max-snippet:-1","max-image-preview":"max-image-preview:large","max-video-preview":"max-video-preview:-1"},"canonical":"https:\/\/colegiotecnova.com.ar\/primario\/consejos-para-el-buen-uso-del-protector-solar\/","og_locale":"es_ES","og_type":"article","og_title":"Consejos para el buen uso del protector solar - Colegio Tecnova","og_description":"Ya empez\u00f3 el verano y es importante que los chicos cuenten con la protecci\u00f3n necesaria para su piel.","og_url":"https:\/\/colegiotecnova.com.ar\/primario\/consejos-para-el-buen-uso-del-protector-solar\/","og_site_name":"Colegio Tecnova","article_publisher":"https:\/\/www.facebook.com\/colegiotecnova\/","article_published_time":"2020-01-15T15:24:33+00:00","article_modified_time":"2023-05-22T17:29:13+00:00","og_image":[{"width":1200,"height":600,"url":"https:\/\/colegiotecnova.com.ar\/primario\/wp-content\/uploads\/2020\/01\/tecnova-blog-4.jpg","type":"image\/jpeg"}],"author":"agenciabrandi","twitter_card":"summary_large_image","twitter_misc":{"Escrito por":"agenciabrandi","Tiempo de lectura":"1 minuto"},"schema":{"@context":"https:\/\/schema.org","@graph":[{"@type":"Article","@id":"https:\/\/colegiotecnova.com.ar\/primario\/consejos-para-el-buen-uso-del-protector-solar\/#article","isPartOf":{"@id":"https:\/\/colegiotecnova.com.ar\/primario\/consejos-para-el-buen-uso-del-protector-solar\/"},"author":{"name":"agenciabrandi","@id":"https:\/\/colegiotecnova.com.ar\/primario\/#\/schema\/person\/1b427404c1707945bb15c8c7974ea5ee"},"headline":"Consejos para el buen uso del protector solar","datePublished":"2020-01-15T15:24:33+00:00","dateModified":"2023-05-22T17:29:13+00:00","mainEntityOfPage":{"@id":"https:\/\/colegiotecnova.com.ar\/primario\/consejos-para-el-buen-uso-del-protector-solar\/"},"wordCount":287,"publisher":{"@id":"https:\/\/colegiotecnova.com.ar\/primario\/#organization"},"image":{"@id":"https:\/\/colegiotecnova.com.ar\/primario\/consejos-para-el-buen-uso-del-protector-solar\/#primaryimage"},"thumbnailUrl":"https:\/\/colegiotecnova.com.ar\/primario\/wp-content\/uploads\/2020\/01\/tecnova-blog-4.jpg","articleSection":["Tips"],"inLanguage":"es"},{"@type":"WebPage","@id":"https:\/\/colegiotecnova.com.ar\/primario\/consejos-para-el-buen-uso-del-protector-solar\/","url":"https:\/\/colegiotecnova.com.ar\/primario\/consejos-para-el-buen-uso-del-protector-solar\/","name":"Consejos para el buen uso del protector solar - Colegio Tecnova","isPartOf":{"@id":"https:\/\/colegiotecnova.com.ar\/primario\/#website"},"primaryImageOfPage":{"@id":"https:\/\/colegiotecnova.com.ar\/primario\/consejos-para-el-buen-uso-del-protector-solar\/#primaryimage"},"image":{"@id":"https:\/\/colegiotecnova.com.ar\/primario\/consejos-para-el-buen-uso-del-protector-solar\/#primaryimage"},"thumbnailUrl":"https:\/\/colegiotecnova.com.ar\/primario\/wp-content\/uploads\/2020\/01\/tecnova-blog-4.jpg","datePublished":"2020-01-15T15:24:33+00:00","dateModified":"2023-05-22T17:29:13+00:00","breadcrumb":{"@id":"https:\/\/colegiotecnova.com.ar\/primario\/consejos-para-el-buen-uso-del-protector-solar\/#breadcrumb"},"inLanguage":"es","potentialAction":[{"@type":"ReadAction","target":["https:\/\/colegiotecnova.com.ar\/primario\/consejos-para-el-buen-uso-del-protector-solar\/"]}]},{"@type":"ImageObject","inLanguage":"es","@id":"https:\/\/colegiotecnova.com.ar\/primario\/consejos-para-el-buen-uso-del-protector-solar\/#primaryimage","url":"https:\/\/colegiotecnova.com.ar\/primario\/wp-content\/uploads\/2020\/01\/tecnova-blog-4.jpg","contentUrl":"https:\/\/colegiotecnova.com.ar\/primario\/wp-content\/uploads\/2020\/01\/tecnova-blog-4.jpg","width":1200,"height":600},{"@type":"BreadcrumbList","@id":"https:\/\/colegiotecnova.com.ar\/primario\/consejos-para-el-buen-uso-del-protector-solar\/#breadcrumb","itemListElement":[{"@type":"ListItem","position":1,"name":"Portada","item":"https:\/\/colegiotecnova.com.ar\/primario\/"},{"@type":"ListItem","position":2,"name":"Consejos para el buen uso del protector solar"}]},{"@type":"WebSite","@id":"https:\/\/colegiotecnova.com.ar\/primario\/#website","url":"https:\/\/colegiotecnova.com.ar\/primario\/","name":"Colegio Tecnova","description":"Ciclo Primario","publisher":{"@id":"https:\/\/colegiotecnova.com.ar\/primario\/#organization"},"potentialAction":[{"@type":"SearchAction","target":{"@type":"EntryPoint","urlTemplate":"https:\/\/colegiotecnova.com.ar\/primario\/?s={search_term_string}"},"query-input":"required name=search_term_string"}],"inLanguage":"es"},{"@type":"Organization","@id":"https:\/\/colegiotecnova.com.ar\/primario\/#organization","name":"Colegio Tecnova","url":"https:\/\/colegiotecnova.com.ar\/primario\/","logo":{"@type":"ImageObject","inLanguage":"es","@id":"https:\/\/colegiotecnova.com.ar\/primario\/#\/schema\/logo\/image\/","url":"https:\/\/colegiotecnova.com.ar\/primario\/wp-content\/uploads\/2019\/09\/tecnova-logo.svg","contentUrl":"https:\/\/colegiotecnova.com.ar\/primario\/wp-content\/uploads\/2019\/09\/tecnova-logo.svg","width":1,"height":1,"caption":"Colegio Tecnova"},"image":{"@id":"https:\/\/colegiotecnova.com.ar\/primario\/#\/schema\/logo\/image\/"},"sameAs":["https:\/\/www.facebook.com\/colegiotecnova\/","https:\/\/www.instagram.com\/colegiotecnova\/"]},{"@type":"Person","@id":"https:\/\/colegiotecnova.com.ar\/primario\/#\/schema\/person\/1b427404c1707945bb15c8c7974ea5ee","name":"agenciabrandi","image":{"@type":"ImageObject","inLanguage":"es","@id":"https:\/\/colegiotecnova.com.ar\/primario\/#\/schema\/person\/image\/","url":"https:\/\/secure.gravatar.com\/avatar\/50bba42885c89b43e9fb985e0cf9c0ba84c977f0199a260067028766c51fb117?s=96&d=mm&r=g","contentUrl":"https:\/\/secure.gravatar.com\/avatar\/50bba42885c89b43e9fb985e0cf9c0ba84c977f0199a260067028766c51fb117?s=96&d=mm&r=g","caption":"agenciabrandi"},"url":"https:\/\/colegiotecnova.com.ar\/primario\/author\/agenciabrandi\/"}]}},"_links":{"self":[{"href":"https:\/\/colegiotecnova.com.ar\/primario\/wp-json\/wp\/v2\/posts\/377","targetHints":{"allow":["GET"]}}],"collection":[{"href":"https:\/\/colegiotecnova.com.ar\/primario\/wp-json\/wp\/v2\/posts"}],"about":[{"href":"https:\/\/colegiotecnova.com.ar\/primario\/wp-json\/wp\/v2\/types\/post"}],"author":[{"embeddable":true,"href":"https:\/\/colegiotecnova.com.ar\/primario\/wp-json\/wp\/v2\/users\/1"}],"replies":[{"embeddable":true,"href":"https:\/\/colegiotecnova.com.ar\/primario\/wp-json\/wp\/v2\/comments?post=377"}],"version-history":[{"count":3,"href":"https:\/\/colegiotecnova.com.ar\/primario\/wp-json\/wp\/v2\/posts\/377\/revisions"}],"predecessor-version":[{"id":382,"href":"https:\/\/colegiotecnova.com.ar\/primario\/wp-json\/wp\/v2\/posts\/377\/revisions\/382"}],"wp:featuredmedia":[{"embeddable":true,"href":"https:\/\/colegiotecnova.com.ar\/primario\/wp-json\/wp\/v2\/media\/378"}],"wp:attachment":[{"href":"https:\/\/colegiotecnova.com.ar\/primario\/wp-json\/wp\/v2\/media?parent=377"}],"wp:term":[{"taxonomy":"category","embeddable":true,"href":"https:\/\/colegiotecnova.com.ar\/primario\/wp-json\/wp\/v2\/categories?post=377"},{"taxonomy":"post_tag","embeddable":true,"href":"https:\/\/colegiotecnova.com.ar\/primario\/wp-json\/wp\/v2\/tags?post=377"}],"curies":[{"name":"wp","href":"https:\/\/api.w.org\/{rel}","templated":true}]}}