{"id":346,"date":"2019-11-21T16:36:39","date_gmt":"2019-11-21T16:36:39","guid":{"rendered":"https:\/\/colegiotecnova.com.ar\/?p=346"},"modified":"2023-05-22T17:29:27","modified_gmt":"2023-05-22T17:29:27","slug":"los-ninos-y-las-redes-sociales","status":"publish","type":"post","link":"https:\/\/colegiotecnova.com.ar\/primario\/los-ninos-y-las-redes-sociales\/","title":{"rendered":"Los ni\u00f1os y las Redes Sociales"},"content":{"rendered":"\n\t<section class=\"section texto-blog\" id=\"section_1656077938\">\n\t\t<div class=\"bg section-bg fill bg-fill  bg-loaded\" >\n\n\t\t\t\n\t\t\t\n\t\t\t\n\n\t\t<\/div>\n\n\t\t\n\n\t\t<div class=\"section-content relative\">\n\t\t\t\n\n<div class=\"row\"  id=\"row-1190534848\">\n\n\n\t<div id=\"col-644390943\" class=\"col small-12 large-12\"  >\n\t\t\t\t<div class=\"col-inner\"  >\n\t\t\t\n\t\t\t\n\n<p>Si la tecnolog\u00eda est\u00e1 permitida en tu casa, es probable que todos tengan una cuenta en las redes sociales m\u00e1s populares.<\/p>\n\n\t\t<\/div>\n\t\t\t\t\t<\/div>\n\n\t\n\n\t<div id=\"col-575553221\" class=\"col small-12 large-12\"  >\n\t\t\t\t<div class=\"col-inner\"  >\n\t\t\t\n\t\t\t\n\n<p>Haz que tu hijo adolescente le de un uso responsable siguiendo estos consejos y convers\u00e1ndolos con \u00e9l para que comprenda que es por su seguridad.<\/p>\n<ol>\n<li>Horarios.<br>\nLas redes sociales pueden crear dependencia ya que son una fuente de entretenimiento y conexi\u00f3n constante. Para evitarlo, puedes desactivar el WiFi de casa a cierta hora de la noche o establecer actividades en familia que lo alejen del celular por unas horas.<\/li>\n<li>Contactos.<br>\nDe primera mano, lo recomendable es que solo tenga contactos del colegio, amigos de siempre y familiares, ya que son personas que conoce en la vida real. Si recibe una solicitud de amistad de un desconocido, por m\u00e1s que hayan \u201camigos\u201d en com\u00fan, es preferible que la rechace.<\/li>\n<li>Privacidad.<br>\nCada red social tiene una opci\u00f3n para configurar la privacidad de las cuentas, hazlo junto a tu hijo para que solo sus contactos accedan a su informaci\u00f3n y publicaciones.<\/li>\n<li>Pensar dos veces.<br>\nLas redes sociales permiten que nos expresemos, pero antes de publicar algo, tu hijo debe hacerse las siguientes preguntas: \u00bfEstoy ofendiendo a alguien? \/ \u00bfEs algo que podr\u00eda decir o compartir frente a mi familia?<\/li>\n<li>Credibilidad.<br>\nEn las redes sociales se comparte much\u00edsima informaci\u00f3n alarmista, es importante que le ense\u00f1es a tu hijo a confiar solo en fuentes seguras como p\u00e1ginas de diarios o periodistas conocidos.<\/li>\n<li>La gran pregunta.<br>\n\u00bfAgregar o no a tu hijo en redes sociales? Es decisi\u00f3n de cada familia, sin embargo, muchos especialistas recomiendan que s\u00ed para poder supervisar lo que los chicos hacen y conversar con ellos si notan algo extra\u00f1o.<\/li>\n<\/ol>\n<p class=\"hashtahgs\">#SomosTecnova #Colegio #Educacionprimaria #Ecologia #Reclicado #tecnologia<\/p>\n\n\t\t<\/div>\n\t\t\t\t\t<\/div>\n\n\t\n\n<\/div>\n\n\t\t<\/div>\n\n\t\t\n<style>\n#section_1656077938 {\n  padding-top: 0px;\n  padding-bottom: 0px;\n}\n<\/style>\n\t<\/section>\n\t\n","protected":false},"excerpt":{"rendered":"<p>Si la tecnolog\u00eda est\u00e1 permitida en tu casa, es probable que todos tengan una cuenta en las redes sociales m\u00e1s populares.<\/p>\n","protected":false},"author":1,"featured_media":358,"comment_status":"closed","ping_status":"closed","sticky":false,"template":"","format":"standard","meta":{"_joinchat":[],"footnotes":""},"categories":[3],"tags":[],"class_list":["post-346","post","type-post","status-publish","format-standard","has-post-thumbnail","hentry","category-tips"],"yoast_head":"<!-- This site is optimized with the Yoast SEO plugin v23.1 - https:\/\/yoast.com\/wordpress\/plugins\/seo\/ -->\n<title>Los ni\u00f1os y las Redes Sociales - Colegio Tecnova<\/title>\n<meta name=\"robots\" content=\"index, follow, max-snippet:-1, max-image-preview:large, max-video-preview:-1\" \/>\n<link rel=\"canonical\" href=\"https:\/\/colegiotecnova.com.ar\/primario\/los-ninos-y-las-redes-sociales\/\" \/>\n<meta property=\"og:locale\" content=\"es_ES\" \/>\n<meta property=\"og:type\" content=\"article\" \/>\n<meta property=\"og:title\" content=\"Los ni\u00f1os y las Redes Sociales - Colegio Tecnova\" \/>\n<meta property=\"og:description\" content=\"Si la tecnolog\u00eda est\u00e1 permitida en tu casa, es probable que todos tengan una cuenta en las redes sociales m\u00e1s populares.\" \/>\n<meta property=\"og:url\" content=\"https:\/\/colegiotecnova.com.ar\/primario\/los-ninos-y-las-redes-sociales\/\" \/>\n<meta property=\"og:site_name\" content=\"Colegio Tecnova\" \/>\n<meta property=\"article:publisher\" content=\"https:\/\/www.facebook.com\/colegiotecnova\/\" \/>\n<meta property=\"article:published_time\" content=\"2019-11-21T16:36:39+00:00\" \/>\n<meta property=\"article:modified_time\" content=\"2023-05-22T17:29:27+00:00\" \/>\n<meta property=\"og:image\" content=\"https:\/\/colegiotecnova.com.ar\/primario\/wp-content\/uploads\/2019\/11\/tecnova-blog-2.jpg\" \/>\n\t<meta property=\"og:image:width\" content=\"1200\" \/>\n\t<meta property=\"og:image:height\" content=\"600\" \/>\n\t<meta property=\"og:image:type\" content=\"image\/jpeg\" \/>\n<meta name=\"author\" content=\"agenciabrandi\" \/>\n<meta name=\"twitter:card\" content=\"summary_large_image\" \/>\n<meta name=\"twitter:label1\" content=\"Escrito por\" \/>\n\t<meta name=\"twitter:data1\" content=\"agenciabrandi\" \/>\n\t<meta name=\"twitter:label2\" content=\"Tiempo de lectura\" \/>\n\t<meta name=\"twitter:data2\" content=\"2 minutos\" \/>\n<script type=\"application\/ld+json\" class=\"yoast-schema-graph\">{\"@context\":\"https:\/\/schema.org\",\"@graph\":[{\"@type\":\"Article\",\"@id\":\"https:\/\/colegiotecnova.com.ar\/primario\/los-ninos-y-las-redes-sociales\/#article\",\"isPartOf\":{\"@id\":\"https:\/\/colegiotecnova.com.ar\/primario\/los-ninos-y-las-redes-sociales\/\"},\"author\":{\"name\":\"agenciabrandi\",\"@id\":\"https:\/\/colegiotecnova.com.ar\/primario\/#\/schema\/person\/1b427404c1707945bb15c8c7974ea5ee\"},\"headline\":\"Los ni\u00f1os y las Redes Sociales\",\"datePublished\":\"2019-11-21T16:36:39+00:00\",\"dateModified\":\"2023-05-22T17:29:27+00:00\",\"mainEntityOfPage\":{\"@id\":\"https:\/\/colegiotecnova.com.ar\/primario\/los-ninos-y-las-redes-sociales\/\"},\"wordCount\":321,\"publisher\":{\"@id\":\"https:\/\/colegiotecnova.com.ar\/primario\/#organization\"},\"image\":{\"@id\":\"https:\/\/colegiotecnova.com.ar\/primario\/los-ninos-y-las-redes-sociales\/#primaryimage\"},\"thumbnailUrl\":\"https:\/\/colegiotecnova.com.ar\/primario\/wp-content\/uploads\/2019\/11\/tecnova-blog-2.jpg\",\"articleSection\":[\"Tips\"],\"inLanguage\":\"es\"},{\"@type\":\"WebPage\",\"@id\":\"https:\/\/colegiotecnova.com.ar\/primario\/los-ninos-y-las-redes-sociales\/\",\"url\":\"https:\/\/colegiotecnova.com.ar\/primario\/los-ninos-y-las-redes-sociales\/\",\"name\":\"Los ni\u00f1os y las Redes Sociales - Colegio Tecnova\",\"isPartOf\":{\"@id\":\"https:\/\/colegiotecnova.com.ar\/primario\/#website\"},\"primaryImageOfPage\":{\"@id\":\"https:\/\/colegiotecnova.com.ar\/primario\/los-ninos-y-las-redes-sociales\/#primaryimage\"},\"image\":{\"@id\":\"https:\/\/colegiotecnova.com.ar\/primario\/los-ninos-y-las-redes-sociales\/#primaryimage\"},\"thumbnailUrl\":\"https:\/\/colegiotecnova.com.ar\/primario\/wp-content\/uploads\/2019\/11\/tecnova-blog-2.jpg\",\"datePublished\":\"2019-11-21T16:36:39+00:00\",\"dateModified\":\"2023-05-22T17:29:27+00:00\",\"breadcrumb\":{\"@id\":\"https:\/\/colegiotecnova.com.ar\/primario\/los-ninos-y-las-redes-sociales\/#breadcrumb\"},\"inLanguage\":\"es\",\"potentialAction\":[{\"@type\":\"ReadAction\",\"target\":[\"https:\/\/colegiotecnova.com.ar\/primario\/los-ninos-y-las-redes-sociales\/\"]}]},{\"@type\":\"ImageObject\",\"inLanguage\":\"es\",\"@id\":\"https:\/\/colegiotecnova.com.ar\/primario\/los-ninos-y-las-redes-sociales\/#primaryimage\",\"url\":\"https:\/\/colegiotecnova.com.ar\/primario\/wp-content\/uploads\/2019\/11\/tecnova-blog-2.jpg\",\"contentUrl\":\"https:\/\/colegiotecnova.com.ar\/primario\/wp-content\/uploads\/2019\/11\/tecnova-blog-2.jpg\",\"width\":1200,\"height\":600},{\"@type\":\"BreadcrumbList\",\"@id\":\"https:\/\/colegiotecnova.com.ar\/primario\/los-ninos-y-las-redes-sociales\/#breadcrumb\",\"itemListElement\":[{\"@type\":\"ListItem\",\"position\":1,\"name\":\"Portada\",\"item\":\"https:\/\/colegiotecnova.com.ar\/primario\/\"},{\"@type\":\"ListItem\",\"position\":2,\"name\":\"Los ni\u00f1os y las Redes Sociales\"}]},{\"@type\":\"WebSite\",\"@id\":\"https:\/\/colegiotecnova.com.ar\/primario\/#website\",\"url\":\"https:\/\/colegiotecnova.com.ar\/primario\/\",\"name\":\"Colegio Tecnova\",\"description\":\"Ciclo Primario\",\"publisher\":{\"@id\":\"https:\/\/colegiotecnova.com.ar\/primario\/#organization\"},\"potentialAction\":[{\"@type\":\"SearchAction\",\"target\":{\"@type\":\"EntryPoint\",\"urlTemplate\":\"https:\/\/colegiotecnova.com.ar\/primario\/?s={search_term_string}\"},\"query-input\":\"required name=search_term_string\"}],\"inLanguage\":\"es\"},{\"@type\":\"Organization\",\"@id\":\"https:\/\/colegiotecnova.com.ar\/primario\/#organization\",\"name\":\"Colegio Tecnova\",\"url\":\"https:\/\/colegiotecnova.com.ar\/primario\/\",\"logo\":{\"@type\":\"ImageObject\",\"inLanguage\":\"es\",\"@id\":\"https:\/\/colegiotecnova.com.ar\/primario\/#\/schema\/logo\/image\/\",\"url\":\"https:\/\/colegiotecnova.com.ar\/primario\/wp-content\/uploads\/2019\/09\/tecnova-logo.svg\",\"contentUrl\":\"https:\/\/colegiotecnova.com.ar\/primario\/wp-content\/uploads\/2019\/09\/tecnova-logo.svg\",\"width\":1,\"height\":1,\"caption\":\"Colegio Tecnova\"},\"image\":{\"@id\":\"https:\/\/colegiotecnova.com.ar\/primario\/#\/schema\/logo\/image\/\"},\"sameAs\":[\"https:\/\/www.facebook.com\/colegiotecnova\/\",\"https:\/\/www.instagram.com\/colegiotecnova\/\"]},{\"@type\":\"Person\",\"@id\":\"https:\/\/colegiotecnova.com.ar\/primario\/#\/schema\/person\/1b427404c1707945bb15c8c7974ea5ee\",\"name\":\"agenciabrandi\",\"image\":{\"@type\":\"ImageObject\",\"inLanguage\":\"es\",\"@id\":\"https:\/\/colegiotecnova.com.ar\/primario\/#\/schema\/person\/image\/\",\"url\":\"https:\/\/secure.gravatar.com\/avatar\/50bba42885c89b43e9fb985e0cf9c0ba84c977f0199a260067028766c51fb117?s=96&d=mm&r=g\",\"contentUrl\":\"https:\/\/secure.gravatar.com\/avatar\/50bba42885c89b43e9fb985e0cf9c0ba84c977f0199a260067028766c51fb117?s=96&d=mm&r=g\",\"caption\":\"agenciabrandi\"},\"url\":\"https:\/\/colegiotecnova.com.ar\/primario\/author\/agenciabrandi\/\"}]}<\/script>\n<!-- \/ Yoast SEO plugin. -->","yoast_head_json":{"title":"Los ni\u00f1os y las Redes Sociales - Colegio Tecnova","robots":{"index":"index","follow":"follow","max-snippet":"max-snippet:-1","max-image-preview":"max-image-preview:large","max-video-preview":"max-video-preview:-1"},"canonical":"https:\/\/colegiotecnova.com.ar\/primario\/los-ninos-y-las-redes-sociales\/","og_locale":"es_ES","og_type":"article","og_title":"Los ni\u00f1os y las Redes Sociales - Colegio Tecnova","og_description":"Si la tecnolog\u00eda est\u00e1 permitida en tu casa, es probable que todos tengan una cuenta en las redes sociales m\u00e1s populares.","og_url":"https:\/\/colegiotecnova.com.ar\/primario\/los-ninos-y-las-redes-sociales\/","og_site_name":"Colegio Tecnova","article_publisher":"https:\/\/www.facebook.com\/colegiotecnova\/","article_published_time":"2019-11-21T16:36:39+00:00","article_modified_time":"2023-05-22T17:29:27+00:00","og_image":[{"width":1200,"height":600,"url":"https:\/\/colegiotecnova.com.ar\/primario\/wp-content\/uploads\/2019\/11\/tecnova-blog-2.jpg","type":"image\/jpeg"}],"author":"agenciabrandi","twitter_card":"summary_large_image","twitter_misc":{"Escrito por":"agenciabrandi","Tiempo de lectura":"2 minutos"},"schema":{"@context":"https:\/\/schema.org","@graph":[{"@type":"Article","@id":"https:\/\/colegiotecnova.com.ar\/primario\/los-ninos-y-las-redes-sociales\/#article","isPartOf":{"@id":"https:\/\/colegiotecnova.com.ar\/primario\/los-ninos-y-las-redes-sociales\/"},"author":{"name":"agenciabrandi","@id":"https:\/\/colegiotecnova.com.ar\/primario\/#\/schema\/person\/1b427404c1707945bb15c8c7974ea5ee"},"headline":"Los ni\u00f1os y las Redes Sociales","datePublished":"2019-11-21T16:36:39+00:00","dateModified":"2023-05-22T17:29:27+00:00","mainEntityOfPage":{"@id":"https:\/\/colegiotecnova.com.ar\/primario\/los-ninos-y-las-redes-sociales\/"},"wordCount":321,"publisher":{"@id":"https:\/\/colegiotecnova.com.ar\/primario\/#organization"},"image":{"@id":"https:\/\/colegiotecnova.com.ar\/primario\/los-ninos-y-las-redes-sociales\/#primaryimage"},"thumbnailUrl":"https:\/\/colegiotecnova.com.ar\/primario\/wp-content\/uploads\/2019\/11\/tecnova-blog-2.jpg","articleSection":["Tips"],"inLanguage":"es"},{"@type":"WebPage","@id":"https:\/\/colegiotecnova.com.ar\/primario\/los-ninos-y-las-redes-sociales\/","url":"https:\/\/colegiotecnova.com.ar\/primario\/los-ninos-y-las-redes-sociales\/","name":"Los ni\u00f1os y las Redes Sociales - Colegio Tecnova","isPartOf":{"@id":"https:\/\/colegiotecnova.com.ar\/primario\/#website"},"primaryImageOfPage":{"@id":"https:\/\/colegiotecnova.com.ar\/primario\/los-ninos-y-las-redes-sociales\/#primaryimage"},"image":{"@id":"https:\/\/colegiotecnova.com.ar\/primario\/los-ninos-y-las-redes-sociales\/#primaryimage"},"thumbnailUrl":"https:\/\/colegiotecnova.com.ar\/primario\/wp-content\/uploads\/2019\/11\/tecnova-blog-2.jpg","datePublished":"2019-11-21T16:36:39+00:00","dateModified":"2023-05-22T17:29:27+00:00","breadcrumb":{"@id":"https:\/\/colegiotecnova.com.ar\/primario\/los-ninos-y-las-redes-sociales\/#breadcrumb"},"inLanguage":"es","potentialAction":[{"@type":"ReadAction","target":["https:\/\/colegiotecnova.com.ar\/primario\/los-ninos-y-las-redes-sociales\/"]}]},{"@type":"ImageObject","inLanguage":"es","@id":"https:\/\/colegiotecnova.com.ar\/primario\/los-ninos-y-las-redes-sociales\/#primaryimage","url":"https:\/\/colegiotecnova.com.ar\/primario\/wp-content\/uploads\/2019\/11\/tecnova-blog-2.jpg","contentUrl":"https:\/\/colegiotecnova.com.ar\/primario\/wp-content\/uploads\/2019\/11\/tecnova-blog-2.jpg","width":1200,"height":600},{"@type":"BreadcrumbList","@id":"https:\/\/colegiotecnova.com.ar\/primario\/los-ninos-y-las-redes-sociales\/#breadcrumb","itemListElement":[{"@type":"ListItem","position":1,"name":"Portada","item":"https:\/\/colegiotecnova.com.ar\/primario\/"},{"@type":"ListItem","position":2,"name":"Los ni\u00f1os y las Redes Sociales"}]},{"@type":"WebSite","@id":"https:\/\/colegiotecnova.com.ar\/primario\/#website","url":"https:\/\/colegiotecnova.com.ar\/primario\/","name":"Colegio Tecnova","description":"Ciclo Primario","publisher":{"@id":"https:\/\/colegiotecnova.com.ar\/primario\/#organization"},"potentialAction":[{"@type":"SearchAction","target":{"@type":"EntryPoint","urlTemplate":"https:\/\/colegiotecnova.com.ar\/primario\/?s={search_term_string}"},"query-input":"required name=search_term_string"}],"inLanguage":"es"},{"@type":"Organization","@id":"https:\/\/colegiotecnova.com.ar\/primario\/#organization","name":"Colegio Tecnova","url":"https:\/\/colegiotecnova.com.ar\/primario\/","logo":{"@type":"ImageObject","inLanguage":"es","@id":"https:\/\/colegiotecnova.com.ar\/primario\/#\/schema\/logo\/image\/","url":"https:\/\/colegiotecnova.com.ar\/primario\/wp-content\/uploads\/2019\/09\/tecnova-logo.svg","contentUrl":"https:\/\/colegiotecnova.com.ar\/primario\/wp-content\/uploads\/2019\/09\/tecnova-logo.svg","width":1,"height":1,"caption":"Colegio Tecnova"},"image":{"@id":"https:\/\/colegiotecnova.com.ar\/primario\/#\/schema\/logo\/image\/"},"sameAs":["https:\/\/www.facebook.com\/colegiotecnova\/","https:\/\/www.instagram.com\/colegiotecnova\/"]},{"@type":"Person","@id":"https:\/\/colegiotecnova.com.ar\/primario\/#\/schema\/person\/1b427404c1707945bb15c8c7974ea5ee","name":"agenciabrandi","image":{"@type":"ImageObject","inLanguage":"es","@id":"https:\/\/colegiotecnova.com.ar\/primario\/#\/schema\/person\/image\/","url":"https:\/\/secure.gravatar.com\/avatar\/50bba42885c89b43e9fb985e0cf9c0ba84c977f0199a260067028766c51fb117?s=96&d=mm&r=g","contentUrl":"https:\/\/secure.gravatar.com\/avatar\/50bba42885c89b43e9fb985e0cf9c0ba84c977f0199a260067028766c51fb117?s=96&d=mm&r=g","caption":"agenciabrandi"},"url":"https:\/\/colegiotecnova.com.ar\/primario\/author\/agenciabrandi\/"}]}},"_links":{"self":[{"href":"https:\/\/colegiotecnova.com.ar\/primario\/wp-json\/wp\/v2\/posts\/346","targetHints":{"allow":["GET"]}}],"collection":[{"href":"https:\/\/colegiotecnova.com.ar\/primario\/wp-json\/wp\/v2\/posts"}],"about":[{"href":"https:\/\/colegiotecnova.com.ar\/primario\/wp-json\/wp\/v2\/types\/post"}],"author":[{"embeddable":true,"href":"https:\/\/colegiotecnova.com.ar\/primario\/wp-json\/wp\/v2\/users\/1"}],"replies":[{"embeddable":true,"href":"https:\/\/colegiotecnova.com.ar\/primario\/wp-json\/wp\/v2\/comments?post=346"}],"version-history":[{"count":5,"href":"https:\/\/colegiotecnova.com.ar\/primario\/wp-json\/wp\/v2\/posts\/346\/revisions"}],"predecessor-version":[{"id":355,"href":"https:\/\/colegiotecnova.com.ar\/primario\/wp-json\/wp\/v2\/posts\/346\/revisions\/355"}],"wp:featuredmedia":[{"embeddable":true,"href":"https:\/\/colegiotecnova.com.ar\/primario\/wp-json\/wp\/v2\/media\/358"}],"wp:attachment":[{"href":"https:\/\/colegiotecnova.com.ar\/primario\/wp-json\/wp\/v2\/media?parent=346"}],"wp:term":[{"taxonomy":"category","embeddable":true,"href":"https:\/\/colegiotecnova.com.ar\/primario\/wp-json\/wp\/v2\/categories?post=346"},{"taxonomy":"post_tag","embeddable":true,"href":"https:\/\/colegiotecnova.com.ar\/primario\/wp-json\/wp\/v2\/tags?post=346"}],"curies":[{"name":"wp","href":"https:\/\/api.w.org\/{rel}","templated":true}]}}