{"id":2074,"date":"2026-01-12T18:59:52","date_gmt":"2026-01-12T18:59:52","guid":{"rendered":"https:\/\/colegiotecnova.com.ar\/primario\/?p=2074"},"modified":"2026-01-12T19:08:51","modified_gmt":"2026-01-12T19:08:51","slug":"festival-fin-de-ano-2025","status":"publish","type":"post","link":"https:\/\/colegiotecnova.com.ar\/primario\/festival-fin-de-ano-2025\/","title":{"rendered":"Festival Fin de A\u00f1o 2025 &#8211; H\u00e9roes y Hero\u00ednas de la Tierra"},"content":{"rendered":"<p>Este a\u00f1o, nuestra comunidad educativa vivi\u00f3 una experiencia art\u00edstica y educativa donde la m\u00fasica, la danza y la tecnolog\u00eda se unieron para celebrar los valores que construyen un mundo mejor: la amistad, la creatividad, la valent\u00eda, la esperanza, la alegr\u00eda, la transformaci\u00f3n,\u00a0 y el cuidado del planeta. A trav\u00e9s de esta puesta en escena, nuestros estudiantes se transformaron en verdaderos h\u00e9roes y hero\u00ednas de la vida real. Los invitamos a revivir algunos de los momentos m\u00e1s emotivos del festival en los siguientes videos.<\/p>\n<div class=\"row\"  id=\"row-468902252\">\n\n\t<div id=\"col-78709613\" class=\"col medium-6 small-12 large-6\"  >\n\t\t\t\t<div class=\"col-inner\"  >\n\t\t\t\n\t\t\t\n<div class=\"video video-fit mb\" style=\"padding-top:56.25%;\"><div style=\"width: 640px;\" class=\"wp-video\"><video class=\"wp-video-shortcode\" id=\"video-2074-1\" width=\"640\" height=\"360\" preload=\"metadata\" controls=\"controls\"><source type=\"video\/mp4\" src=\"https:\/\/colegiotecnova.com.ar\/primario\/wp-content\/uploads\/2026\/01\/1ro-compress.mp4?_=1\" \/><a href=\"https:\/\/colegiotecnova.com.ar\/primario\/wp-content\/uploads\/2026\/01\/1ro-compress.mp4\">https:\/\/colegiotecnova.com.ar\/primario\/wp-content\/uploads\/2026\/01\/1ro-compress.mp4<\/a><\/video><\/div>\n<\/div>\n<h3>1ro &#8211; Alegr\u00eda\u00a0<\/h3>\n\t\t<\/div>\n\t\t\t\t\t<\/div>\n\n\t\n\n\t<div id=\"col-319195488\" class=\"col medium-6 small-12 large-6\"  >\n\t\t\t\t<div class=\"col-inner\"  >\n\t\t\t\n\t\t\t\n<div class=\"video video-fit mb\" style=\"padding-top:56.25%;\"><div style=\"width: 640px;\" class=\"wp-video\"><video class=\"wp-video-shortcode\" id=\"video-2074-2\" width=\"640\" height=\"360\" preload=\"metadata\" controls=\"controls\"><source type=\"video\/mp4\" src=\"https:\/\/colegiotecnova.com.ar\/primario\/wp-content\/uploads\/2026\/01\/2A-comprimido.mp4?_=2\" \/><a href=\"https:\/\/colegiotecnova.com.ar\/primario\/wp-content\/uploads\/2026\/01\/2A-comprimido.mp4\">https:\/\/colegiotecnova.com.ar\/primario\/wp-content\/uploads\/2026\/01\/2A-comprimido.mp4<\/a><\/video><\/div>\n<\/div>\n<h3>2A &#8211; Amistad<\/h3>\n\t\t<\/div>\n\t\t\t\t\t<\/div>\n\n\t\n<\/div>\n<div class=\"row\"  id=\"row-1537798296\">\n\n\t<div id=\"col-1359500209\" class=\"col medium-6 small-12 large-6\"  >\n\t\t\t\t<div class=\"col-inner\"  >\n\t\t\t\n\t\t\t\n<div class=\"video video-fit mb\" style=\"padding-top:56.25%;\"><div style=\"width: 640px;\" class=\"wp-video\"><video class=\"wp-video-shortcode\" id=\"video-2074-3\" width=\"640\" height=\"360\" preload=\"metadata\" controls=\"controls\"><source type=\"video\/mp4\" src=\"https:\/\/colegiotecnova.com.ar\/primario\/wp-content\/uploads\/2026\/01\/2B-comprimido.mp4?_=3\" \/><a href=\"https:\/\/colegiotecnova.com.ar\/primario\/wp-content\/uploads\/2026\/01\/2B-comprimido.mp4\">https:\/\/colegiotecnova.com.ar\/primario\/wp-content\/uploads\/2026\/01\/2B-comprimido.mp4<\/a><\/video><\/div>\n<\/div>\n<h3>2B &#8211; Creatividad<\/h3>\n\t\t<\/div>\n\t\t\t\t\t<\/div>\n\n\t\n\n\t<div id=\"col-871321959\" class=\"col medium-6 small-12 large-6\"  >\n\t\t\t\t<div class=\"col-inner\"  >\n\t\t\t\n\t\t\t\n<div class=\"video video-fit mb\" style=\"padding-top:56.25%;\"><div style=\"width: 640px;\" class=\"wp-video\"><video class=\"wp-video-shortcode\" id=\"video-2074-4\" width=\"640\" height=\"360\" preload=\"metadata\" controls=\"controls\"><source type=\"video\/mp4\" src=\"https:\/\/colegiotecnova.com.ar\/primario\/wp-content\/uploads\/2026\/01\/3ro-comprimido.mp4?_=4\" \/><a href=\"https:\/\/colegiotecnova.com.ar\/primario\/wp-content\/uploads\/2026\/01\/3ro-comprimido.mp4\">https:\/\/colegiotecnova.com.ar\/primario\/wp-content\/uploads\/2026\/01\/3ro-comprimido.mp4<\/a><\/video><\/div>\n<\/div>\n<h3>3ro &#8211; Valent\u00eda\u00a0<\/h3>\n\t\t<\/div>\n\t\t\t\t\t<\/div>\n\n\t\n<\/div>\n<div class=\"row\"  id=\"row-846548270\">\n\n\t<div id=\"col-626486601\" class=\"col medium-6 small-12 large-6\"  >\n\t\t\t\t<div class=\"col-inner\"  >\n\t\t\t\n\t\t\t\n<div class=\"video video-fit mb\" style=\"padding-top:56.25%;\"><div style=\"width: 640px;\" class=\"wp-video\"><video class=\"wp-video-shortcode\" id=\"video-2074-5\" width=\"640\" height=\"360\" preload=\"metadata\" controls=\"controls\"><source type=\"video\/mp4\" src=\"https:\/\/colegiotecnova.com.ar\/primario\/wp-content\/uploads\/2026\/01\/4to.mp4?_=5\" \/><a href=\"https:\/\/colegiotecnova.com.ar\/primario\/wp-content\/uploads\/2026\/01\/4to.mp4\">https:\/\/colegiotecnova.com.ar\/primario\/wp-content\/uploads\/2026\/01\/4to.mp4<\/a><\/video><\/div>\n<\/div>\n<h3>4to &#8211; Esperanza<\/h3>\n\t\t<\/div>\n\t\t\t\t\t<\/div>\n\n\t\n\n\t<div id=\"col-956737234\" class=\"col medium-6 small-12 large-6\"  >\n\t\t\t\t<div class=\"col-inner\"  >\n\t\t\t\n\t\t\t\n<div class=\"video video-fit mb\" style=\"padding-top:56.25%;\"><div style=\"width: 640px;\" class=\"wp-video\"><video class=\"wp-video-shortcode\" id=\"video-2074-6\" width=\"640\" height=\"360\" preload=\"metadata\" controls=\"controls\"><source type=\"video\/mp4\" src=\"https:\/\/colegiotecnova.com.ar\/primario\/wp-content\/uploads\/2026\/01\/5to.mp4?_=6\" \/><a href=\"https:\/\/colegiotecnova.com.ar\/primario\/wp-content\/uploads\/2026\/01\/5to.mp4\">https:\/\/colegiotecnova.com.ar\/primario\/wp-content\/uploads\/2026\/01\/5to.mp4<\/a><\/video><\/div>\n<\/div>\n<h3>5to &#8211; Cuidado del Planeta<\/h3>\n\t\t<\/div>\n\t\t\t\t\t<\/div>\n\n\t\n<\/div>\n<div class=\"row\"  id=\"row-1514756950\">\n\n\t<div id=\"col-297355440\" class=\"col medium-6 small-12 large-6\"  >\n\t\t\t\t<div class=\"col-inner\"  >\n\t\t\t\n\t\t\t\n<div class=\"video video-fit mb\" style=\"padding-top:56.25%;\"><div style=\"width: 640px;\" class=\"wp-video\"><video class=\"wp-video-shortcode\" id=\"video-2074-7\" width=\"640\" height=\"360\" preload=\"metadata\" controls=\"controls\"><source type=\"video\/mp4\" src=\"https:\/\/colegiotecnova.com.ar\/primario\/wp-content\/uploads\/2026\/01\/6to.mp4?_=7\" \/><a href=\"https:\/\/colegiotecnova.com.ar\/primario\/wp-content\/uploads\/2026\/01\/6to.mp4\">https:\/\/colegiotecnova.com.ar\/primario\/wp-content\/uploads\/2026\/01\/6to.mp4<\/a><\/video><\/div>\n<\/div>\n<h3>6to &#8211; Transformaci\u00f3n\u00a0<\/h3>\n\t\t<\/div>\n\t\t\t\t\t<\/div>\n\n\t\n\n\t<div id=\"col-1268906947\" class=\"col medium-6 small-12 large-6\"  >\n\t\t\t\t<div class=\"col-inner\"  >\n\t\t\t\n\t\t\t\n<div class=\"video video-fit mb\" style=\"padding-top:56.25%;\"><div style=\"width: 640px;\" class=\"wp-video\"><video class=\"wp-video-shortcode\" id=\"video-2074-8\" width=\"640\" height=\"360\" preload=\"metadata\" controls=\"controls\"><source type=\"video\/mp4\" src=\"https:\/\/colegiotecnova.com.ar\/primario\/wp-content\/uploads\/2026\/01\/Conduccion-NIvel-Secundario.mp4?_=8\" \/><a href=\"https:\/\/colegiotecnova.com.ar\/primario\/wp-content\/uploads\/2026\/01\/Conduccion-NIvel-Secundario.mp4\">https:\/\/colegiotecnova.com.ar\/primario\/wp-content\/uploads\/2026\/01\/Conduccion-NIvel-Secundario.mp4<\/a><\/video><\/div>\n<\/div>\n<h3>Nivel Secundario &#8211; Conductores<\/h3>\n\t\t<\/div>\n\t\t\t\t\t<\/div>\n\n\t\n<\/div>\n<div class=\"row\"  id=\"row-149237570\">\n\n\t<div id=\"col-2118710097\" class=\"col medium-6 small-12 large-6\"  >\n\t\t\t\t<div class=\"col-inner\"  >\n\t\t\t\n\t\t\t\n<div class=\"video video-fit mb\" style=\"padding-top:56.25%;\"><div style=\"width: 640px;\" class=\"wp-video\"><video class=\"wp-video-shortcode\" id=\"video-2074-9\" width=\"640\" height=\"360\" preload=\"metadata\" controls=\"controls\"><source type=\"video\/mp4\" src=\"https:\/\/colegiotecnova.com.ar\/primario\/wp-content\/uploads\/2026\/01\/Cancion-Ingles.mp4?_=9\" \/><a href=\"https:\/\/colegiotecnova.com.ar\/primario\/wp-content\/uploads\/2026\/01\/Cancion-Ingles.mp4\">https:\/\/colegiotecnova.com.ar\/primario\/wp-content\/uploads\/2026\/01\/Cancion-Ingles.mp4<\/a><\/video><\/div>\n<\/div>\n<h3>Act Extracurriculares &#8211; 1er ciclo<\/h3>\n\t\t<\/div>\n\t\t\t\t\t<\/div>\n\n\t\n\n\t<div id=\"col-582740458\" class=\"col medium-6 small-12 large-6\"  >\n\t\t\t\t<div class=\"col-inner\"  >\n\t\t\t\n\t\t\t\n<div class=\"video video-fit mb\" style=\"padding-top:56.25%;\"><div style=\"width: 640px;\" class=\"wp-video\"><video class=\"wp-video-shortcode\" id=\"video-2074-10\" width=\"640\" height=\"360\" preload=\"metadata\" controls=\"controls\"><source type=\"video\/mp4\" src=\"https:\/\/colegiotecnova.com.ar\/primario\/wp-content\/uploads\/2026\/01\/Desatrezas.mp4?_=10\" \/><a href=\"https:\/\/colegiotecnova.com.ar\/primario\/wp-content\/uploads\/2026\/01\/Desatrezas.mp4\">https:\/\/colegiotecnova.com.ar\/primario\/wp-content\/uploads\/2026\/01\/Desatrezas.mp4<\/a><\/video><\/div>\n<\/div>\n<h3>Act Extracurriculares &#8211; 2do ciclo<\/h3>\n\t\t<\/div>\n\t\t\t\t\t<\/div>\n\n\t\n<\/div>\n","protected":false},"excerpt":{"rendered":"<p>Este a\u00f1o, nuestra comunidad educativa vivi\u00f3 una experiencia art\u00edstica y educativa donde la m\u00fasica, la danza y la tecnolog\u00eda se unieron para celebrar los valores que construyen un mundo mejor: la amistad, la creatividad, la valent\u00eda, la esperanza, la alegr\u00eda, la transformaci\u00f3n,\u00a0 y el cuidado del planeta. A trav\u00e9s de esta puesta en escena, nuestros<\/p>\n","protected":false},"author":2,"featured_media":2075,"comment_status":"closed","ping_status":"closed","sticky":false,"template":"","format":"standard","meta":{"_joinchat":[],"footnotes":""},"categories":[10],"tags":[],"class_list":["post-2074","post","type-post","status-publish","format-standard","has-post-thumbnail","hentry","category-festivales"],"yoast_head":"<!-- This site is optimized with the Yoast SEO plugin v23.1 - https:\/\/yoast.com\/wordpress\/plugins\/seo\/ -->\n<title>Festival Fin de A\u00f1o 2025 - H\u00e9roes y Hero\u00ednas de la Tierra - Colegio Tecnova<\/title>\n<meta name=\"robots\" content=\"index, follow, max-snippet:-1, max-image-preview:large, max-video-preview:-1\" \/>\n<link rel=\"canonical\" href=\"https:\/\/colegiotecnova.com.ar\/primario\/festival-fin-de-ano-2025\/\" \/>\n<meta property=\"og:locale\" content=\"es_ES\" \/>\n<meta property=\"og:type\" content=\"article\" \/>\n<meta property=\"og:title\" content=\"Festival Fin de A\u00f1o 2025 - H\u00e9roes y Hero\u00ednas de la Tierra - Colegio Tecnova\" \/>\n<meta property=\"og:description\" content=\"Este a\u00f1o, nuestra comunidad educativa vivi\u00f3 una experiencia art\u00edstica y educativa donde la m\u00fasica, la danza y la tecnolog\u00eda se unieron para celebrar los valores que construyen un mundo mejor: la amistad, la creatividad, la valent\u00eda, la esperanza, la alegr\u00eda, la transformaci\u00f3n,\u00a0 y el cuidado del planeta. A trav\u00e9s de esta puesta en escena, nuestros\" \/>\n<meta property=\"og:url\" content=\"https:\/\/colegiotecnova.com.ar\/primario\/festival-fin-de-ano-2025\/\" \/>\n<meta property=\"og:site_name\" content=\"Colegio Tecnova\" \/>\n<meta property=\"article:publisher\" content=\"https:\/\/www.facebook.com\/colegiotecnova\/\" \/>\n<meta property=\"article:published_time\" content=\"2026-01-12T18:59:52+00:00\" \/>\n<meta property=\"article:modified_time\" content=\"2026-01-12T19:08:51+00:00\" \/>\n<meta property=\"og:image\" content=\"https:\/\/colegiotecnova.com.ar\/primario\/wp-content\/uploads\/2026\/01\/CAR_8045-scaled.jpg\" \/>\n\t<meta property=\"og:image:width\" content=\"2560\" \/>\n\t<meta property=\"og:image:height\" content=\"1709\" \/>\n\t<meta property=\"og:image:type\" content=\"image\/jpeg\" \/>\n<meta name=\"author\" content=\"Celeste\" \/>\n<meta name=\"twitter:card\" content=\"summary_large_image\" \/>\n<meta name=\"twitter:label1\" content=\"Escrito por\" \/>\n\t<meta name=\"twitter:data1\" content=\"Celeste\" \/>\n\t<meta name=\"twitter:label2\" content=\"Tiempo de lectura\" \/>\n\t<meta name=\"twitter:data2\" content=\"2 minutos\" \/>\n<script type=\"application\/ld+json\" class=\"yoast-schema-graph\">{\"@context\":\"https:\/\/schema.org\",\"@graph\":[{\"@type\":\"Article\",\"@id\":\"https:\/\/colegiotecnova.com.ar\/primario\/festival-fin-de-ano-2025\/#article\",\"isPartOf\":{\"@id\":\"https:\/\/colegiotecnova.com.ar\/primario\/festival-fin-de-ano-2025\/\"},\"author\":{\"name\":\"Celeste\",\"@id\":\"https:\/\/colegiotecnova.com.ar\/primario\/#\/schema\/person\/95ed528759bb5083e3d0d013a609adb3\"},\"headline\":\"Festival Fin de A\u00f1o 2025 &#8211; H\u00e9roes y Hero\u00ednas de la Tierra\",\"datePublished\":\"2026-01-12T18:59:52+00:00\",\"dateModified\":\"2026-01-12T19:08:51+00:00\",\"mainEntityOfPage\":{\"@id\":\"https:\/\/colegiotecnova.com.ar\/primario\/festival-fin-de-ano-2025\/\"},\"wordCount\":328,\"publisher\":{\"@id\":\"https:\/\/colegiotecnova.com.ar\/primario\/#organization\"},\"image\":{\"@id\":\"https:\/\/colegiotecnova.com.ar\/primario\/festival-fin-de-ano-2025\/#primaryimage\"},\"thumbnailUrl\":\"https:\/\/colegiotecnova.com.ar\/primario\/wp-content\/uploads\/2026\/01\/CAR_8045-scaled.jpg\",\"articleSection\":[\"Festivales\"],\"inLanguage\":\"es\"},{\"@type\":\"WebPage\",\"@id\":\"https:\/\/colegiotecnova.com.ar\/primario\/festival-fin-de-ano-2025\/\",\"url\":\"https:\/\/colegiotecnova.com.ar\/primario\/festival-fin-de-ano-2025\/\",\"name\":\"Festival Fin de A\u00f1o 2025 - H\u00e9roes y Hero\u00ednas de la Tierra - Colegio Tecnova\",\"isPartOf\":{\"@id\":\"https:\/\/colegiotecnova.com.ar\/primario\/#website\"},\"primaryImageOfPage\":{\"@id\":\"https:\/\/colegiotecnova.com.ar\/primario\/festival-fin-de-ano-2025\/#primaryimage\"},\"image\":{\"@id\":\"https:\/\/colegiotecnova.com.ar\/primario\/festival-fin-de-ano-2025\/#primaryimage\"},\"thumbnailUrl\":\"https:\/\/colegiotecnova.com.ar\/primario\/wp-content\/uploads\/2026\/01\/CAR_8045-scaled.jpg\",\"datePublished\":\"2026-01-12T18:59:52+00:00\",\"dateModified\":\"2026-01-12T19:08:51+00:00\",\"breadcrumb\":{\"@id\":\"https:\/\/colegiotecnova.com.ar\/primario\/festival-fin-de-ano-2025\/#breadcrumb\"},\"inLanguage\":\"es\",\"potentialAction\":[{\"@type\":\"ReadAction\",\"target\":[\"https:\/\/colegiotecnova.com.ar\/primario\/festival-fin-de-ano-2025\/\"]}]},{\"@type\":\"ImageObject\",\"inLanguage\":\"es\",\"@id\":\"https:\/\/colegiotecnova.com.ar\/primario\/festival-fin-de-ano-2025\/#primaryimage\",\"url\":\"https:\/\/colegiotecnova.com.ar\/primario\/wp-content\/uploads\/2026\/01\/CAR_8045-scaled.jpg\",\"contentUrl\":\"https:\/\/colegiotecnova.com.ar\/primario\/wp-content\/uploads\/2026\/01\/CAR_8045-scaled.jpg\",\"width\":2560,\"height\":1709},{\"@type\":\"BreadcrumbList\",\"@id\":\"https:\/\/colegiotecnova.com.ar\/primario\/festival-fin-de-ano-2025\/#breadcrumb\",\"itemListElement\":[{\"@type\":\"ListItem\",\"position\":1,\"name\":\"Portada\",\"item\":\"https:\/\/colegiotecnova.com.ar\/primario\/\"},{\"@type\":\"ListItem\",\"position\":2,\"name\":\"Festival Fin de A\u00f1o 2025 &#8211; H\u00e9roes y Hero\u00ednas de la Tierra\"}]},{\"@type\":\"WebSite\",\"@id\":\"https:\/\/colegiotecnova.com.ar\/primario\/#website\",\"url\":\"https:\/\/colegiotecnova.com.ar\/primario\/\",\"name\":\"Colegio Tecnova\",\"description\":\"Ciclo Primario\",\"publisher\":{\"@id\":\"https:\/\/colegiotecnova.com.ar\/primario\/#organization\"},\"potentialAction\":[{\"@type\":\"SearchAction\",\"target\":{\"@type\":\"EntryPoint\",\"urlTemplate\":\"https:\/\/colegiotecnova.com.ar\/primario\/?s={search_term_string}\"},\"query-input\":\"required name=search_term_string\"}],\"inLanguage\":\"es\"},{\"@type\":\"Organization\",\"@id\":\"https:\/\/colegiotecnova.com.ar\/primario\/#organization\",\"name\":\"Colegio Tecnova\",\"url\":\"https:\/\/colegiotecnova.com.ar\/primario\/\",\"logo\":{\"@type\":\"ImageObject\",\"inLanguage\":\"es\",\"@id\":\"https:\/\/colegiotecnova.com.ar\/primario\/#\/schema\/logo\/image\/\",\"url\":\"https:\/\/colegiotecnova.com.ar\/primario\/wp-content\/uploads\/2019\/09\/tecnova-logo.svg\",\"contentUrl\":\"https:\/\/colegiotecnova.com.ar\/primario\/wp-content\/uploads\/2019\/09\/tecnova-logo.svg\",\"width\":1,\"height\":1,\"caption\":\"Colegio Tecnova\"},\"image\":{\"@id\":\"https:\/\/colegiotecnova.com.ar\/primario\/#\/schema\/logo\/image\/\"},\"sameAs\":[\"https:\/\/www.facebook.com\/colegiotecnova\/\",\"https:\/\/www.instagram.com\/colegiotecnova\/\"]},{\"@type\":\"Person\",\"@id\":\"https:\/\/colegiotecnova.com.ar\/primario\/#\/schema\/person\/95ed528759bb5083e3d0d013a609adb3\",\"name\":\"Celeste\",\"image\":{\"@type\":\"ImageObject\",\"inLanguage\":\"es\",\"@id\":\"https:\/\/colegiotecnova.com.ar\/primario\/#\/schema\/person\/image\/\",\"url\":\"https:\/\/secure.gravatar.com\/avatar\/6b49c586fabdd943be0f355d09dab9f9f2820e455ea1c7573f3f74b5501c14f0?s=96&d=mm&r=g\",\"contentUrl\":\"https:\/\/secure.gravatar.com\/avatar\/6b49c586fabdd943be0f355d09dab9f9f2820e455ea1c7573f3f74b5501c14f0?s=96&d=mm&r=g\",\"caption\":\"Celeste\"},\"url\":\"https:\/\/colegiotecnova.com.ar\/primario\/author\/celesteneves2002hotmail-com\/\"}]}<\/script>\n<!-- \/ Yoast SEO plugin. -->","yoast_head_json":{"title":"Festival Fin de A\u00f1o 2025 - H\u00e9roes y Hero\u00ednas de la Tierra - Colegio Tecnova","robots":{"index":"index","follow":"follow","max-snippet":"max-snippet:-1","max-image-preview":"max-image-preview:large","max-video-preview":"max-video-preview:-1"},"canonical":"https:\/\/colegiotecnova.com.ar\/primario\/festival-fin-de-ano-2025\/","og_locale":"es_ES","og_type":"article","og_title":"Festival Fin de A\u00f1o 2025 - H\u00e9roes y Hero\u00ednas de la Tierra - Colegio Tecnova","og_description":"Este a\u00f1o, nuestra comunidad educativa vivi\u00f3 una experiencia art\u00edstica y educativa donde la m\u00fasica, la danza y la tecnolog\u00eda se unieron para celebrar los valores que construyen un mundo mejor: la amistad, la creatividad, la valent\u00eda, la esperanza, la alegr\u00eda, la transformaci\u00f3n,\u00a0 y el cuidado del planeta. A trav\u00e9s de esta puesta en escena, nuestros","og_url":"https:\/\/colegiotecnova.com.ar\/primario\/festival-fin-de-ano-2025\/","og_site_name":"Colegio Tecnova","article_publisher":"https:\/\/www.facebook.com\/colegiotecnova\/","article_published_time":"2026-01-12T18:59:52+00:00","article_modified_time":"2026-01-12T19:08:51+00:00","og_image":[{"width":2560,"height":1709,"url":"https:\/\/colegiotecnova.com.ar\/primario\/wp-content\/uploads\/2026\/01\/CAR_8045-scaled.jpg","type":"image\/jpeg"}],"author":"Celeste","twitter_card":"summary_large_image","twitter_misc":{"Escrito por":"Celeste","Tiempo de lectura":"2 minutos"},"schema":{"@context":"https:\/\/schema.org","@graph":[{"@type":"Article","@id":"https:\/\/colegiotecnova.com.ar\/primario\/festival-fin-de-ano-2025\/#article","isPartOf":{"@id":"https:\/\/colegiotecnova.com.ar\/primario\/festival-fin-de-ano-2025\/"},"author":{"name":"Celeste","@id":"https:\/\/colegiotecnova.com.ar\/primario\/#\/schema\/person\/95ed528759bb5083e3d0d013a609adb3"},"headline":"Festival Fin de A\u00f1o 2025 &#8211; H\u00e9roes y Hero\u00ednas de la Tierra","datePublished":"2026-01-12T18:59:52+00:00","dateModified":"2026-01-12T19:08:51+00:00","mainEntityOfPage":{"@id":"https:\/\/colegiotecnova.com.ar\/primario\/festival-fin-de-ano-2025\/"},"wordCount":328,"publisher":{"@id":"https:\/\/colegiotecnova.com.ar\/primario\/#organization"},"image":{"@id":"https:\/\/colegiotecnova.com.ar\/primario\/festival-fin-de-ano-2025\/#primaryimage"},"thumbnailUrl":"https:\/\/colegiotecnova.com.ar\/primario\/wp-content\/uploads\/2026\/01\/CAR_8045-scaled.jpg","articleSection":["Festivales"],"inLanguage":"es"},{"@type":"WebPage","@id":"https:\/\/colegiotecnova.com.ar\/primario\/festival-fin-de-ano-2025\/","url":"https:\/\/colegiotecnova.com.ar\/primario\/festival-fin-de-ano-2025\/","name":"Festival Fin de A\u00f1o 2025 - H\u00e9roes y Hero\u00ednas de la Tierra - Colegio Tecnova","isPartOf":{"@id":"https:\/\/colegiotecnova.com.ar\/primario\/#website"},"primaryImageOfPage":{"@id":"https:\/\/colegiotecnova.com.ar\/primario\/festival-fin-de-ano-2025\/#primaryimage"},"image":{"@id":"https:\/\/colegiotecnova.com.ar\/primario\/festival-fin-de-ano-2025\/#primaryimage"},"thumbnailUrl":"https:\/\/colegiotecnova.com.ar\/primario\/wp-content\/uploads\/2026\/01\/CAR_8045-scaled.jpg","datePublished":"2026-01-12T18:59:52+00:00","dateModified":"2026-01-12T19:08:51+00:00","breadcrumb":{"@id":"https:\/\/colegiotecnova.com.ar\/primario\/festival-fin-de-ano-2025\/#breadcrumb"},"inLanguage":"es","potentialAction":[{"@type":"ReadAction","target":["https:\/\/colegiotecnova.com.ar\/primario\/festival-fin-de-ano-2025\/"]}]},{"@type":"ImageObject","inLanguage":"es","@id":"https:\/\/colegiotecnova.com.ar\/primario\/festival-fin-de-ano-2025\/#primaryimage","url":"https:\/\/colegiotecnova.com.ar\/primario\/wp-content\/uploads\/2026\/01\/CAR_8045-scaled.jpg","contentUrl":"https:\/\/colegiotecnova.com.ar\/primario\/wp-content\/uploads\/2026\/01\/CAR_8045-scaled.jpg","width":2560,"height":1709},{"@type":"BreadcrumbList","@id":"https:\/\/colegiotecnova.com.ar\/primario\/festival-fin-de-ano-2025\/#breadcrumb","itemListElement":[{"@type":"ListItem","position":1,"name":"Portada","item":"https:\/\/colegiotecnova.com.ar\/primario\/"},{"@type":"ListItem","position":2,"name":"Festival Fin de A\u00f1o 2025 &#8211; H\u00e9roes y Hero\u00ednas de la Tierra"}]},{"@type":"WebSite","@id":"https:\/\/colegiotecnova.com.ar\/primario\/#website","url":"https:\/\/colegiotecnova.com.ar\/primario\/","name":"Colegio Tecnova","description":"Ciclo Primario","publisher":{"@id":"https:\/\/colegiotecnova.com.ar\/primario\/#organization"},"potentialAction":[{"@type":"SearchAction","target":{"@type":"EntryPoint","urlTemplate":"https:\/\/colegiotecnova.com.ar\/primario\/?s={search_term_string}"},"query-input":"required name=search_term_string"}],"inLanguage":"es"},{"@type":"Organization","@id":"https:\/\/colegiotecnova.com.ar\/primario\/#organization","name":"Colegio Tecnova","url":"https:\/\/colegiotecnova.com.ar\/primario\/","logo":{"@type":"ImageObject","inLanguage":"es","@id":"https:\/\/colegiotecnova.com.ar\/primario\/#\/schema\/logo\/image\/","url":"https:\/\/colegiotecnova.com.ar\/primario\/wp-content\/uploads\/2019\/09\/tecnova-logo.svg","contentUrl":"https:\/\/colegiotecnova.com.ar\/primario\/wp-content\/uploads\/2019\/09\/tecnova-logo.svg","width":1,"height":1,"caption":"Colegio Tecnova"},"image":{"@id":"https:\/\/colegiotecnova.com.ar\/primario\/#\/schema\/logo\/image\/"},"sameAs":["https:\/\/www.facebook.com\/colegiotecnova\/","https:\/\/www.instagram.com\/colegiotecnova\/"]},{"@type":"Person","@id":"https:\/\/colegiotecnova.com.ar\/primario\/#\/schema\/person\/95ed528759bb5083e3d0d013a609adb3","name":"Celeste","image":{"@type":"ImageObject","inLanguage":"es","@id":"https:\/\/colegiotecnova.com.ar\/primario\/#\/schema\/person\/image\/","url":"https:\/\/secure.gravatar.com\/avatar\/6b49c586fabdd943be0f355d09dab9f9f2820e455ea1c7573f3f74b5501c14f0?s=96&d=mm&r=g","contentUrl":"https:\/\/secure.gravatar.com\/avatar\/6b49c586fabdd943be0f355d09dab9f9f2820e455ea1c7573f3f74b5501c14f0?s=96&d=mm&r=g","caption":"Celeste"},"url":"https:\/\/colegiotecnova.com.ar\/primario\/author\/celesteneves2002hotmail-com\/"}]}},"_links":{"self":[{"href":"https:\/\/colegiotecnova.com.ar\/primario\/wp-json\/wp\/v2\/posts\/2074","targetHints":{"allow":["GET"]}}],"collection":[{"href":"https:\/\/colegiotecnova.com.ar\/primario\/wp-json\/wp\/v2\/posts"}],"about":[{"href":"https:\/\/colegiotecnova.com.ar\/primario\/wp-json\/wp\/v2\/types\/post"}],"author":[{"embeddable":true,"href":"https:\/\/colegiotecnova.com.ar\/primario\/wp-json\/wp\/v2\/users\/2"}],"replies":[{"embeddable":true,"href":"https:\/\/colegiotecnova.com.ar\/primario\/wp-json\/wp\/v2\/comments?post=2074"}],"version-history":[{"count":3,"href":"https:\/\/colegiotecnova.com.ar\/primario\/wp-json\/wp\/v2\/posts\/2074\/revisions"}],"predecessor-version":[{"id":2088,"href":"https:\/\/colegiotecnova.com.ar\/primario\/wp-json\/wp\/v2\/posts\/2074\/revisions\/2088"}],"wp:featuredmedia":[{"embeddable":true,"href":"https:\/\/colegiotecnova.com.ar\/primario\/wp-json\/wp\/v2\/media\/2075"}],"wp:attachment":[{"href":"https:\/\/colegiotecnova.com.ar\/primario\/wp-json\/wp\/v2\/media?parent=2074"}],"wp:term":[{"taxonomy":"category","embeddable":true,"href":"https:\/\/colegiotecnova.com.ar\/primario\/wp-json\/wp\/v2\/categories?post=2074"},{"taxonomy":"post_tag","embeddable":true,"href":"https:\/\/colegiotecnova.com.ar\/primario\/wp-json\/wp\/v2\/tags?post=2074"}],"curies":[{"name":"wp","href":"https:\/\/api.w.org\/{rel}","templated":true}]}}