{"id":1649,"date":"2024-11-14T16:52:42","date_gmt":"2024-11-14T16:52:42","guid":{"rendered":"https:\/\/colegiotecnova.com.ar\/primario\/?p=1649"},"modified":"2024-11-14T16:57:51","modified_gmt":"2024-11-14T16:57:51","slug":"colonia-de-verano-en-el-portela","status":"publish","type":"post","link":"https:\/\/colegiotecnova.com.ar\/primario\/colonia-de-verano-en-el-portela\/","title":{"rendered":"Colonia de Verano en el Portela"},"content":{"rendered":"<h3>Asociaci\u00f3n con el Club Portela<\/h3>\n<p>Estamos emocionados de anunciar una nueva y valiosa asociaci\u00f3n entre nuestro colegio y el Club Portela. Esta colaboraci\u00f3n trae beneficios incre\u00edbles para nuestros estudiantes, quienes ahora pueden disfrutar de la\u00a0<span data-text-color=\"primary\"><strong>tarifa de socios<\/strong><\/span> para la colonia de verano del club, destinada a ni\u00f1os hasta los 11 a\u00f1os.<\/p>\n<p><strong>\u00bfQu\u00e9 ofrece la colonia de verano del Club Portela?<\/strong><\/p>\n<ol>\n<li><strong>Jornada Simple o Completa<\/strong><\/li>\n<li><strong>Actividades recreativas:<\/strong>\u00a0Juegos y din\u00e1micas dise\u00f1adas para el entretenimiento y la diversi\u00f3n.<\/li>\n<li><strong>Iniciaci\u00f3n deportiva:<\/strong>\u00a0Introducci\u00f3n a diversos deportes para fomentar un estilo de vida activo y saludable.<\/li>\n<li><strong>Pileta climatizada:<\/strong>\u00a0\u00a1Diversi\u00f3n acu\u00e1tica asegurada, sin importar el clima!<\/li>\n<li><b>Opci\u00f3n Comedor en el Club<\/b>.<\/li>\n<\/ol>\n<p><strong>Fechas de la colonia:<\/strong><\/p>\n<p>La colonia se llevar\u00e1 a cabo del 02 de Enero al 28 de Febrero, ofreciendo dos meses llenos de actividades!<\/p>\n<p><strong>\u00bfQui\u00e9nes pueden beneficiarse?<\/strong><\/p>\n<p>Todos los estudiantes de Tecnova, hasta los 11 a\u00f1os, podr\u00e1n acceder a estas actividades a un precio especial.<\/p>\n<p><strong>\u00bfC\u00f3mo inscribirse?<\/strong><\/p>\n<p>Para inscribirse, los interesados deber\u00e1n solicitar su Certificado de Alumno Regular al mail info@colegiotecnova.com.ar y presentarlo en la secretaria del\u00a0 Club para acceder al descuento.<\/p>\n<hr \/>\n<p>Esta asociaci\u00f3n no solo busca ofrecer actividades recreativas y deportivas, sino tambi\u00e9n promover el desarrollo integral de nuestros estudiantes. Estamos convencidos de que esta colaboraci\u00f3n traer\u00e1 muchos momentos de alegr\u00eda y crecimiento personal.<\/p>\n<p>\u00a1Nos vemos en el club!<\/p>\n<p><em>*Bonificaci\u00f3n v\u00e1lida para los inscriptos hasta el 14\/12\/2024, tarifa promocional aplica sobre Mes Jornada Completa o Media Jornada.<\/em><\/p>\n<a rel=\"noopener noreferrer\" href=\"https:\/\/colegiotecnova.com.ar\/primario\/wp-content\/uploads\/2024\/11\/WhatsApp-Image-2024-11-14-at-12.27.30-PM.jpeg\" target=\"_blank\" class=\"button primary\"  >\n    <span>Tarifas<\/span>\n  <\/a>\n\n","protected":false},"excerpt":{"rendered":"<p>Asociaci\u00f3n con el Club Portela Estamos emocionados de anunciar una nueva y valiosa asociaci\u00f3n entre nuestro colegio y el Club Portela. Esta colaboraci\u00f3n trae beneficios incre\u00edbles para nuestros estudiantes, quienes ahora pueden disfrutar de la\u00a0tarifa de socios para la colonia de verano del club, destinada a ni\u00f1os hasta los 11 a\u00f1os. \u00bfQu\u00e9 ofrece la colonia<\/p>\n","protected":false},"author":2,"featured_media":1650,"comment_status":"closed","ping_status":"closed","sticky":false,"template":"","format":"standard","meta":{"_joinchat":[],"footnotes":""},"categories":[3],"tags":[],"class_list":["post-1649","post","type-post","status-publish","format-standard","has-post-thumbnail","hentry","category-tips"],"yoast_head":"<!-- This site is optimized with the Yoast SEO plugin v23.1 - https:\/\/yoast.com\/wordpress\/plugins\/seo\/ -->\n<title>Colonia de Verano en el Portela - Colegio Tecnova<\/title>\n<meta name=\"robots\" content=\"index, follow, max-snippet:-1, max-image-preview:large, max-video-preview:-1\" \/>\n<link rel=\"canonical\" href=\"https:\/\/colegiotecnova.com.ar\/primario\/colonia-de-verano-en-el-portela\/\" \/>\n<meta property=\"og:locale\" content=\"es_ES\" \/>\n<meta property=\"og:type\" content=\"article\" \/>\n<meta property=\"og:title\" content=\"Colonia de Verano en el Portela - Colegio Tecnova\" \/>\n<meta property=\"og:description\" content=\"Asociaci\u00f3n con el Club Portela Estamos emocionados de anunciar una nueva y valiosa asociaci\u00f3n entre nuestro colegio y el Club Portela. Esta colaboraci\u00f3n trae beneficios incre\u00edbles para nuestros estudiantes, quienes ahora pueden disfrutar de la\u00a0tarifa de socios para la colonia de verano del club, destinada a ni\u00f1os hasta los 11 a\u00f1os. \u00bfQu\u00e9 ofrece la colonia\" \/>\n<meta property=\"og:url\" content=\"https:\/\/colegiotecnova.com.ar\/primario\/colonia-de-verano-en-el-portela\/\" \/>\n<meta property=\"og:site_name\" content=\"Colegio Tecnova\" \/>\n<meta property=\"article:publisher\" content=\"https:\/\/www.facebook.com\/colegiotecnova\/\" \/>\n<meta property=\"article:published_time\" content=\"2024-11-14T16:52:42+00:00\" \/>\n<meta property=\"article:modified_time\" content=\"2024-11-14T16:57:51+00:00\" \/>\n<meta property=\"og:image\" content=\"https:\/\/colegiotecnova.com.ar\/primario\/wp-content\/uploads\/2024\/11\/Colonia-de-Verano-Portela-2.jpg\" \/>\n\t<meta property=\"og:image:width\" content=\"1080\" \/>\n\t<meta property=\"og:image:height\" content=\"1080\" \/>\n\t<meta property=\"og:image:type\" content=\"image\/jpeg\" \/>\n<meta name=\"author\" content=\"Celeste\" \/>\n<meta name=\"twitter:card\" content=\"summary_large_image\" \/>\n<meta name=\"twitter:label1\" content=\"Escrito por\" \/>\n\t<meta name=\"twitter:data1\" content=\"Celeste\" \/>\n\t<meta name=\"twitter:label2\" content=\"Tiempo de lectura\" \/>\n\t<meta name=\"twitter:data2\" content=\"1 minuto\" \/>\n<script type=\"application\/ld+json\" class=\"yoast-schema-graph\">{\"@context\":\"https:\/\/schema.org\",\"@graph\":[{\"@type\":\"Article\",\"@id\":\"https:\/\/colegiotecnova.com.ar\/primario\/colonia-de-verano-en-el-portela\/#article\",\"isPartOf\":{\"@id\":\"https:\/\/colegiotecnova.com.ar\/primario\/colonia-de-verano-en-el-portela\/\"},\"author\":{\"name\":\"Celeste\",\"@id\":\"https:\/\/colegiotecnova.com.ar\/primario\/#\/schema\/person\/95ed528759bb5083e3d0d013a609adb3\"},\"headline\":\"Colonia de Verano en el Portela\",\"datePublished\":\"2024-11-14T16:52:42+00:00\",\"dateModified\":\"2024-11-14T16:57:51+00:00\",\"mainEntityOfPage\":{\"@id\":\"https:\/\/colegiotecnova.com.ar\/primario\/colonia-de-verano-en-el-portela\/\"},\"wordCount\":282,\"publisher\":{\"@id\":\"https:\/\/colegiotecnova.com.ar\/primario\/#organization\"},\"image\":{\"@id\":\"https:\/\/colegiotecnova.com.ar\/primario\/colonia-de-verano-en-el-portela\/#primaryimage\"},\"thumbnailUrl\":\"https:\/\/colegiotecnova.com.ar\/primario\/wp-content\/uploads\/2024\/11\/Colonia-de-Verano-Portela-2.jpg\",\"articleSection\":[\"Tips\"],\"inLanguage\":\"es\"},{\"@type\":\"WebPage\",\"@id\":\"https:\/\/colegiotecnova.com.ar\/primario\/colonia-de-verano-en-el-portela\/\",\"url\":\"https:\/\/colegiotecnova.com.ar\/primario\/colonia-de-verano-en-el-portela\/\",\"name\":\"Colonia de Verano en el Portela - Colegio Tecnova\",\"isPartOf\":{\"@id\":\"https:\/\/colegiotecnova.com.ar\/primario\/#website\"},\"primaryImageOfPage\":{\"@id\":\"https:\/\/colegiotecnova.com.ar\/primario\/colonia-de-verano-en-el-portela\/#primaryimage\"},\"image\":{\"@id\":\"https:\/\/colegiotecnova.com.ar\/primario\/colonia-de-verano-en-el-portela\/#primaryimage\"},\"thumbnailUrl\":\"https:\/\/colegiotecnova.com.ar\/primario\/wp-content\/uploads\/2024\/11\/Colonia-de-Verano-Portela-2.jpg\",\"datePublished\":\"2024-11-14T16:52:42+00:00\",\"dateModified\":\"2024-11-14T16:57:51+00:00\",\"breadcrumb\":{\"@id\":\"https:\/\/colegiotecnova.com.ar\/primario\/colonia-de-verano-en-el-portela\/#breadcrumb\"},\"inLanguage\":\"es\",\"potentialAction\":[{\"@type\":\"ReadAction\",\"target\":[\"https:\/\/colegiotecnova.com.ar\/primario\/colonia-de-verano-en-el-portela\/\"]}]},{\"@type\":\"ImageObject\",\"inLanguage\":\"es\",\"@id\":\"https:\/\/colegiotecnova.com.ar\/primario\/colonia-de-verano-en-el-portela\/#primaryimage\",\"url\":\"https:\/\/colegiotecnova.com.ar\/primario\/wp-content\/uploads\/2024\/11\/Colonia-de-Verano-Portela-2.jpg\",\"contentUrl\":\"https:\/\/colegiotecnova.com.ar\/primario\/wp-content\/uploads\/2024\/11\/Colonia-de-Verano-Portela-2.jpg\",\"width\":1080,\"height\":1080},{\"@type\":\"BreadcrumbList\",\"@id\":\"https:\/\/colegiotecnova.com.ar\/primario\/colonia-de-verano-en-el-portela\/#breadcrumb\",\"itemListElement\":[{\"@type\":\"ListItem\",\"position\":1,\"name\":\"Portada\",\"item\":\"https:\/\/colegiotecnova.com.ar\/primario\/\"},{\"@type\":\"ListItem\",\"position\":2,\"name\":\"Colonia de Verano en el Portela\"}]},{\"@type\":\"WebSite\",\"@id\":\"https:\/\/colegiotecnova.com.ar\/primario\/#website\",\"url\":\"https:\/\/colegiotecnova.com.ar\/primario\/\",\"name\":\"Colegio Tecnova\",\"description\":\"Ciclo Primario\",\"publisher\":{\"@id\":\"https:\/\/colegiotecnova.com.ar\/primario\/#organization\"},\"potentialAction\":[{\"@type\":\"SearchAction\",\"target\":{\"@type\":\"EntryPoint\",\"urlTemplate\":\"https:\/\/colegiotecnova.com.ar\/primario\/?s={search_term_string}\"},\"query-input\":\"required name=search_term_string\"}],\"inLanguage\":\"es\"},{\"@type\":\"Organization\",\"@id\":\"https:\/\/colegiotecnova.com.ar\/primario\/#organization\",\"name\":\"Colegio Tecnova\",\"url\":\"https:\/\/colegiotecnova.com.ar\/primario\/\",\"logo\":{\"@type\":\"ImageObject\",\"inLanguage\":\"es\",\"@id\":\"https:\/\/colegiotecnova.com.ar\/primario\/#\/schema\/logo\/image\/\",\"url\":\"https:\/\/colegiotecnova.com.ar\/primario\/wp-content\/uploads\/2019\/09\/tecnova-logo.svg\",\"contentUrl\":\"https:\/\/colegiotecnova.com.ar\/primario\/wp-content\/uploads\/2019\/09\/tecnova-logo.svg\",\"width\":1,\"height\":1,\"caption\":\"Colegio Tecnova\"},\"image\":{\"@id\":\"https:\/\/colegiotecnova.com.ar\/primario\/#\/schema\/logo\/image\/\"},\"sameAs\":[\"https:\/\/www.facebook.com\/colegiotecnova\/\",\"https:\/\/www.instagram.com\/colegiotecnova\/\"]},{\"@type\":\"Person\",\"@id\":\"https:\/\/colegiotecnova.com.ar\/primario\/#\/schema\/person\/95ed528759bb5083e3d0d013a609adb3\",\"name\":\"Celeste\",\"image\":{\"@type\":\"ImageObject\",\"inLanguage\":\"es\",\"@id\":\"https:\/\/colegiotecnova.com.ar\/primario\/#\/schema\/person\/image\/\",\"url\":\"https:\/\/secure.gravatar.com\/avatar\/6b49c586fabdd943be0f355d09dab9f9f2820e455ea1c7573f3f74b5501c14f0?s=96&d=mm&r=g\",\"contentUrl\":\"https:\/\/secure.gravatar.com\/avatar\/6b49c586fabdd943be0f355d09dab9f9f2820e455ea1c7573f3f74b5501c14f0?s=96&d=mm&r=g\",\"caption\":\"Celeste\"},\"url\":\"https:\/\/colegiotecnova.com.ar\/primario\/author\/celesteneves2002hotmail-com\/\"}]}<\/script>\n<!-- \/ Yoast SEO plugin. -->","yoast_head_json":{"title":"Colonia de Verano en el Portela - Colegio Tecnova","robots":{"index":"index","follow":"follow","max-snippet":"max-snippet:-1","max-image-preview":"max-image-preview:large","max-video-preview":"max-video-preview:-1"},"canonical":"https:\/\/colegiotecnova.com.ar\/primario\/colonia-de-verano-en-el-portela\/","og_locale":"es_ES","og_type":"article","og_title":"Colonia de Verano en el Portela - Colegio Tecnova","og_description":"Asociaci\u00f3n con el Club Portela Estamos emocionados de anunciar una nueva y valiosa asociaci\u00f3n entre nuestro colegio y el Club Portela. Esta colaboraci\u00f3n trae beneficios incre\u00edbles para nuestros estudiantes, quienes ahora pueden disfrutar de la\u00a0tarifa de socios para la colonia de verano del club, destinada a ni\u00f1os hasta los 11 a\u00f1os. \u00bfQu\u00e9 ofrece la colonia","og_url":"https:\/\/colegiotecnova.com.ar\/primario\/colonia-de-verano-en-el-portela\/","og_site_name":"Colegio Tecnova","article_publisher":"https:\/\/www.facebook.com\/colegiotecnova\/","article_published_time":"2024-11-14T16:52:42+00:00","article_modified_time":"2024-11-14T16:57:51+00:00","og_image":[{"width":1080,"height":1080,"url":"https:\/\/colegiotecnova.com.ar\/primario\/wp-content\/uploads\/2024\/11\/Colonia-de-Verano-Portela-2.jpg","type":"image\/jpeg"}],"author":"Celeste","twitter_card":"summary_large_image","twitter_misc":{"Escrito por":"Celeste","Tiempo de lectura":"1 minuto"},"schema":{"@context":"https:\/\/schema.org","@graph":[{"@type":"Article","@id":"https:\/\/colegiotecnova.com.ar\/primario\/colonia-de-verano-en-el-portela\/#article","isPartOf":{"@id":"https:\/\/colegiotecnova.com.ar\/primario\/colonia-de-verano-en-el-portela\/"},"author":{"name":"Celeste","@id":"https:\/\/colegiotecnova.com.ar\/primario\/#\/schema\/person\/95ed528759bb5083e3d0d013a609adb3"},"headline":"Colonia de Verano en el Portela","datePublished":"2024-11-14T16:52:42+00:00","dateModified":"2024-11-14T16:57:51+00:00","mainEntityOfPage":{"@id":"https:\/\/colegiotecnova.com.ar\/primario\/colonia-de-verano-en-el-portela\/"},"wordCount":282,"publisher":{"@id":"https:\/\/colegiotecnova.com.ar\/primario\/#organization"},"image":{"@id":"https:\/\/colegiotecnova.com.ar\/primario\/colonia-de-verano-en-el-portela\/#primaryimage"},"thumbnailUrl":"https:\/\/colegiotecnova.com.ar\/primario\/wp-content\/uploads\/2024\/11\/Colonia-de-Verano-Portela-2.jpg","articleSection":["Tips"],"inLanguage":"es"},{"@type":"WebPage","@id":"https:\/\/colegiotecnova.com.ar\/primario\/colonia-de-verano-en-el-portela\/","url":"https:\/\/colegiotecnova.com.ar\/primario\/colonia-de-verano-en-el-portela\/","name":"Colonia de Verano en el Portela - Colegio Tecnova","isPartOf":{"@id":"https:\/\/colegiotecnova.com.ar\/primario\/#website"},"primaryImageOfPage":{"@id":"https:\/\/colegiotecnova.com.ar\/primario\/colonia-de-verano-en-el-portela\/#primaryimage"},"image":{"@id":"https:\/\/colegiotecnova.com.ar\/primario\/colonia-de-verano-en-el-portela\/#primaryimage"},"thumbnailUrl":"https:\/\/colegiotecnova.com.ar\/primario\/wp-content\/uploads\/2024\/11\/Colonia-de-Verano-Portela-2.jpg","datePublished":"2024-11-14T16:52:42+00:00","dateModified":"2024-11-14T16:57:51+00:00","breadcrumb":{"@id":"https:\/\/colegiotecnova.com.ar\/primario\/colonia-de-verano-en-el-portela\/#breadcrumb"},"inLanguage":"es","potentialAction":[{"@type":"ReadAction","target":["https:\/\/colegiotecnova.com.ar\/primario\/colonia-de-verano-en-el-portela\/"]}]},{"@type":"ImageObject","inLanguage":"es","@id":"https:\/\/colegiotecnova.com.ar\/primario\/colonia-de-verano-en-el-portela\/#primaryimage","url":"https:\/\/colegiotecnova.com.ar\/primario\/wp-content\/uploads\/2024\/11\/Colonia-de-Verano-Portela-2.jpg","contentUrl":"https:\/\/colegiotecnova.com.ar\/primario\/wp-content\/uploads\/2024\/11\/Colonia-de-Verano-Portela-2.jpg","width":1080,"height":1080},{"@type":"BreadcrumbList","@id":"https:\/\/colegiotecnova.com.ar\/primario\/colonia-de-verano-en-el-portela\/#breadcrumb","itemListElement":[{"@type":"ListItem","position":1,"name":"Portada","item":"https:\/\/colegiotecnova.com.ar\/primario\/"},{"@type":"ListItem","position":2,"name":"Colonia de Verano en el Portela"}]},{"@type":"WebSite","@id":"https:\/\/colegiotecnova.com.ar\/primario\/#website","url":"https:\/\/colegiotecnova.com.ar\/primario\/","name":"Colegio Tecnova","description":"Ciclo Primario","publisher":{"@id":"https:\/\/colegiotecnova.com.ar\/primario\/#organization"},"potentialAction":[{"@type":"SearchAction","target":{"@type":"EntryPoint","urlTemplate":"https:\/\/colegiotecnova.com.ar\/primario\/?s={search_term_string}"},"query-input":"required name=search_term_string"}],"inLanguage":"es"},{"@type":"Organization","@id":"https:\/\/colegiotecnova.com.ar\/primario\/#organization","name":"Colegio Tecnova","url":"https:\/\/colegiotecnova.com.ar\/primario\/","logo":{"@type":"ImageObject","inLanguage":"es","@id":"https:\/\/colegiotecnova.com.ar\/primario\/#\/schema\/logo\/image\/","url":"https:\/\/colegiotecnova.com.ar\/primario\/wp-content\/uploads\/2019\/09\/tecnova-logo.svg","contentUrl":"https:\/\/colegiotecnova.com.ar\/primario\/wp-content\/uploads\/2019\/09\/tecnova-logo.svg","width":1,"height":1,"caption":"Colegio Tecnova"},"image":{"@id":"https:\/\/colegiotecnova.com.ar\/primario\/#\/schema\/logo\/image\/"},"sameAs":["https:\/\/www.facebook.com\/colegiotecnova\/","https:\/\/www.instagram.com\/colegiotecnova\/"]},{"@type":"Person","@id":"https:\/\/colegiotecnova.com.ar\/primario\/#\/schema\/person\/95ed528759bb5083e3d0d013a609adb3","name":"Celeste","image":{"@type":"ImageObject","inLanguage":"es","@id":"https:\/\/colegiotecnova.com.ar\/primario\/#\/schema\/person\/image\/","url":"https:\/\/secure.gravatar.com\/avatar\/6b49c586fabdd943be0f355d09dab9f9f2820e455ea1c7573f3f74b5501c14f0?s=96&d=mm&r=g","contentUrl":"https:\/\/secure.gravatar.com\/avatar\/6b49c586fabdd943be0f355d09dab9f9f2820e455ea1c7573f3f74b5501c14f0?s=96&d=mm&r=g","caption":"Celeste"},"url":"https:\/\/colegiotecnova.com.ar\/primario\/author\/celesteneves2002hotmail-com\/"}]}},"_links":{"self":[{"href":"https:\/\/colegiotecnova.com.ar\/primario\/wp-json\/wp\/v2\/posts\/1649","targetHints":{"allow":["GET"]}}],"collection":[{"href":"https:\/\/colegiotecnova.com.ar\/primario\/wp-json\/wp\/v2\/posts"}],"about":[{"href":"https:\/\/colegiotecnova.com.ar\/primario\/wp-json\/wp\/v2\/types\/post"}],"author":[{"embeddable":true,"href":"https:\/\/colegiotecnova.com.ar\/primario\/wp-json\/wp\/v2\/users\/2"}],"replies":[{"embeddable":true,"href":"https:\/\/colegiotecnova.com.ar\/primario\/wp-json\/wp\/v2\/comments?post=1649"}],"version-history":[{"count":2,"href":"https:\/\/colegiotecnova.com.ar\/primario\/wp-json\/wp\/v2\/posts\/1649\/revisions"}],"predecessor-version":[{"id":1652,"href":"https:\/\/colegiotecnova.com.ar\/primario\/wp-json\/wp\/v2\/posts\/1649\/revisions\/1652"}],"wp:featuredmedia":[{"embeddable":true,"href":"https:\/\/colegiotecnova.com.ar\/primario\/wp-json\/wp\/v2\/media\/1650"}],"wp:attachment":[{"href":"https:\/\/colegiotecnova.com.ar\/primario\/wp-json\/wp\/v2\/media?parent=1649"}],"wp:term":[{"taxonomy":"category","embeddable":true,"href":"https:\/\/colegiotecnova.com.ar\/primario\/wp-json\/wp\/v2\/categories?post=1649"},{"taxonomy":"post_tag","embeddable":true,"href":"https:\/\/colegiotecnova.com.ar\/primario\/wp-json\/wp\/v2\/tags?post=1649"}],"curies":[{"name":"wp","href":"https:\/\/api.w.org\/{rel}","templated":true}]}}