{"id":1507,"date":"2024-07-10T16:26:35","date_gmt":"2024-07-10T16:26:35","guid":{"rendered":"https:\/\/colegiotecnova.com.ar\/primario\/?p=1507"},"modified":"2024-07-11T16:44:58","modified_gmt":"2024-07-11T16:44:58","slug":"1507-2","status":"publish","type":"post","link":"https:\/\/colegiotecnova.com.ar\/primario\/1507-2\/","title":{"rendered":"Escuela Orquesta de Lanus"},"content":{"rendered":"\n<h3>\u00a1Descubre el M\u00fasico que Llevas Dentro! en la Escuela de Orquesta de Lan\u00fas<\/h3>\n<p>En Tecnova siempre buscamos fomentar el desarrollo integral de nuestros estudiantes, y esta vez queremos recomendar un espacio extraordinario: la Escuela de Orquesta de Lan\u00fas. Este lugar es perfecto para aquellos que desean aprender sobre los diferentes instrumentos de orquesta y acercarse al fascinante mundo de la m\u00fasica.<\/p>\n<p><strong>\u00bfQu\u00e9 ofrece la Escuela de Orquesta de Lan\u00fas?<\/strong><\/p>\n<ol>\n<li><strong>Clases de diversos instrumentos:<\/strong> Desde viol\u00edn y viola hasta flauta y clarinete, pasando por el cello y el contrabajo. Aqu\u00ed puedes descubrir y aprender a tocar el instrumento que m\u00e1s te apasione.<\/li>\n<li><strong>Introducci\u00f3n al lenguaje musical:<\/strong> Aprende a leer partituras y a comprender los fundamentos de la teor\u00eda musical.<\/li>\n<li><strong>Talleres y ensayos en conjunto:<\/strong> Experimenta la emoci\u00f3n de tocar en una orquesta, trabajando en equipo y creando m\u00fasica con otros estudiantes.<\/li>\n<li><strong>Eventos y conciertos:<\/strong> Participa en presentaciones y muestra tu progreso en escenarios reales.<\/li>\n<\/ol>\n<p><strong>\u00bfPor qu\u00e9 elegir la Escuela de Orquesta de Lan\u00fas?<\/strong><\/p>\n<ul>\n<li><strong>Ideal para todas las edades:<\/strong> Tanto si eres un principiante como si ya tienes algo de experiencia, hay un lugar para ti.<\/li>\n<li><strong>Profesores experimentados:<\/strong> Aprende de m\u00fasicos profesionales que te guiar\u00e1n y motivar\u00e1n en cada paso de tu aprendizaje.<\/li>\n<\/ul>\n<p><strong>\u00bfC\u00f3mo inscribirse?<\/strong><\/p>\n<p>Para m\u00e1s informaci\u00f3n e inscripciones, puedes visitar la Escuela de Orquesta de Lan\u00fas o contactarlos directamente a trav\u00e9s de su instagram <span data-text-color=\"primary\"><a href=\"https:\/\/www.instagram.com\/orquestaescueladelanus\">@orquestaescueladelanus<\/a><\/span><\/p>\n\n","protected":false},"excerpt":{"rendered":"","protected":false},"author":2,"featured_media":1509,"comment_status":"closed","ping_status":"closed","sticky":false,"template":"","format":"standard","meta":{"_joinchat":[],"footnotes":""},"categories":[9],"tags":[],"class_list":["post-1507","post","type-post","status-publish","format-standard","has-post-thumbnail","hentry","category-actividades-vacaciones-de-invierno"],"yoast_head":"<!-- This site is optimized with the Yoast SEO plugin v23.1 - https:\/\/yoast.com\/wordpress\/plugins\/seo\/ -->\n<title>Escuela Orquesta de Lanus - Colegio Tecnova<\/title>\n<meta name=\"robots\" content=\"index, follow, max-snippet:-1, max-image-preview:large, max-video-preview:-1\" \/>\n<link rel=\"canonical\" href=\"https:\/\/colegiotecnova.com.ar\/primario\/1507-2\/\" \/>\n<meta property=\"og:locale\" content=\"es_ES\" \/>\n<meta property=\"og:type\" content=\"article\" \/>\n<meta property=\"og:title\" content=\"Escuela Orquesta de Lanus - Colegio Tecnova\" \/>\n<meta property=\"og:url\" content=\"https:\/\/colegiotecnova.com.ar\/primario\/1507-2\/\" \/>\n<meta property=\"og:site_name\" content=\"Colegio Tecnova\" \/>\n<meta property=\"article:publisher\" content=\"https:\/\/www.facebook.com\/colegiotecnova\/\" \/>\n<meta property=\"article:published_time\" content=\"2024-07-10T16:26:35+00:00\" \/>\n<meta property=\"article:modified_time\" content=\"2024-07-11T16:44:58+00:00\" \/>\n<meta property=\"og:image\" content=\"https:\/\/colegiotecnova.com.ar\/primario\/wp-content\/uploads\/2024\/07\/unnamed-1.jpg\" \/>\n\t<meta property=\"og:image:width\" content=\"512\" \/>\n\t<meta property=\"og:image:height\" content=\"384\" \/>\n\t<meta property=\"og:image:type\" content=\"image\/jpeg\" \/>\n<meta name=\"author\" content=\"Celeste\" \/>\n<meta name=\"twitter:card\" content=\"summary_large_image\" \/>\n<meta name=\"twitter:label1\" content=\"Escrito por\" \/>\n\t<meta name=\"twitter:data1\" content=\"Celeste\" \/>\n\t<meta name=\"twitter:label2\" content=\"Tiempo de lectura\" \/>\n\t<meta name=\"twitter:data2\" content=\"2 minutos\" \/>\n<script type=\"application\/ld+json\" class=\"yoast-schema-graph\">{\"@context\":\"https:\/\/schema.org\",\"@graph\":[{\"@type\":\"Article\",\"@id\":\"https:\/\/colegiotecnova.com.ar\/primario\/1507-2\/#article\",\"isPartOf\":{\"@id\":\"https:\/\/colegiotecnova.com.ar\/primario\/1507-2\/\"},\"author\":{\"name\":\"Celeste\",\"@id\":\"https:\/\/colegiotecnova.com.ar\/primario\/#\/schema\/person\/95ed528759bb5083e3d0d013a609adb3\"},\"headline\":\"Escuela Orquesta de Lanus\",\"datePublished\":\"2024-07-10T16:26:35+00:00\",\"dateModified\":\"2024-07-11T16:44:58+00:00\",\"mainEntityOfPage\":{\"@id\":\"https:\/\/colegiotecnova.com.ar\/primario\/1507-2\/\"},\"wordCount\":249,\"publisher\":{\"@id\":\"https:\/\/colegiotecnova.com.ar\/primario\/#organization\"},\"image\":{\"@id\":\"https:\/\/colegiotecnova.com.ar\/primario\/1507-2\/#primaryimage\"},\"thumbnailUrl\":\"https:\/\/colegiotecnova.com.ar\/primario\/wp-content\/uploads\/2024\/07\/unnamed-1.jpg\",\"articleSection\":[\"Actividades Vacaciones de Invierno\"],\"inLanguage\":\"es\"},{\"@type\":\"WebPage\",\"@id\":\"https:\/\/colegiotecnova.com.ar\/primario\/1507-2\/\",\"url\":\"https:\/\/colegiotecnova.com.ar\/primario\/1507-2\/\",\"name\":\"Escuela Orquesta de Lanus - Colegio Tecnova\",\"isPartOf\":{\"@id\":\"https:\/\/colegiotecnova.com.ar\/primario\/#website\"},\"primaryImageOfPage\":{\"@id\":\"https:\/\/colegiotecnova.com.ar\/primario\/1507-2\/#primaryimage\"},\"image\":{\"@id\":\"https:\/\/colegiotecnova.com.ar\/primario\/1507-2\/#primaryimage\"},\"thumbnailUrl\":\"https:\/\/colegiotecnova.com.ar\/primario\/wp-content\/uploads\/2024\/07\/unnamed-1.jpg\",\"datePublished\":\"2024-07-10T16:26:35+00:00\",\"dateModified\":\"2024-07-11T16:44:58+00:00\",\"breadcrumb\":{\"@id\":\"https:\/\/colegiotecnova.com.ar\/primario\/1507-2\/#breadcrumb\"},\"inLanguage\":\"es\",\"potentialAction\":[{\"@type\":\"ReadAction\",\"target\":[\"https:\/\/colegiotecnova.com.ar\/primario\/1507-2\/\"]}]},{\"@type\":\"ImageObject\",\"inLanguage\":\"es\",\"@id\":\"https:\/\/colegiotecnova.com.ar\/primario\/1507-2\/#primaryimage\",\"url\":\"https:\/\/colegiotecnova.com.ar\/primario\/wp-content\/uploads\/2024\/07\/unnamed-1.jpg\",\"contentUrl\":\"https:\/\/colegiotecnova.com.ar\/primario\/wp-content\/uploads\/2024\/07\/unnamed-1.jpg\",\"width\":512,\"height\":384},{\"@type\":\"BreadcrumbList\",\"@id\":\"https:\/\/colegiotecnova.com.ar\/primario\/1507-2\/#breadcrumb\",\"itemListElement\":[{\"@type\":\"ListItem\",\"position\":1,\"name\":\"Portada\",\"item\":\"https:\/\/colegiotecnova.com.ar\/primario\/\"},{\"@type\":\"ListItem\",\"position\":2,\"name\":\"Escuela Orquesta de Lanus\"}]},{\"@type\":\"WebSite\",\"@id\":\"https:\/\/colegiotecnova.com.ar\/primario\/#website\",\"url\":\"https:\/\/colegiotecnova.com.ar\/primario\/\",\"name\":\"Colegio Tecnova\",\"description\":\"Ciclo Primario\",\"publisher\":{\"@id\":\"https:\/\/colegiotecnova.com.ar\/primario\/#organization\"},\"potentialAction\":[{\"@type\":\"SearchAction\",\"target\":{\"@type\":\"EntryPoint\",\"urlTemplate\":\"https:\/\/colegiotecnova.com.ar\/primario\/?s={search_term_string}\"},\"query-input\":\"required name=search_term_string\"}],\"inLanguage\":\"es\"},{\"@type\":\"Organization\",\"@id\":\"https:\/\/colegiotecnova.com.ar\/primario\/#organization\",\"name\":\"Colegio Tecnova\",\"url\":\"https:\/\/colegiotecnova.com.ar\/primario\/\",\"logo\":{\"@type\":\"ImageObject\",\"inLanguage\":\"es\",\"@id\":\"https:\/\/colegiotecnova.com.ar\/primario\/#\/schema\/logo\/image\/\",\"url\":\"https:\/\/colegiotecnova.com.ar\/primario\/wp-content\/uploads\/2019\/09\/tecnova-logo.svg\",\"contentUrl\":\"https:\/\/colegiotecnova.com.ar\/primario\/wp-content\/uploads\/2019\/09\/tecnova-logo.svg\",\"width\":1,\"height\":1,\"caption\":\"Colegio Tecnova\"},\"image\":{\"@id\":\"https:\/\/colegiotecnova.com.ar\/primario\/#\/schema\/logo\/image\/\"},\"sameAs\":[\"https:\/\/www.facebook.com\/colegiotecnova\/\",\"https:\/\/www.instagram.com\/colegiotecnova\/\"]},{\"@type\":\"Person\",\"@id\":\"https:\/\/colegiotecnova.com.ar\/primario\/#\/schema\/person\/95ed528759bb5083e3d0d013a609adb3\",\"name\":\"Celeste\",\"image\":{\"@type\":\"ImageObject\",\"inLanguage\":\"es\",\"@id\":\"https:\/\/colegiotecnova.com.ar\/primario\/#\/schema\/person\/image\/\",\"url\":\"https:\/\/secure.gravatar.com\/avatar\/6b49c586fabdd943be0f355d09dab9f9f2820e455ea1c7573f3f74b5501c14f0?s=96&d=mm&r=g\",\"contentUrl\":\"https:\/\/secure.gravatar.com\/avatar\/6b49c586fabdd943be0f355d09dab9f9f2820e455ea1c7573f3f74b5501c14f0?s=96&d=mm&r=g\",\"caption\":\"Celeste\"},\"url\":\"https:\/\/colegiotecnova.com.ar\/primario\/author\/celesteneves2002hotmail-com\/\"}]}<\/script>\n<!-- \/ Yoast SEO plugin. -->","yoast_head_json":{"title":"Escuela Orquesta de Lanus - Colegio Tecnova","robots":{"index":"index","follow":"follow","max-snippet":"max-snippet:-1","max-image-preview":"max-image-preview:large","max-video-preview":"max-video-preview:-1"},"canonical":"https:\/\/colegiotecnova.com.ar\/primario\/1507-2\/","og_locale":"es_ES","og_type":"article","og_title":"Escuela Orquesta de Lanus - Colegio Tecnova","og_url":"https:\/\/colegiotecnova.com.ar\/primario\/1507-2\/","og_site_name":"Colegio Tecnova","article_publisher":"https:\/\/www.facebook.com\/colegiotecnova\/","article_published_time":"2024-07-10T16:26:35+00:00","article_modified_time":"2024-07-11T16:44:58+00:00","og_image":[{"width":512,"height":384,"url":"https:\/\/colegiotecnova.com.ar\/primario\/wp-content\/uploads\/2024\/07\/unnamed-1.jpg","type":"image\/jpeg"}],"author":"Celeste","twitter_card":"summary_large_image","twitter_misc":{"Escrito por":"Celeste","Tiempo de lectura":"2 minutos"},"schema":{"@context":"https:\/\/schema.org","@graph":[{"@type":"Article","@id":"https:\/\/colegiotecnova.com.ar\/primario\/1507-2\/#article","isPartOf":{"@id":"https:\/\/colegiotecnova.com.ar\/primario\/1507-2\/"},"author":{"name":"Celeste","@id":"https:\/\/colegiotecnova.com.ar\/primario\/#\/schema\/person\/95ed528759bb5083e3d0d013a609adb3"},"headline":"Escuela Orquesta de Lanus","datePublished":"2024-07-10T16:26:35+00:00","dateModified":"2024-07-11T16:44:58+00:00","mainEntityOfPage":{"@id":"https:\/\/colegiotecnova.com.ar\/primario\/1507-2\/"},"wordCount":249,"publisher":{"@id":"https:\/\/colegiotecnova.com.ar\/primario\/#organization"},"image":{"@id":"https:\/\/colegiotecnova.com.ar\/primario\/1507-2\/#primaryimage"},"thumbnailUrl":"https:\/\/colegiotecnova.com.ar\/primario\/wp-content\/uploads\/2024\/07\/unnamed-1.jpg","articleSection":["Actividades Vacaciones de Invierno"],"inLanguage":"es"},{"@type":"WebPage","@id":"https:\/\/colegiotecnova.com.ar\/primario\/1507-2\/","url":"https:\/\/colegiotecnova.com.ar\/primario\/1507-2\/","name":"Escuela Orquesta de Lanus - Colegio Tecnova","isPartOf":{"@id":"https:\/\/colegiotecnova.com.ar\/primario\/#website"},"primaryImageOfPage":{"@id":"https:\/\/colegiotecnova.com.ar\/primario\/1507-2\/#primaryimage"},"image":{"@id":"https:\/\/colegiotecnova.com.ar\/primario\/1507-2\/#primaryimage"},"thumbnailUrl":"https:\/\/colegiotecnova.com.ar\/primario\/wp-content\/uploads\/2024\/07\/unnamed-1.jpg","datePublished":"2024-07-10T16:26:35+00:00","dateModified":"2024-07-11T16:44:58+00:00","breadcrumb":{"@id":"https:\/\/colegiotecnova.com.ar\/primario\/1507-2\/#breadcrumb"},"inLanguage":"es","potentialAction":[{"@type":"ReadAction","target":["https:\/\/colegiotecnova.com.ar\/primario\/1507-2\/"]}]},{"@type":"ImageObject","inLanguage":"es","@id":"https:\/\/colegiotecnova.com.ar\/primario\/1507-2\/#primaryimage","url":"https:\/\/colegiotecnova.com.ar\/primario\/wp-content\/uploads\/2024\/07\/unnamed-1.jpg","contentUrl":"https:\/\/colegiotecnova.com.ar\/primario\/wp-content\/uploads\/2024\/07\/unnamed-1.jpg","width":512,"height":384},{"@type":"BreadcrumbList","@id":"https:\/\/colegiotecnova.com.ar\/primario\/1507-2\/#breadcrumb","itemListElement":[{"@type":"ListItem","position":1,"name":"Portada","item":"https:\/\/colegiotecnova.com.ar\/primario\/"},{"@type":"ListItem","position":2,"name":"Escuela Orquesta de Lanus"}]},{"@type":"WebSite","@id":"https:\/\/colegiotecnova.com.ar\/primario\/#website","url":"https:\/\/colegiotecnova.com.ar\/primario\/","name":"Colegio Tecnova","description":"Ciclo Primario","publisher":{"@id":"https:\/\/colegiotecnova.com.ar\/primario\/#organization"},"potentialAction":[{"@type":"SearchAction","target":{"@type":"EntryPoint","urlTemplate":"https:\/\/colegiotecnova.com.ar\/primario\/?s={search_term_string}"},"query-input":"required name=search_term_string"}],"inLanguage":"es"},{"@type":"Organization","@id":"https:\/\/colegiotecnova.com.ar\/primario\/#organization","name":"Colegio Tecnova","url":"https:\/\/colegiotecnova.com.ar\/primario\/","logo":{"@type":"ImageObject","inLanguage":"es","@id":"https:\/\/colegiotecnova.com.ar\/primario\/#\/schema\/logo\/image\/","url":"https:\/\/colegiotecnova.com.ar\/primario\/wp-content\/uploads\/2019\/09\/tecnova-logo.svg","contentUrl":"https:\/\/colegiotecnova.com.ar\/primario\/wp-content\/uploads\/2019\/09\/tecnova-logo.svg","width":1,"height":1,"caption":"Colegio Tecnova"},"image":{"@id":"https:\/\/colegiotecnova.com.ar\/primario\/#\/schema\/logo\/image\/"},"sameAs":["https:\/\/www.facebook.com\/colegiotecnova\/","https:\/\/www.instagram.com\/colegiotecnova\/"]},{"@type":"Person","@id":"https:\/\/colegiotecnova.com.ar\/primario\/#\/schema\/person\/95ed528759bb5083e3d0d013a609adb3","name":"Celeste","image":{"@type":"ImageObject","inLanguage":"es","@id":"https:\/\/colegiotecnova.com.ar\/primario\/#\/schema\/person\/image\/","url":"https:\/\/secure.gravatar.com\/avatar\/6b49c586fabdd943be0f355d09dab9f9f2820e455ea1c7573f3f74b5501c14f0?s=96&d=mm&r=g","contentUrl":"https:\/\/secure.gravatar.com\/avatar\/6b49c586fabdd943be0f355d09dab9f9f2820e455ea1c7573f3f74b5501c14f0?s=96&d=mm&r=g","caption":"Celeste"},"url":"https:\/\/colegiotecnova.com.ar\/primario\/author\/celesteneves2002hotmail-com\/"}]}},"_links":{"self":[{"href":"https:\/\/colegiotecnova.com.ar\/primario\/wp-json\/wp\/v2\/posts\/1507","targetHints":{"allow":["GET"]}}],"collection":[{"href":"https:\/\/colegiotecnova.com.ar\/primario\/wp-json\/wp\/v2\/posts"}],"about":[{"href":"https:\/\/colegiotecnova.com.ar\/primario\/wp-json\/wp\/v2\/types\/post"}],"author":[{"embeddable":true,"href":"https:\/\/colegiotecnova.com.ar\/primario\/wp-json\/wp\/v2\/users\/2"}],"replies":[{"embeddable":true,"href":"https:\/\/colegiotecnova.com.ar\/primario\/wp-json\/wp\/v2\/comments?post=1507"}],"version-history":[{"count":3,"href":"https:\/\/colegiotecnova.com.ar\/primario\/wp-json\/wp\/v2\/posts\/1507\/revisions"}],"predecessor-version":[{"id":1511,"href":"https:\/\/colegiotecnova.com.ar\/primario\/wp-json\/wp\/v2\/posts\/1507\/revisions\/1511"}],"wp:featuredmedia":[{"embeddable":true,"href":"https:\/\/colegiotecnova.com.ar\/primario\/wp-json\/wp\/v2\/media\/1509"}],"wp:attachment":[{"href":"https:\/\/colegiotecnova.com.ar\/primario\/wp-json\/wp\/v2\/media?parent=1507"}],"wp:term":[{"taxonomy":"category","embeddable":true,"href":"https:\/\/colegiotecnova.com.ar\/primario\/wp-json\/wp\/v2\/categories?post=1507"},{"taxonomy":"post_tag","embeddable":true,"href":"https:\/\/colegiotecnova.com.ar\/primario\/wp-json\/wp\/v2\/tags?post=1507"}],"curies":[{"name":"wp","href":"https:\/\/api.w.org\/{rel}","templated":true}]}}