{"id":1494,"date":"2024-07-11T15:18:04","date_gmt":"2024-07-11T15:18:04","guid":{"rendered":"https:\/\/colegiotecnova.com.ar\/primario\/?p=1494"},"modified":"2024-07-11T17:15:00","modified_gmt":"2024-07-11T17:15:00","slug":"vacaciones-de-invierno-en-el-portela","status":"publish","type":"post","link":"https:\/\/colegiotecnova.com.ar\/primario\/vacaciones-de-invierno-en-el-portela\/","title":{"rendered":"Colonia de Invierno en el Portela"},"content":{"rendered":"\n<h3>\u00a1Novedades en Tecnova!<\/h3>\n<h3>Asociaci\u00f3n con el Club Portela<\/h3>\n<p>Estamos emocionados de anunciar una nueva y valiosa asociaci\u00f3n entre nuestro colegio y el Club Portela. Esta colaboraci\u00f3n trae beneficios incre\u00edbles para nuestros estudiantes, quienes ahora pueden disfrutar de la <span data-text-color=\"primary\"><strong>tarifa de socios<\/strong><\/span> para la colonia de invierno del club, destinada a ni\u00f1os hasta los 11 a\u00f1os.<\/p>\n<p><strong>\u00bfQu\u00e9 ofrece la colonia de invierno del Club Portela?<\/strong><\/p>\n<ol>\n<li><strong>Jornada Simple o Completa<\/strong><\/li>\n<li><strong>Actividades recreativas:<\/strong> Juegos y din\u00e1micas dise\u00f1adas para el entretenimiento y la diversi\u00f3n.<\/li>\n<li><strong>Iniciaci\u00f3n deportiva:<\/strong> Introducci\u00f3n a diversos deportes para fomentar un estilo de vida activo y saludable.<\/li>\n<li><strong>Pileta climatizada:<\/strong> \u00a1Diversi\u00f3n acu\u00e1tica asegurada, sin importar el clima!<\/li>\n<li><strong>Talleres de arte:<\/strong> Espacios creativos donde los estudiantes pueden explorar y desarrollar su talento art\u00edstico.<\/li>\n<\/ol>\n<p><strong>Fechas de la colonia:<\/strong><\/p>\n<p>La colonia se llevar\u00e1 a cabo del 15 al 26 de julio, ofreciendo dos semanas llenas de actividades!<\/p>\n<p><strong>\u00bfQui\u00e9nes pueden beneficiarse?<\/strong><\/p>\n<p>Todos los estudiantes de Tecnova, hasta los 11 a\u00f1os, podr\u00e1n acceder a estas actividades a un precio especial.<\/p>\n<p><strong>\u00bfC\u00f3mo inscribirse?<\/strong><\/p>\n<p>Para inscribirse, los interesados deber\u00e1n solicitar su Certificado de Alumno Regular al mail info@colegiotecnova.com.ar y presentarlo en la secretaria del\u00a0 Club para acceder al descuento.<\/p>\n<hr \/>\n<p>Esta asociaci\u00f3n no solo busca ofrecer actividades recreativas y deportivas, sino tambi\u00e9n promover el desarrollo integral de nuestros estudiantes. Estamos convencidos de que esta colaboraci\u00f3n traer\u00e1 muchos momentos de alegr\u00eda y crecimiento personal.<\/p>\n<p>\u00a1Nos vemos en el club!<\/p>\n<p><em>*Bonificaci\u00f3n valida para los inscriptos a partir del 11\/07\/2024<\/em><\/p>\n<div class=\"is-divider divider clearfix\" ><\/div>\n\n<a rel=\"noopener noreferrer\" href=\"https:\/\/colegiotecnova.com.ar\/primario\/wp-content\/uploads\/2024\/07\/clun-portela.jpg\" target=\"_blank\" class=\"button primary\"  >\n    <span>Tarifas<\/span>\n  <\/a>\n\n\n\n","protected":false},"excerpt":{"rendered":"","protected":false},"author":2,"featured_media":1496,"comment_status":"closed","ping_status":"closed","sticky":false,"template":"","format":"standard","meta":{"_joinchat":[],"footnotes":""},"categories":[9],"tags":[],"class_list":["post-1494","post","type-post","status-publish","format-standard","has-post-thumbnail","hentry","category-actividades-vacaciones-de-invierno"],"yoast_head":"<!-- This site is optimized with the Yoast SEO plugin v23.1 - https:\/\/yoast.com\/wordpress\/plugins\/seo\/ -->\n<title>Colonia de Invierno en el Portela - Colegio Tecnova<\/title>\n<meta name=\"robots\" content=\"index, follow, max-snippet:-1, max-image-preview:large, max-video-preview:-1\" \/>\n<link rel=\"canonical\" href=\"https:\/\/colegiotecnova.com.ar\/primario\/vacaciones-de-invierno-en-el-portela\/\" \/>\n<meta property=\"og:locale\" content=\"es_ES\" \/>\n<meta property=\"og:type\" content=\"article\" \/>\n<meta property=\"og:title\" content=\"Colonia de Invierno en el Portela - Colegio Tecnova\" \/>\n<meta property=\"og:url\" content=\"https:\/\/colegiotecnova.com.ar\/primario\/vacaciones-de-invierno-en-el-portela\/\" \/>\n<meta property=\"og:site_name\" content=\"Colegio Tecnova\" \/>\n<meta property=\"article:publisher\" content=\"https:\/\/www.facebook.com\/colegiotecnova\/\" \/>\n<meta property=\"article:published_time\" content=\"2024-07-11T15:18:04+00:00\" \/>\n<meta property=\"article:modified_time\" content=\"2024-07-11T17:15:00+00:00\" \/>\n<meta property=\"og:image\" content=\"https:\/\/colegiotecnova.com.ar\/primario\/wp-content\/uploads\/2024\/07\/medium-shot-smiley-kids-posing-together-scaled.jpg\" \/>\n\t<meta property=\"og:image:width\" content=\"2560\" \/>\n\t<meta property=\"og:image:height\" content=\"1707\" \/>\n\t<meta property=\"og:image:type\" content=\"image\/jpeg\" \/>\n<meta name=\"author\" content=\"Celeste\" \/>\n<meta name=\"twitter:card\" content=\"summary_large_image\" \/>\n<meta name=\"twitter:label1\" content=\"Escrito por\" \/>\n\t<meta name=\"twitter:data1\" content=\"Celeste\" \/>\n\t<meta name=\"twitter:label2\" content=\"Tiempo de lectura\" \/>\n\t<meta name=\"twitter:data2\" content=\"2 minutos\" \/>\n<script type=\"application\/ld+json\" class=\"yoast-schema-graph\">{\"@context\":\"https:\/\/schema.org\",\"@graph\":[{\"@type\":\"Article\",\"@id\":\"https:\/\/colegiotecnova.com.ar\/primario\/vacaciones-de-invierno-en-el-portela\/#article\",\"isPartOf\":{\"@id\":\"https:\/\/colegiotecnova.com.ar\/primario\/vacaciones-de-invierno-en-el-portela\/\"},\"author\":{\"name\":\"Celeste\",\"@id\":\"https:\/\/colegiotecnova.com.ar\/primario\/#\/schema\/person\/95ed528759bb5083e3d0d013a609adb3\"},\"headline\":\"Colonia de Invierno en el Portela\",\"datePublished\":\"2024-07-11T15:18:04+00:00\",\"dateModified\":\"2024-07-11T17:15:00+00:00\",\"mainEntityOfPage\":{\"@id\":\"https:\/\/colegiotecnova.com.ar\/primario\/vacaciones-de-invierno-en-el-portela\/\"},\"wordCount\":280,\"publisher\":{\"@id\":\"https:\/\/colegiotecnova.com.ar\/primario\/#organization\"},\"image\":{\"@id\":\"https:\/\/colegiotecnova.com.ar\/primario\/vacaciones-de-invierno-en-el-portela\/#primaryimage\"},\"thumbnailUrl\":\"https:\/\/colegiotecnova.com.ar\/primario\/wp-content\/uploads\/2024\/07\/medium-shot-smiley-kids-posing-together-scaled.jpg\",\"articleSection\":[\"Actividades Vacaciones de Invierno\"],\"inLanguage\":\"es\"},{\"@type\":\"WebPage\",\"@id\":\"https:\/\/colegiotecnova.com.ar\/primario\/vacaciones-de-invierno-en-el-portela\/\",\"url\":\"https:\/\/colegiotecnova.com.ar\/primario\/vacaciones-de-invierno-en-el-portela\/\",\"name\":\"Colonia de Invierno en el Portela - Colegio Tecnova\",\"isPartOf\":{\"@id\":\"https:\/\/colegiotecnova.com.ar\/primario\/#website\"},\"primaryImageOfPage\":{\"@id\":\"https:\/\/colegiotecnova.com.ar\/primario\/vacaciones-de-invierno-en-el-portela\/#primaryimage\"},\"image\":{\"@id\":\"https:\/\/colegiotecnova.com.ar\/primario\/vacaciones-de-invierno-en-el-portela\/#primaryimage\"},\"thumbnailUrl\":\"https:\/\/colegiotecnova.com.ar\/primario\/wp-content\/uploads\/2024\/07\/medium-shot-smiley-kids-posing-together-scaled.jpg\",\"datePublished\":\"2024-07-11T15:18:04+00:00\",\"dateModified\":\"2024-07-11T17:15:00+00:00\",\"breadcrumb\":{\"@id\":\"https:\/\/colegiotecnova.com.ar\/primario\/vacaciones-de-invierno-en-el-portela\/#breadcrumb\"},\"inLanguage\":\"es\",\"potentialAction\":[{\"@type\":\"ReadAction\",\"target\":[\"https:\/\/colegiotecnova.com.ar\/primario\/vacaciones-de-invierno-en-el-portela\/\"]}]},{\"@type\":\"ImageObject\",\"inLanguage\":\"es\",\"@id\":\"https:\/\/colegiotecnova.com.ar\/primario\/vacaciones-de-invierno-en-el-portela\/#primaryimage\",\"url\":\"https:\/\/colegiotecnova.com.ar\/primario\/wp-content\/uploads\/2024\/07\/medium-shot-smiley-kids-posing-together-scaled.jpg\",\"contentUrl\":\"https:\/\/colegiotecnova.com.ar\/primario\/wp-content\/uploads\/2024\/07\/medium-shot-smiley-kids-posing-together-scaled.jpg\",\"width\":2560,\"height\":1707},{\"@type\":\"BreadcrumbList\",\"@id\":\"https:\/\/colegiotecnova.com.ar\/primario\/vacaciones-de-invierno-en-el-portela\/#breadcrumb\",\"itemListElement\":[{\"@type\":\"ListItem\",\"position\":1,\"name\":\"Portada\",\"item\":\"https:\/\/colegiotecnova.com.ar\/primario\/\"},{\"@type\":\"ListItem\",\"position\":2,\"name\":\"Colonia de Invierno en el Portela\"}]},{\"@type\":\"WebSite\",\"@id\":\"https:\/\/colegiotecnova.com.ar\/primario\/#website\",\"url\":\"https:\/\/colegiotecnova.com.ar\/primario\/\",\"name\":\"Colegio Tecnova\",\"description\":\"Ciclo Primario\",\"publisher\":{\"@id\":\"https:\/\/colegiotecnova.com.ar\/primario\/#organization\"},\"potentialAction\":[{\"@type\":\"SearchAction\",\"target\":{\"@type\":\"EntryPoint\",\"urlTemplate\":\"https:\/\/colegiotecnova.com.ar\/primario\/?s={search_term_string}\"},\"query-input\":\"required name=search_term_string\"}],\"inLanguage\":\"es\"},{\"@type\":\"Organization\",\"@id\":\"https:\/\/colegiotecnova.com.ar\/primario\/#organization\",\"name\":\"Colegio Tecnova\",\"url\":\"https:\/\/colegiotecnova.com.ar\/primario\/\",\"logo\":{\"@type\":\"ImageObject\",\"inLanguage\":\"es\",\"@id\":\"https:\/\/colegiotecnova.com.ar\/primario\/#\/schema\/logo\/image\/\",\"url\":\"https:\/\/colegiotecnova.com.ar\/primario\/wp-content\/uploads\/2019\/09\/tecnova-logo.svg\",\"contentUrl\":\"https:\/\/colegiotecnova.com.ar\/primario\/wp-content\/uploads\/2019\/09\/tecnova-logo.svg\",\"width\":1,\"height\":1,\"caption\":\"Colegio Tecnova\"},\"image\":{\"@id\":\"https:\/\/colegiotecnova.com.ar\/primario\/#\/schema\/logo\/image\/\"},\"sameAs\":[\"https:\/\/www.facebook.com\/colegiotecnova\/\",\"https:\/\/www.instagram.com\/colegiotecnova\/\"]},{\"@type\":\"Person\",\"@id\":\"https:\/\/colegiotecnova.com.ar\/primario\/#\/schema\/person\/95ed528759bb5083e3d0d013a609adb3\",\"name\":\"Celeste\",\"image\":{\"@type\":\"ImageObject\",\"inLanguage\":\"es\",\"@id\":\"https:\/\/colegiotecnova.com.ar\/primario\/#\/schema\/person\/image\/\",\"url\":\"https:\/\/secure.gravatar.com\/avatar\/6b49c586fabdd943be0f355d09dab9f9f2820e455ea1c7573f3f74b5501c14f0?s=96&d=mm&r=g\",\"contentUrl\":\"https:\/\/secure.gravatar.com\/avatar\/6b49c586fabdd943be0f355d09dab9f9f2820e455ea1c7573f3f74b5501c14f0?s=96&d=mm&r=g\",\"caption\":\"Celeste\"},\"url\":\"https:\/\/colegiotecnova.com.ar\/primario\/author\/celesteneves2002hotmail-com\/\"}]}<\/script>\n<!-- \/ Yoast SEO plugin. -->","yoast_head_json":{"title":"Colonia de Invierno en el Portela - Colegio Tecnova","robots":{"index":"index","follow":"follow","max-snippet":"max-snippet:-1","max-image-preview":"max-image-preview:large","max-video-preview":"max-video-preview:-1"},"canonical":"https:\/\/colegiotecnova.com.ar\/primario\/vacaciones-de-invierno-en-el-portela\/","og_locale":"es_ES","og_type":"article","og_title":"Colonia de Invierno en el Portela - Colegio Tecnova","og_url":"https:\/\/colegiotecnova.com.ar\/primario\/vacaciones-de-invierno-en-el-portela\/","og_site_name":"Colegio Tecnova","article_publisher":"https:\/\/www.facebook.com\/colegiotecnova\/","article_published_time":"2024-07-11T15:18:04+00:00","article_modified_time":"2024-07-11T17:15:00+00:00","og_image":[{"width":2560,"height":1707,"url":"https:\/\/colegiotecnova.com.ar\/primario\/wp-content\/uploads\/2024\/07\/medium-shot-smiley-kids-posing-together-scaled.jpg","type":"image\/jpeg"}],"author":"Celeste","twitter_card":"summary_large_image","twitter_misc":{"Escrito por":"Celeste","Tiempo de lectura":"2 minutos"},"schema":{"@context":"https:\/\/schema.org","@graph":[{"@type":"Article","@id":"https:\/\/colegiotecnova.com.ar\/primario\/vacaciones-de-invierno-en-el-portela\/#article","isPartOf":{"@id":"https:\/\/colegiotecnova.com.ar\/primario\/vacaciones-de-invierno-en-el-portela\/"},"author":{"name":"Celeste","@id":"https:\/\/colegiotecnova.com.ar\/primario\/#\/schema\/person\/95ed528759bb5083e3d0d013a609adb3"},"headline":"Colonia de Invierno en el Portela","datePublished":"2024-07-11T15:18:04+00:00","dateModified":"2024-07-11T17:15:00+00:00","mainEntityOfPage":{"@id":"https:\/\/colegiotecnova.com.ar\/primario\/vacaciones-de-invierno-en-el-portela\/"},"wordCount":280,"publisher":{"@id":"https:\/\/colegiotecnova.com.ar\/primario\/#organization"},"image":{"@id":"https:\/\/colegiotecnova.com.ar\/primario\/vacaciones-de-invierno-en-el-portela\/#primaryimage"},"thumbnailUrl":"https:\/\/colegiotecnova.com.ar\/primario\/wp-content\/uploads\/2024\/07\/medium-shot-smiley-kids-posing-together-scaled.jpg","articleSection":["Actividades Vacaciones de Invierno"],"inLanguage":"es"},{"@type":"WebPage","@id":"https:\/\/colegiotecnova.com.ar\/primario\/vacaciones-de-invierno-en-el-portela\/","url":"https:\/\/colegiotecnova.com.ar\/primario\/vacaciones-de-invierno-en-el-portela\/","name":"Colonia de Invierno en el Portela - Colegio Tecnova","isPartOf":{"@id":"https:\/\/colegiotecnova.com.ar\/primario\/#website"},"primaryImageOfPage":{"@id":"https:\/\/colegiotecnova.com.ar\/primario\/vacaciones-de-invierno-en-el-portela\/#primaryimage"},"image":{"@id":"https:\/\/colegiotecnova.com.ar\/primario\/vacaciones-de-invierno-en-el-portela\/#primaryimage"},"thumbnailUrl":"https:\/\/colegiotecnova.com.ar\/primario\/wp-content\/uploads\/2024\/07\/medium-shot-smiley-kids-posing-together-scaled.jpg","datePublished":"2024-07-11T15:18:04+00:00","dateModified":"2024-07-11T17:15:00+00:00","breadcrumb":{"@id":"https:\/\/colegiotecnova.com.ar\/primario\/vacaciones-de-invierno-en-el-portela\/#breadcrumb"},"inLanguage":"es","potentialAction":[{"@type":"ReadAction","target":["https:\/\/colegiotecnova.com.ar\/primario\/vacaciones-de-invierno-en-el-portela\/"]}]},{"@type":"ImageObject","inLanguage":"es","@id":"https:\/\/colegiotecnova.com.ar\/primario\/vacaciones-de-invierno-en-el-portela\/#primaryimage","url":"https:\/\/colegiotecnova.com.ar\/primario\/wp-content\/uploads\/2024\/07\/medium-shot-smiley-kids-posing-together-scaled.jpg","contentUrl":"https:\/\/colegiotecnova.com.ar\/primario\/wp-content\/uploads\/2024\/07\/medium-shot-smiley-kids-posing-together-scaled.jpg","width":2560,"height":1707},{"@type":"BreadcrumbList","@id":"https:\/\/colegiotecnova.com.ar\/primario\/vacaciones-de-invierno-en-el-portela\/#breadcrumb","itemListElement":[{"@type":"ListItem","position":1,"name":"Portada","item":"https:\/\/colegiotecnova.com.ar\/primario\/"},{"@type":"ListItem","position":2,"name":"Colonia de Invierno en el Portela"}]},{"@type":"WebSite","@id":"https:\/\/colegiotecnova.com.ar\/primario\/#website","url":"https:\/\/colegiotecnova.com.ar\/primario\/","name":"Colegio Tecnova","description":"Ciclo Primario","publisher":{"@id":"https:\/\/colegiotecnova.com.ar\/primario\/#organization"},"potentialAction":[{"@type":"SearchAction","target":{"@type":"EntryPoint","urlTemplate":"https:\/\/colegiotecnova.com.ar\/primario\/?s={search_term_string}"},"query-input":"required name=search_term_string"}],"inLanguage":"es"},{"@type":"Organization","@id":"https:\/\/colegiotecnova.com.ar\/primario\/#organization","name":"Colegio Tecnova","url":"https:\/\/colegiotecnova.com.ar\/primario\/","logo":{"@type":"ImageObject","inLanguage":"es","@id":"https:\/\/colegiotecnova.com.ar\/primario\/#\/schema\/logo\/image\/","url":"https:\/\/colegiotecnova.com.ar\/primario\/wp-content\/uploads\/2019\/09\/tecnova-logo.svg","contentUrl":"https:\/\/colegiotecnova.com.ar\/primario\/wp-content\/uploads\/2019\/09\/tecnova-logo.svg","width":1,"height":1,"caption":"Colegio Tecnova"},"image":{"@id":"https:\/\/colegiotecnova.com.ar\/primario\/#\/schema\/logo\/image\/"},"sameAs":["https:\/\/www.facebook.com\/colegiotecnova\/","https:\/\/www.instagram.com\/colegiotecnova\/"]},{"@type":"Person","@id":"https:\/\/colegiotecnova.com.ar\/primario\/#\/schema\/person\/95ed528759bb5083e3d0d013a609adb3","name":"Celeste","image":{"@type":"ImageObject","inLanguage":"es","@id":"https:\/\/colegiotecnova.com.ar\/primario\/#\/schema\/person\/image\/","url":"https:\/\/secure.gravatar.com\/avatar\/6b49c586fabdd943be0f355d09dab9f9f2820e455ea1c7573f3f74b5501c14f0?s=96&d=mm&r=g","contentUrl":"https:\/\/secure.gravatar.com\/avatar\/6b49c586fabdd943be0f355d09dab9f9f2820e455ea1c7573f3f74b5501c14f0?s=96&d=mm&r=g","caption":"Celeste"},"url":"https:\/\/colegiotecnova.com.ar\/primario\/author\/celesteneves2002hotmail-com\/"}]}},"_links":{"self":[{"href":"https:\/\/colegiotecnova.com.ar\/primario\/wp-json\/wp\/v2\/posts\/1494","targetHints":{"allow":["GET"]}}],"collection":[{"href":"https:\/\/colegiotecnova.com.ar\/primario\/wp-json\/wp\/v2\/posts"}],"about":[{"href":"https:\/\/colegiotecnova.com.ar\/primario\/wp-json\/wp\/v2\/types\/post"}],"author":[{"embeddable":true,"href":"https:\/\/colegiotecnova.com.ar\/primario\/wp-json\/wp\/v2\/users\/2"}],"replies":[{"embeddable":true,"href":"https:\/\/colegiotecnova.com.ar\/primario\/wp-json\/wp\/v2\/comments?post=1494"}],"version-history":[{"count":6,"href":"https:\/\/colegiotecnova.com.ar\/primario\/wp-json\/wp\/v2\/posts\/1494\/revisions"}],"predecessor-version":[{"id":1517,"href":"https:\/\/colegiotecnova.com.ar\/primario\/wp-json\/wp\/v2\/posts\/1494\/revisions\/1517"}],"wp:featuredmedia":[{"embeddable":true,"href":"https:\/\/colegiotecnova.com.ar\/primario\/wp-json\/wp\/v2\/media\/1496"}],"wp:attachment":[{"href":"https:\/\/colegiotecnova.com.ar\/primario\/wp-json\/wp\/v2\/media?parent=1494"}],"wp:term":[{"taxonomy":"category","embeddable":true,"href":"https:\/\/colegiotecnova.com.ar\/primario\/wp-json\/wp\/v2\/categories?post=1494"},{"taxonomy":"post_tag","embeddable":true,"href":"https:\/\/colegiotecnova.com.ar\/primario\/wp-json\/wp\/v2\/tags?post=1494"}],"curies":[{"name":"wp","href":"https:\/\/api.w.org\/{rel}","templated":true}]}}