{"id":1412,"date":"2024-04-18T13:29:34","date_gmt":"2024-04-18T13:29:34","guid":{"rendered":"https:\/\/colegiotecnova.com.ar\/?p=1412"},"modified":"2024-04-18T13:32:37","modified_gmt":"2024-04-18T13:32:37","slug":"1412-2","status":"publish","type":"post","link":"https:\/\/colegiotecnova.com.ar\/primario\/1412-2\/","title":{"rendered":"Proyecto Institucional 2024"},"content":{"rendered":"\n<h2 style=\"text-align: center;\"><span data-text-color=\"primary\">\u00a0\u00abArgentina en Foco\u00bb<\/span><\/h2>\n<p>Como instituci\u00f3n educativa, nos motiva pensar c\u00f3mo abordar la ense\u00f1anza a\u00f1o a a\u00f1o; es por eso que pensamos en muchas cuestiones que caracterizan a nuestra amada Argentina, como: el\u00a0celeste y blanco, el dulce de leche, el f\u00fatbol, el tango y el folklore. El Valle de la Luna, el volc\u00e1n Lan\u00edn, el cerro de Los Siete Colores, el Impenetrable, las Cataratas del Iguaz\u00fa.<br \/>En este proyecto, haremos foco en las regiones de nuestro pa\u00eds para poder analizar su clima, los biomas, sus paisajes, su historia, las personalidades famosas de esa regi\u00f3n, su cultura, etc; reflexionando en pos de los desaf\u00edos que la coyuntura propone. Asimismo, se propone\u00a0 vincularlo de manera dial\u00f3gica entre los distintos conocimientos, culturas, generaciones y demandas sociales, en el marco de la Educaci\u00f3n Ambiental Integral (Ley 27.621), que permita comprender y conocer para valorar nuestra regi\u00f3n .\u00a0\u00a0<br \/>Conocer nuestro territorio nos da la posibilidad de entender otras realidades.<br \/>Reflexionar sobre las cuestiones anteriormente mencionadas, permitir\u00e1 que las y los estudiantes puedan posicionarse de manera activa y reflexiva como sujetos que puedan decidir e incidir en las comunidades donde son parte, considerando su dimensi\u00f3n individual y colectiva; fomentando diversas formas de participaci\u00f3n que les permitan construir consensos y disensos; y en donde puedan expresar y valorar su afectividad, sus emociones, miedos, sue\u00f1os y esperanzas. Adem\u00e1s, este proyecto se propone el reconocimiento de la interculturalidad, es decir, la diversidad social y cultural que promueva pr\u00e1cticas inclusivas, en concordancia con los principales ejes de la Ley de Educaci\u00f3n Sexual Integral (Ley N\u00b0 26.150) que consideran su enfoque transversal en relaci\u00f3n a la participaci\u00f3n ciudadana, el respeto a la diversidad y el ejercicio pleno de los derechos.\u00a0<\/p>\n\n","protected":false},"excerpt":{"rendered":"","protected":false},"author":2,"featured_media":1414,"comment_status":"closed","ping_status":"closed","sticky":false,"template":"","format":"standard","meta":{"_joinchat":[],"footnotes":""},"categories":[8],"tags":[],"class_list":["post-1412","post","type-post","status-publish","format-standard","has-post-thumbnail","hentry","category-proyectos-en-el-aula"],"yoast_head":"<!-- This site is optimized with the Yoast SEO plugin v23.1 - https:\/\/yoast.com\/wordpress\/plugins\/seo\/ -->\n<title>Proyecto Institucional 2024 - Colegio Tecnova<\/title>\n<meta name=\"robots\" content=\"index, follow, max-snippet:-1, max-image-preview:large, max-video-preview:-1\" \/>\n<link rel=\"canonical\" href=\"https:\/\/colegiotecnova.com.ar\/primario\/1412-2\/\" \/>\n<meta property=\"og:locale\" content=\"es_ES\" \/>\n<meta property=\"og:type\" content=\"article\" \/>\n<meta property=\"og:title\" content=\"Proyecto Institucional 2024 - Colegio Tecnova\" \/>\n<meta property=\"og:url\" content=\"https:\/\/colegiotecnova.com.ar\/primario\/1412-2\/\" \/>\n<meta property=\"og:site_name\" content=\"Colegio Tecnova\" \/>\n<meta property=\"article:publisher\" content=\"https:\/\/www.facebook.com\/colegiotecnova\/\" \/>\n<meta property=\"article:published_time\" content=\"2024-04-18T13:29:34+00:00\" \/>\n<meta property=\"article:modified_time\" content=\"2024-04-18T13:32:37+00:00\" \/>\n<meta property=\"og:image\" content=\"https:\/\/colegiotecnova.com.ar\/primario\/wp-content\/uploads\/2024\/04\/WhatsApp-Image-2024-04-11-at-11.19.43-AM.jpeg\" \/>\n\t<meta property=\"og:image:width\" content=\"483\" \/>\n\t<meta property=\"og:image:height\" content=\"484\" \/>\n\t<meta property=\"og:image:type\" content=\"image\/jpeg\" \/>\n<meta name=\"author\" content=\"Celeste\" \/>\n<meta name=\"twitter:card\" content=\"summary_large_image\" \/>\n<meta name=\"twitter:label1\" content=\"Escrito por\" \/>\n\t<meta name=\"twitter:data1\" content=\"Celeste\" \/>\n\t<meta name=\"twitter:label2\" content=\"Tiempo de lectura\" \/>\n\t<meta name=\"twitter:data2\" content=\"2 minutos\" \/>\n<script type=\"application\/ld+json\" class=\"yoast-schema-graph\">{\"@context\":\"https:\/\/schema.org\",\"@graph\":[{\"@type\":\"Article\",\"@id\":\"https:\/\/colegiotecnova.com.ar\/primario\/1412-2\/#article\",\"isPartOf\":{\"@id\":\"https:\/\/colegiotecnova.com.ar\/primario\/1412-2\/\"},\"author\":{\"name\":\"Celeste\",\"@id\":\"https:\/\/colegiotecnova.com.ar\/primario\/#\/schema\/person\/95ed528759bb5083e3d0d013a609adb3\"},\"headline\":\"Proyecto Institucional 2024\",\"datePublished\":\"2024-04-18T13:29:34+00:00\",\"dateModified\":\"2024-04-18T13:32:37+00:00\",\"mainEntityOfPage\":{\"@id\":\"https:\/\/colegiotecnova.com.ar\/primario\/1412-2\/\"},\"wordCount\":300,\"publisher\":{\"@id\":\"https:\/\/colegiotecnova.com.ar\/primario\/#organization\"},\"image\":{\"@id\":\"https:\/\/colegiotecnova.com.ar\/primario\/1412-2\/#primaryimage\"},\"thumbnailUrl\":\"https:\/\/colegiotecnova.com.ar\/primario\/wp-content\/uploads\/2024\/04\/WhatsApp-Image-2024-04-11-at-11.19.43-AM.jpeg\",\"articleSection\":[\"Proyectos en el aula\"],\"inLanguage\":\"es\"},{\"@type\":\"WebPage\",\"@id\":\"https:\/\/colegiotecnova.com.ar\/primario\/1412-2\/\",\"url\":\"https:\/\/colegiotecnova.com.ar\/primario\/1412-2\/\",\"name\":\"Proyecto Institucional 2024 - Colegio Tecnova\",\"isPartOf\":{\"@id\":\"https:\/\/colegiotecnova.com.ar\/primario\/#website\"},\"primaryImageOfPage\":{\"@id\":\"https:\/\/colegiotecnova.com.ar\/primario\/1412-2\/#primaryimage\"},\"image\":{\"@id\":\"https:\/\/colegiotecnova.com.ar\/primario\/1412-2\/#primaryimage\"},\"thumbnailUrl\":\"https:\/\/colegiotecnova.com.ar\/primario\/wp-content\/uploads\/2024\/04\/WhatsApp-Image-2024-04-11-at-11.19.43-AM.jpeg\",\"datePublished\":\"2024-04-18T13:29:34+00:00\",\"dateModified\":\"2024-04-18T13:32:37+00:00\",\"breadcrumb\":{\"@id\":\"https:\/\/colegiotecnova.com.ar\/primario\/1412-2\/#breadcrumb\"},\"inLanguage\":\"es\",\"potentialAction\":[{\"@type\":\"ReadAction\",\"target\":[\"https:\/\/colegiotecnova.com.ar\/primario\/1412-2\/\"]}]},{\"@type\":\"ImageObject\",\"inLanguage\":\"es\",\"@id\":\"https:\/\/colegiotecnova.com.ar\/primario\/1412-2\/#primaryimage\",\"url\":\"https:\/\/colegiotecnova.com.ar\/primario\/wp-content\/uploads\/2024\/04\/WhatsApp-Image-2024-04-11-at-11.19.43-AM.jpeg\",\"contentUrl\":\"https:\/\/colegiotecnova.com.ar\/primario\/wp-content\/uploads\/2024\/04\/WhatsApp-Image-2024-04-11-at-11.19.43-AM.jpeg\",\"width\":483,\"height\":484},{\"@type\":\"BreadcrumbList\",\"@id\":\"https:\/\/colegiotecnova.com.ar\/primario\/1412-2\/#breadcrumb\",\"itemListElement\":[{\"@type\":\"ListItem\",\"position\":1,\"name\":\"Portada\",\"item\":\"https:\/\/colegiotecnova.com.ar\/primario\/\"},{\"@type\":\"ListItem\",\"position\":2,\"name\":\"Proyecto Institucional 2024\"}]},{\"@type\":\"WebSite\",\"@id\":\"https:\/\/colegiotecnova.com.ar\/primario\/#website\",\"url\":\"https:\/\/colegiotecnova.com.ar\/primario\/\",\"name\":\"Colegio Tecnova\",\"description\":\"Ciclo Primario\",\"publisher\":{\"@id\":\"https:\/\/colegiotecnova.com.ar\/primario\/#organization\"},\"potentialAction\":[{\"@type\":\"SearchAction\",\"target\":{\"@type\":\"EntryPoint\",\"urlTemplate\":\"https:\/\/colegiotecnova.com.ar\/primario\/?s={search_term_string}\"},\"query-input\":\"required name=search_term_string\"}],\"inLanguage\":\"es\"},{\"@type\":\"Organization\",\"@id\":\"https:\/\/colegiotecnova.com.ar\/primario\/#organization\",\"name\":\"Colegio Tecnova\",\"url\":\"https:\/\/colegiotecnova.com.ar\/primario\/\",\"logo\":{\"@type\":\"ImageObject\",\"inLanguage\":\"es\",\"@id\":\"https:\/\/colegiotecnova.com.ar\/primario\/#\/schema\/logo\/image\/\",\"url\":\"https:\/\/colegiotecnova.com.ar\/primario\/wp-content\/uploads\/2019\/09\/tecnova-logo.svg\",\"contentUrl\":\"https:\/\/colegiotecnova.com.ar\/primario\/wp-content\/uploads\/2019\/09\/tecnova-logo.svg\",\"width\":1,\"height\":1,\"caption\":\"Colegio Tecnova\"},\"image\":{\"@id\":\"https:\/\/colegiotecnova.com.ar\/primario\/#\/schema\/logo\/image\/\"},\"sameAs\":[\"https:\/\/www.facebook.com\/colegiotecnova\/\",\"https:\/\/www.instagram.com\/colegiotecnova\/\"]},{\"@type\":\"Person\",\"@id\":\"https:\/\/colegiotecnova.com.ar\/primario\/#\/schema\/person\/95ed528759bb5083e3d0d013a609adb3\",\"name\":\"Celeste\",\"image\":{\"@type\":\"ImageObject\",\"inLanguage\":\"es\",\"@id\":\"https:\/\/colegiotecnova.com.ar\/primario\/#\/schema\/person\/image\/\",\"url\":\"https:\/\/secure.gravatar.com\/avatar\/6b49c586fabdd943be0f355d09dab9f9f2820e455ea1c7573f3f74b5501c14f0?s=96&d=mm&r=g\",\"contentUrl\":\"https:\/\/secure.gravatar.com\/avatar\/6b49c586fabdd943be0f355d09dab9f9f2820e455ea1c7573f3f74b5501c14f0?s=96&d=mm&r=g\",\"caption\":\"Celeste\"},\"url\":\"https:\/\/colegiotecnova.com.ar\/primario\/author\/celesteneves2002hotmail-com\/\"}]}<\/script>\n<!-- \/ Yoast SEO plugin. -->","yoast_head_json":{"title":"Proyecto Institucional 2024 - Colegio Tecnova","robots":{"index":"index","follow":"follow","max-snippet":"max-snippet:-1","max-image-preview":"max-image-preview:large","max-video-preview":"max-video-preview:-1"},"canonical":"https:\/\/colegiotecnova.com.ar\/primario\/1412-2\/","og_locale":"es_ES","og_type":"article","og_title":"Proyecto Institucional 2024 - Colegio Tecnova","og_url":"https:\/\/colegiotecnova.com.ar\/primario\/1412-2\/","og_site_name":"Colegio Tecnova","article_publisher":"https:\/\/www.facebook.com\/colegiotecnova\/","article_published_time":"2024-04-18T13:29:34+00:00","article_modified_time":"2024-04-18T13:32:37+00:00","og_image":[{"width":483,"height":484,"url":"https:\/\/colegiotecnova.com.ar\/primario\/wp-content\/uploads\/2024\/04\/WhatsApp-Image-2024-04-11-at-11.19.43-AM.jpeg","type":"image\/jpeg"}],"author":"Celeste","twitter_card":"summary_large_image","twitter_misc":{"Escrito por":"Celeste","Tiempo de lectura":"2 minutos"},"schema":{"@context":"https:\/\/schema.org","@graph":[{"@type":"Article","@id":"https:\/\/colegiotecnova.com.ar\/primario\/1412-2\/#article","isPartOf":{"@id":"https:\/\/colegiotecnova.com.ar\/primario\/1412-2\/"},"author":{"name":"Celeste","@id":"https:\/\/colegiotecnova.com.ar\/primario\/#\/schema\/person\/95ed528759bb5083e3d0d013a609adb3"},"headline":"Proyecto Institucional 2024","datePublished":"2024-04-18T13:29:34+00:00","dateModified":"2024-04-18T13:32:37+00:00","mainEntityOfPage":{"@id":"https:\/\/colegiotecnova.com.ar\/primario\/1412-2\/"},"wordCount":300,"publisher":{"@id":"https:\/\/colegiotecnova.com.ar\/primario\/#organization"},"image":{"@id":"https:\/\/colegiotecnova.com.ar\/primario\/1412-2\/#primaryimage"},"thumbnailUrl":"https:\/\/colegiotecnova.com.ar\/primario\/wp-content\/uploads\/2024\/04\/WhatsApp-Image-2024-04-11-at-11.19.43-AM.jpeg","articleSection":["Proyectos en el aula"],"inLanguage":"es"},{"@type":"WebPage","@id":"https:\/\/colegiotecnova.com.ar\/primario\/1412-2\/","url":"https:\/\/colegiotecnova.com.ar\/primario\/1412-2\/","name":"Proyecto Institucional 2024 - Colegio Tecnova","isPartOf":{"@id":"https:\/\/colegiotecnova.com.ar\/primario\/#website"},"primaryImageOfPage":{"@id":"https:\/\/colegiotecnova.com.ar\/primario\/1412-2\/#primaryimage"},"image":{"@id":"https:\/\/colegiotecnova.com.ar\/primario\/1412-2\/#primaryimage"},"thumbnailUrl":"https:\/\/colegiotecnova.com.ar\/primario\/wp-content\/uploads\/2024\/04\/WhatsApp-Image-2024-04-11-at-11.19.43-AM.jpeg","datePublished":"2024-04-18T13:29:34+00:00","dateModified":"2024-04-18T13:32:37+00:00","breadcrumb":{"@id":"https:\/\/colegiotecnova.com.ar\/primario\/1412-2\/#breadcrumb"},"inLanguage":"es","potentialAction":[{"@type":"ReadAction","target":["https:\/\/colegiotecnova.com.ar\/primario\/1412-2\/"]}]},{"@type":"ImageObject","inLanguage":"es","@id":"https:\/\/colegiotecnova.com.ar\/primario\/1412-2\/#primaryimage","url":"https:\/\/colegiotecnova.com.ar\/primario\/wp-content\/uploads\/2024\/04\/WhatsApp-Image-2024-04-11-at-11.19.43-AM.jpeg","contentUrl":"https:\/\/colegiotecnova.com.ar\/primario\/wp-content\/uploads\/2024\/04\/WhatsApp-Image-2024-04-11-at-11.19.43-AM.jpeg","width":483,"height":484},{"@type":"BreadcrumbList","@id":"https:\/\/colegiotecnova.com.ar\/primario\/1412-2\/#breadcrumb","itemListElement":[{"@type":"ListItem","position":1,"name":"Portada","item":"https:\/\/colegiotecnova.com.ar\/primario\/"},{"@type":"ListItem","position":2,"name":"Proyecto Institucional 2024"}]},{"@type":"WebSite","@id":"https:\/\/colegiotecnova.com.ar\/primario\/#website","url":"https:\/\/colegiotecnova.com.ar\/primario\/","name":"Colegio Tecnova","description":"Ciclo Primario","publisher":{"@id":"https:\/\/colegiotecnova.com.ar\/primario\/#organization"},"potentialAction":[{"@type":"SearchAction","target":{"@type":"EntryPoint","urlTemplate":"https:\/\/colegiotecnova.com.ar\/primario\/?s={search_term_string}"},"query-input":"required name=search_term_string"}],"inLanguage":"es"},{"@type":"Organization","@id":"https:\/\/colegiotecnova.com.ar\/primario\/#organization","name":"Colegio Tecnova","url":"https:\/\/colegiotecnova.com.ar\/primario\/","logo":{"@type":"ImageObject","inLanguage":"es","@id":"https:\/\/colegiotecnova.com.ar\/primario\/#\/schema\/logo\/image\/","url":"https:\/\/colegiotecnova.com.ar\/primario\/wp-content\/uploads\/2019\/09\/tecnova-logo.svg","contentUrl":"https:\/\/colegiotecnova.com.ar\/primario\/wp-content\/uploads\/2019\/09\/tecnova-logo.svg","width":1,"height":1,"caption":"Colegio Tecnova"},"image":{"@id":"https:\/\/colegiotecnova.com.ar\/primario\/#\/schema\/logo\/image\/"},"sameAs":["https:\/\/www.facebook.com\/colegiotecnova\/","https:\/\/www.instagram.com\/colegiotecnova\/"]},{"@type":"Person","@id":"https:\/\/colegiotecnova.com.ar\/primario\/#\/schema\/person\/95ed528759bb5083e3d0d013a609adb3","name":"Celeste","image":{"@type":"ImageObject","inLanguage":"es","@id":"https:\/\/colegiotecnova.com.ar\/primario\/#\/schema\/person\/image\/","url":"https:\/\/secure.gravatar.com\/avatar\/6b49c586fabdd943be0f355d09dab9f9f2820e455ea1c7573f3f74b5501c14f0?s=96&d=mm&r=g","contentUrl":"https:\/\/secure.gravatar.com\/avatar\/6b49c586fabdd943be0f355d09dab9f9f2820e455ea1c7573f3f74b5501c14f0?s=96&d=mm&r=g","caption":"Celeste"},"url":"https:\/\/colegiotecnova.com.ar\/primario\/author\/celesteneves2002hotmail-com\/"}]}},"_links":{"self":[{"href":"https:\/\/colegiotecnova.com.ar\/primario\/wp-json\/wp\/v2\/posts\/1412","targetHints":{"allow":["GET"]}}],"collection":[{"href":"https:\/\/colegiotecnova.com.ar\/primario\/wp-json\/wp\/v2\/posts"}],"about":[{"href":"https:\/\/colegiotecnova.com.ar\/primario\/wp-json\/wp\/v2\/types\/post"}],"author":[{"embeddable":true,"href":"https:\/\/colegiotecnova.com.ar\/primario\/wp-json\/wp\/v2\/users\/2"}],"replies":[{"embeddable":true,"href":"https:\/\/colegiotecnova.com.ar\/primario\/wp-json\/wp\/v2\/comments?post=1412"}],"version-history":[{"count":5,"href":"https:\/\/colegiotecnova.com.ar\/primario\/wp-json\/wp\/v2\/posts\/1412\/revisions"}],"predecessor-version":[{"id":1418,"href":"https:\/\/colegiotecnova.com.ar\/primario\/wp-json\/wp\/v2\/posts\/1412\/revisions\/1418"}],"wp:featuredmedia":[{"embeddable":true,"href":"https:\/\/colegiotecnova.com.ar\/primario\/wp-json\/wp\/v2\/media\/1414"}],"wp:attachment":[{"href":"https:\/\/colegiotecnova.com.ar\/primario\/wp-json\/wp\/v2\/media?parent=1412"}],"wp:term":[{"taxonomy":"category","embeddable":true,"href":"https:\/\/colegiotecnova.com.ar\/primario\/wp-json\/wp\/v2\/categories?post=1412"},{"taxonomy":"post_tag","embeddable":true,"href":"https:\/\/colegiotecnova.com.ar\/primario\/wp-json\/wp\/v2\/tags?post=1412"}],"curies":[{"name":"wp","href":"https:\/\/api.w.org\/{rel}","templated":true}]}}