{"id":1157,"date":"2023-07-17T18:21:14","date_gmt":"2023-07-17T18:21:14","guid":{"rendered":"https:\/\/colegiotecnova.com.ar\/?p=1157"},"modified":"2024-04-18T13:23:09","modified_gmt":"2024-04-18T13:23:09","slug":"muestra-cierre-de-proyecto-lobos-feroces","status":"publish","type":"post","link":"https:\/\/colegiotecnova.com.ar\/primario\/muestra-cierre-de-proyecto-lobos-feroces\/","title":{"rendered":"Muestra cierre de proyecto: Lobos \u00bfFeroces?"},"content":{"rendered":"\n<div class=\"slider-wrapper relative\" id=\"slider-835474501\" >\n    <div class=\"slider slider-nav-circle slider-nav-large slider-nav-light slider-style-normal\"\n        data-flickity-options='{\n            \"cellAlign\": \"center\",\n            \"imagesLoaded\": true,\n            \"lazyLoad\": 1,\n            \"freeScroll\": false,\n            \"wrapAround\": true,\n            \"autoPlay\": 6000,\n            \"pauseAutoPlayOnHover\" : true,\n            \"prevNextButtons\": true,\n            \"contain\" : true,\n            \"adaptiveHeight\" : true,\n            \"dragThreshold\" : 10,\n            \"percentPosition\": true,\n            \"pageDots\": true,\n            \"rightToLeft\": false,\n            \"draggable\": true,\n            \"selectedAttraction\": 0.1,\n            \"parallax\" : 0,\n            \"friction\": 0.6        }'\n        >\n        \n\n\t<div class=\"img has-hover x md-x lg-x y md-y lg-y\" id=\"image_320133102\">\n\t\t\t\t\t\t\t\t<div class=\"img-inner dark\" >\n\t\t\t<img loading=\"lazy\" decoding=\"async\" width=\"1600\" height=\"1197\" src=\"https:\/\/colegiotecnova.com.ar\/primario\/wp-content\/uploads\/2023\/07\/WhatsApp-Image-2023-07-14-at-12.17.55-PM-2.jpeg\" class=\"attachment-large size-large\" alt=\"\" srcset=\"https:\/\/colegiotecnova.com.ar\/primario\/wp-content\/uploads\/2023\/07\/WhatsApp-Image-2023-07-14-at-12.17.55-PM-2.jpeg 1600w, https:\/\/colegiotecnova.com.ar\/primario\/wp-content\/uploads\/2023\/07\/WhatsApp-Image-2023-07-14-at-12.17.55-PM-2-768x575.jpeg 768w, https:\/\/colegiotecnova.com.ar\/primario\/wp-content\/uploads\/2023\/07\/WhatsApp-Image-2023-07-14-at-12.17.55-PM-2-1536x1149.jpeg 1536w\" sizes=\"auto, (max-width: 1600px) 100vw, 1600px\" \/>\t\t\t\t\t\t\n\t\t\t\t\t<\/div>\n\t\t\t\t\t\t\t\t\n<style>\n#image_320133102 {\n  width: 100%;\n}\n<\/style>\n\t<\/div>\n\t\n\n\t<div class=\"img has-hover x md-x lg-x y md-y lg-y\" id=\"image_67034653\">\n\t\t\t\t\t\t\t\t<div class=\"img-inner dark\" >\n\t\t\t<img loading=\"lazy\" decoding=\"async\" width=\"1600\" height=\"1197\" src=\"https:\/\/colegiotecnova.com.ar\/primario\/wp-content\/uploads\/2023\/07\/WhatsApp-Image-2023-07-14-at-12.17.56-PM-3.jpeg\" class=\"attachment-large size-large\" alt=\"\" srcset=\"https:\/\/colegiotecnova.com.ar\/primario\/wp-content\/uploads\/2023\/07\/WhatsApp-Image-2023-07-14-at-12.17.56-PM-3.jpeg 1600w, https:\/\/colegiotecnova.com.ar\/primario\/wp-content\/uploads\/2023\/07\/WhatsApp-Image-2023-07-14-at-12.17.56-PM-3-768x575.jpeg 768w, https:\/\/colegiotecnova.com.ar\/primario\/wp-content\/uploads\/2023\/07\/WhatsApp-Image-2023-07-14-at-12.17.56-PM-3-1536x1149.jpeg 1536w\" sizes=\"auto, (max-width: 1600px) 100vw, 1600px\" \/>\t\t\t\t\t\t\n\t\t\t\t\t<\/div>\n\t\t\t\t\t\t\t\t\n<style>\n#image_67034653 {\n  width: 100%;\n}\n<\/style>\n\t<\/div>\n\t\n\n\t<div class=\"img has-hover x md-x lg-x y md-y lg-y\" id=\"image_1683141429\">\n\t\t\t\t\t\t\t\t<div class=\"img-inner dark\" >\n\t\t\t<img loading=\"lazy\" decoding=\"async\" width=\"1197\" height=\"1600\" src=\"https:\/\/colegiotecnova.com.ar\/primario\/wp-content\/uploads\/2023\/07\/WhatsApp-Image-2023-07-14-at-12.18.01-PM.jpeg\" class=\"attachment-large size-large\" alt=\"\" srcset=\"https:\/\/colegiotecnova.com.ar\/primario\/wp-content\/uploads\/2023\/07\/WhatsApp-Image-2023-07-14-at-12.18.01-PM.jpeg 1197w, https:\/\/colegiotecnova.com.ar\/primario\/wp-content\/uploads\/2023\/07\/WhatsApp-Image-2023-07-14-at-12.18.01-PM-768x1027.jpeg 768w, https:\/\/colegiotecnova.com.ar\/primario\/wp-content\/uploads\/2023\/07\/WhatsApp-Image-2023-07-14-at-12.18.01-PM-1149x1536.jpeg 1149w\" sizes=\"auto, (max-width: 1197px) 100vw, 1197px\" \/>\t\t\t\t\t\t\n\t\t\t\t\t<\/div>\n\t\t\t\t\t\t\t\t\n<style>\n#image_1683141429 {\n  width: 100%;\n}\n<\/style>\n\t<\/div>\n\t\n\n\t<div class=\"img has-hover x md-x lg-x y md-y lg-y\" id=\"image_1481446248\">\n\t\t\t\t\t\t\t\t<div class=\"img-inner dark\" >\n\t\t\t<img loading=\"lazy\" decoding=\"async\" width=\"1600\" height=\"1197\" src=\"https:\/\/colegiotecnova.com.ar\/primario\/wp-content\/uploads\/2023\/07\/WhatsApp-Image-2023-07-14-at-12.17.59-PM.jpeg\" class=\"attachment-large size-large\" alt=\"\" srcset=\"https:\/\/colegiotecnova.com.ar\/primario\/wp-content\/uploads\/2023\/07\/WhatsApp-Image-2023-07-14-at-12.17.59-PM.jpeg 1600w, https:\/\/colegiotecnova.com.ar\/primario\/wp-content\/uploads\/2023\/07\/WhatsApp-Image-2023-07-14-at-12.17.59-PM-768x575.jpeg 768w, https:\/\/colegiotecnova.com.ar\/primario\/wp-content\/uploads\/2023\/07\/WhatsApp-Image-2023-07-14-at-12.17.59-PM-1536x1149.jpeg 1536w\" sizes=\"auto, (max-width: 1600px) 100vw, 1600px\" \/>\t\t\t\t\t\t\n\t\t\t\t\t<\/div>\n\t\t\t\t\t\t\t\t\n<style>\n#image_1481446248 {\n  width: 100%;\n}\n<\/style>\n\t<\/div>\n\t\n\n\t<div class=\"img has-hover x md-x lg-x y md-y lg-y\" id=\"image_1547942113\">\n\t\t\t\t\t\t\t\t<div class=\"img-inner dark\" >\n\t\t\t<img loading=\"lazy\" decoding=\"async\" width=\"1197\" height=\"1600\" src=\"https:\/\/colegiotecnova.com.ar\/primario\/wp-content\/uploads\/2023\/07\/WhatsApp-Image-2023-07-14-at-12.17.59-PM-1.jpeg\" class=\"attachment-large size-large\" alt=\"\" srcset=\"https:\/\/colegiotecnova.com.ar\/primario\/wp-content\/uploads\/2023\/07\/WhatsApp-Image-2023-07-14-at-12.17.59-PM-1.jpeg 1197w, https:\/\/colegiotecnova.com.ar\/primario\/wp-content\/uploads\/2023\/07\/WhatsApp-Image-2023-07-14-at-12.17.59-PM-1-768x1027.jpeg 768w, https:\/\/colegiotecnova.com.ar\/primario\/wp-content\/uploads\/2023\/07\/WhatsApp-Image-2023-07-14-at-12.17.59-PM-1-1149x1536.jpeg 1149w\" sizes=\"auto, (max-width: 1197px) 100vw, 1197px\" \/>\t\t\t\t\t\t\n\t\t\t\t\t<\/div>\n\t\t\t\t\t\t\t\t\n<style>\n#image_1547942113 {\n  width: 100%;\n}\n<\/style>\n\t<\/div>\n\t\n\n\t<div class=\"img has-hover x md-x lg-x y md-y lg-y\" id=\"image_1844138212\">\n\t\t\t\t\t\t\t\t<div class=\"img-inner dark\" >\n\t\t\t<img loading=\"lazy\" decoding=\"async\" width=\"1600\" height=\"1197\" src=\"https:\/\/colegiotecnova.com.ar\/primario\/wp-content\/uploads\/2023\/07\/WhatsApp-Image-2023-07-14-at-12.17.57-PM.jpeg\" class=\"attachment-large size-large\" alt=\"\" srcset=\"https:\/\/colegiotecnova.com.ar\/primario\/wp-content\/uploads\/2023\/07\/WhatsApp-Image-2023-07-14-at-12.17.57-PM.jpeg 1600w, https:\/\/colegiotecnova.com.ar\/primario\/wp-content\/uploads\/2023\/07\/WhatsApp-Image-2023-07-14-at-12.17.57-PM-768x575.jpeg 768w, https:\/\/colegiotecnova.com.ar\/primario\/wp-content\/uploads\/2023\/07\/WhatsApp-Image-2023-07-14-at-12.17.57-PM-1536x1149.jpeg 1536w\" sizes=\"auto, (max-width: 1600px) 100vw, 1600px\" \/>\t\t\t\t\t\t\n\t\t\t\t\t<\/div>\n\t\t\t\t\t\t\t\t\n<style>\n#image_1844138212 {\n  width: 100%;\n}\n<\/style>\n\t<\/div>\n\t\n\n\t<div class=\"img has-hover x md-x lg-x y md-y lg-y\" id=\"image_1756153930\">\n\t\t\t\t\t\t\t\t<div class=\"img-inner dark\" >\n\t\t\t<img loading=\"lazy\" decoding=\"async\" width=\"1197\" height=\"1600\" src=\"https:\/\/colegiotecnova.com.ar\/primario\/wp-content\/uploads\/2023\/07\/WhatsApp-Image-2023-07-14-at-12.18.02-PM.jpeg\" class=\"attachment-large size-large\" alt=\"\" srcset=\"https:\/\/colegiotecnova.com.ar\/primario\/wp-content\/uploads\/2023\/07\/WhatsApp-Image-2023-07-14-at-12.18.02-PM.jpeg 1197w, https:\/\/colegiotecnova.com.ar\/primario\/wp-content\/uploads\/2023\/07\/WhatsApp-Image-2023-07-14-at-12.18.02-PM-768x1027.jpeg 768w, https:\/\/colegiotecnova.com.ar\/primario\/wp-content\/uploads\/2023\/07\/WhatsApp-Image-2023-07-14-at-12.18.02-PM-1149x1536.jpeg 1149w\" sizes=\"auto, (max-width: 1197px) 100vw, 1197px\" \/>\t\t\t\t\t\t\n\t\t\t\t\t<\/div>\n\t\t\t\t\t\t\t\t\n<style>\n#image_1756153930 {\n  width: 100%;\n}\n<\/style>\n\t<\/div>\n\t\n\n\t<div class=\"img has-hover x md-x lg-x y md-y lg-y\" id=\"image_2017516092\">\n\t\t\t\t\t\t\t\t<div class=\"img-inner dark\" >\n\t\t\t<img loading=\"lazy\" decoding=\"async\" width=\"1197\" height=\"1600\" src=\"https:\/\/colegiotecnova.com.ar\/primario\/wp-content\/uploads\/2023\/07\/WhatsApp-Image-2023-07-14-at-12.18.01-PM-1.jpeg\" class=\"attachment-large size-large\" alt=\"\" srcset=\"https:\/\/colegiotecnova.com.ar\/primario\/wp-content\/uploads\/2023\/07\/WhatsApp-Image-2023-07-14-at-12.18.01-PM-1.jpeg 1197w, https:\/\/colegiotecnova.com.ar\/primario\/wp-content\/uploads\/2023\/07\/WhatsApp-Image-2023-07-14-at-12.18.01-PM-1-768x1027.jpeg 768w, https:\/\/colegiotecnova.com.ar\/primario\/wp-content\/uploads\/2023\/07\/WhatsApp-Image-2023-07-14-at-12.18.01-PM-1-1149x1536.jpeg 1149w\" sizes=\"auto, (max-width: 1197px) 100vw, 1197px\" \/>\t\t\t\t\t\t\n\t\t\t\t\t<\/div>\n\t\t\t\t\t\t\t\t\n<style>\n#image_2017516092 {\n  width: 100%;\n}\n<\/style>\n\t<\/div>\n\t\n\n\t<div class=\"img has-hover x md-x lg-x y md-y lg-y\" id=\"image_391693228\">\n\t\t\t\t\t\t\t\t<div class=\"img-inner dark\" >\n\t\t\t<img loading=\"lazy\" decoding=\"async\" width=\"1197\" height=\"1600\" src=\"https:\/\/colegiotecnova.com.ar\/primario\/wp-content\/uploads\/2023\/07\/WhatsApp-Image-2023-07-14-at-12.18.02-PM-1.jpeg\" class=\"attachment-large size-large\" alt=\"\" srcset=\"https:\/\/colegiotecnova.com.ar\/primario\/wp-content\/uploads\/2023\/07\/WhatsApp-Image-2023-07-14-at-12.18.02-PM-1.jpeg 1197w, https:\/\/colegiotecnova.com.ar\/primario\/wp-content\/uploads\/2023\/07\/WhatsApp-Image-2023-07-14-at-12.18.02-PM-1-768x1027.jpeg 768w, https:\/\/colegiotecnova.com.ar\/primario\/wp-content\/uploads\/2023\/07\/WhatsApp-Image-2023-07-14-at-12.18.02-PM-1-1149x1536.jpeg 1149w\" sizes=\"auto, (max-width: 1197px) 100vw, 1197px\" \/>\t\t\t\t\t\t\n\t\t\t\t\t<\/div>\n\t\t\t\t\t\t\t\t\n<style>\n#image_391693228 {\n  width: 100%;\n}\n<\/style>\n\t<\/div>\n\t\n\n\n     <\/div>\n\n     <div class=\"loading-spin dark large centered\"><\/div>\n\n\t<\/div>\n\n\n<div class=\"is-divider divider clearfix\" ><\/div>\n\n<h2 class=\"lead thin-font\" style=\"text-align: center;\">PROYECTO \u00abLOBOS\u00bfFEROCES?\u00bb<\/h2>\n<p style=\"text-align: center;\">Docente: Paula M\u00e9ndez\u00a0 \u00a0A\u00f1o: 2\u00ba<\/p>\n<p>\u00a0<\/p>\n<p>El presente proyecto tuvo como finalidad leer diversidad de cuentos siguiendo a un personaje protot\u00edpico, en este caso Lobos. Esto permiti\u00f3 a los alumnos\/as participar de diferentes pr\u00e1cticas de lectura y escritura. Como los recorridos de cada ni\u00f1o\/a en su proceso de aprendizaje son distintos, se puso especial atenci\u00f3n a la alfabetizaci\u00f3n de aquellas\/os que a\u00fan no lo estan y a las pr\u00e1cticas de escritura y de lectura en VOZ ALTA de aquellos que ya se encuentran alfabetizados.<\/p>\n<p>La propuesta fue ofrecer un amplio itinerario de cuentos con lobos, desde cuentos cl\u00e1sicos, reversiones de los mismos y hasta autores contempor\u00e1neos.<\/p>\n<p>El hecho de seguir a un personaje les permiti\u00f3 analizar a los dem\u00e1s personajes, teniendo en cuenta la relaci\u00f3n con el de inter\u00e9s principal (en este caso el lobo).<\/p>\n<p>Por \u00faltimo trabajar sobre el concepto que tenemos de los lobos de los cuentos nos permiti\u00f3 analizar la relaci\u00f3n de los humanos con los lobos, entendiendo entonces que una de las especies m\u00e1s conocidas de lobos esta en peligro de extinci\u00f3n.<\/p>\n<p>Prop\u00f3sitos:<\/p>\n<p>*Proponer sesiones de lectura que permitan conocer LOBOS de cuentos cl\u00e1sicos y contempor\u00e1neos<\/p>\n<p>* Ofrecer situaciones de ense\u00f1anza en las que puedan analizar el personaje elegido y a los otros personajes.<\/p>\n<p>*Propiciar espacios de reflexi\u00f3n e intercambio sobre caracter\u00edsticas y formas de ser de los diferentes lobos.<\/p>\n<p>*Promover situaciones de ense\u00f1anza que les permitan leer y escribir, as\u00ed como encontrar similitudes y diferencias entre las obras elegidas.<\/p>\n<p>*Propiciar espacios de creaci\u00f3n de nuevos cuentos y\/o nuevas partes del cuento ya conocido.<\/p>\n<p>*Fomentar el gusto por la lectura.<\/p>\n<p>*Generar espacios de cuestionamiento, debate y puesta en acci\u00f3n sobre los animales en peligro de extinci\u00f3n.<\/p>\n<p>El proyecto concluy\u00f3 con una muestra abierta a las familias donde los alumnos\/as expusieron sus obras: retratos de lobos y otros personajes, narraciones y cuentos cortos sobre los mismos.<\/p>\n<p>Adem\u00e1s realizaron una animaci\u00f3n digital a los retratos de los lobos que compartimos a continuaci\u00f3n:<\/p>\n<a rel=\"noopener noreferrer\" href=\"https:\/\/docs.google.com\/document\/d\/1z-g94yCuQszN3Q4gnRqEbQxbMGSUA8VIik8Ij2Oybu4\/edit\" target=\"_blank\" class=\"button primary\"  >\n    <span>Lobos Animados<\/span>\n  <\/a>\n\n\n\n","protected":false},"excerpt":{"rendered":"","protected":false},"author":2,"featured_media":1169,"comment_status":"closed","ping_status":"closed","sticky":false,"template":"","format":"standard","meta":{"_joinchat":[],"footnotes":""},"categories":[8],"tags":[],"class_list":["post-1157","post","type-post","status-publish","format-standard","has-post-thumbnail","hentry","category-proyectos-en-el-aula"],"yoast_head":"<!-- This site is optimized with the Yoast SEO plugin v23.1 - https:\/\/yoast.com\/wordpress\/plugins\/seo\/ -->\n<title>Muestra cierre de proyecto: Lobos \u00bfFeroces? - Colegio Tecnova<\/title>\n<meta name=\"robots\" content=\"index, follow, max-snippet:-1, max-image-preview:large, max-video-preview:-1\" \/>\n<link rel=\"canonical\" href=\"https:\/\/colegiotecnova.com.ar\/primario\/muestra-cierre-de-proyecto-lobos-feroces\/\" \/>\n<meta property=\"og:locale\" content=\"es_ES\" \/>\n<meta property=\"og:type\" content=\"article\" \/>\n<meta property=\"og:title\" content=\"Muestra cierre de proyecto: Lobos \u00bfFeroces? - Colegio Tecnova\" \/>\n<meta property=\"og:url\" content=\"https:\/\/colegiotecnova.com.ar\/primario\/muestra-cierre-de-proyecto-lobos-feroces\/\" \/>\n<meta property=\"og:site_name\" content=\"Colegio Tecnova\" \/>\n<meta property=\"article:publisher\" content=\"https:\/\/www.facebook.com\/colegiotecnova\/\" \/>\n<meta property=\"article:published_time\" content=\"2023-07-17T18:21:14+00:00\" \/>\n<meta property=\"article:modified_time\" content=\"2024-04-18T13:23:09+00:00\" \/>\n<meta property=\"og:image\" content=\"https:\/\/colegiotecnova.com.ar\/primario\/wp-content\/uploads\/2023\/07\/WhatsApp-Image-2023-07-14-at-12.17.57-PM.jpeg\" \/>\n\t<meta property=\"og:image:width\" content=\"1600\" \/>\n\t<meta property=\"og:image:height\" content=\"1197\" \/>\n\t<meta property=\"og:image:type\" content=\"image\/jpeg\" \/>\n<meta name=\"author\" content=\"Celeste\" \/>\n<meta name=\"twitter:card\" content=\"summary_large_image\" \/>\n<meta name=\"twitter:label1\" content=\"Escrito por\" \/>\n\t<meta name=\"twitter:data1\" content=\"Celeste\" \/>\n\t<meta name=\"twitter:label2\" content=\"Tiempo de lectura\" \/>\n\t<meta name=\"twitter:data2\" content=\"2 minutos\" \/>\n<script type=\"application\/ld+json\" class=\"yoast-schema-graph\">{\"@context\":\"https:\/\/schema.org\",\"@graph\":[{\"@type\":\"Article\",\"@id\":\"https:\/\/colegiotecnova.com.ar\/primario\/muestra-cierre-de-proyecto-lobos-feroces\/#article\",\"isPartOf\":{\"@id\":\"https:\/\/colegiotecnova.com.ar\/primario\/muestra-cierre-de-proyecto-lobos-feroces\/\"},\"author\":{\"name\":\"Celeste\",\"@id\":\"https:\/\/colegiotecnova.com.ar\/primario\/#\/schema\/person\/95ed528759bb5083e3d0d013a609adb3\"},\"headline\":\"Muestra cierre de proyecto: Lobos \u00bfFeroces?\",\"datePublished\":\"2023-07-17T18:21:14+00:00\",\"dateModified\":\"2024-04-18T13:23:09+00:00\",\"mainEntityOfPage\":{\"@id\":\"https:\/\/colegiotecnova.com.ar\/primario\/muestra-cierre-de-proyecto-lobos-feroces\/\"},\"wordCount\":418,\"publisher\":{\"@id\":\"https:\/\/colegiotecnova.com.ar\/primario\/#organization\"},\"image\":{\"@id\":\"https:\/\/colegiotecnova.com.ar\/primario\/muestra-cierre-de-proyecto-lobos-feroces\/#primaryimage\"},\"thumbnailUrl\":\"https:\/\/colegiotecnova.com.ar\/primario\/wp-content\/uploads\/2023\/07\/WhatsApp-Image-2023-07-14-at-12.17.57-PM.jpeg\",\"articleSection\":[\"Proyectos en el aula\"],\"inLanguage\":\"es\"},{\"@type\":\"WebPage\",\"@id\":\"https:\/\/colegiotecnova.com.ar\/primario\/muestra-cierre-de-proyecto-lobos-feroces\/\",\"url\":\"https:\/\/colegiotecnova.com.ar\/primario\/muestra-cierre-de-proyecto-lobos-feroces\/\",\"name\":\"Muestra cierre de proyecto: Lobos \u00bfFeroces? - Colegio Tecnova\",\"isPartOf\":{\"@id\":\"https:\/\/colegiotecnova.com.ar\/primario\/#website\"},\"primaryImageOfPage\":{\"@id\":\"https:\/\/colegiotecnova.com.ar\/primario\/muestra-cierre-de-proyecto-lobos-feroces\/#primaryimage\"},\"image\":{\"@id\":\"https:\/\/colegiotecnova.com.ar\/primario\/muestra-cierre-de-proyecto-lobos-feroces\/#primaryimage\"},\"thumbnailUrl\":\"https:\/\/colegiotecnova.com.ar\/primario\/wp-content\/uploads\/2023\/07\/WhatsApp-Image-2023-07-14-at-12.17.57-PM.jpeg\",\"datePublished\":\"2023-07-17T18:21:14+00:00\",\"dateModified\":\"2024-04-18T13:23:09+00:00\",\"breadcrumb\":{\"@id\":\"https:\/\/colegiotecnova.com.ar\/primario\/muestra-cierre-de-proyecto-lobos-feroces\/#breadcrumb\"},\"inLanguage\":\"es\",\"potentialAction\":[{\"@type\":\"ReadAction\",\"target\":[\"https:\/\/colegiotecnova.com.ar\/primario\/muestra-cierre-de-proyecto-lobos-feroces\/\"]}]},{\"@type\":\"ImageObject\",\"inLanguage\":\"es\",\"@id\":\"https:\/\/colegiotecnova.com.ar\/primario\/muestra-cierre-de-proyecto-lobos-feroces\/#primaryimage\",\"url\":\"https:\/\/colegiotecnova.com.ar\/primario\/wp-content\/uploads\/2023\/07\/WhatsApp-Image-2023-07-14-at-12.17.57-PM.jpeg\",\"contentUrl\":\"https:\/\/colegiotecnova.com.ar\/primario\/wp-content\/uploads\/2023\/07\/WhatsApp-Image-2023-07-14-at-12.17.57-PM.jpeg\",\"width\":1600,\"height\":1197},{\"@type\":\"BreadcrumbList\",\"@id\":\"https:\/\/colegiotecnova.com.ar\/primario\/muestra-cierre-de-proyecto-lobos-feroces\/#breadcrumb\",\"itemListElement\":[{\"@type\":\"ListItem\",\"position\":1,\"name\":\"Portada\",\"item\":\"https:\/\/colegiotecnova.com.ar\/primario\/\"},{\"@type\":\"ListItem\",\"position\":2,\"name\":\"Muestra cierre de proyecto: Lobos \u00bfFeroces?\"}]},{\"@type\":\"WebSite\",\"@id\":\"https:\/\/colegiotecnova.com.ar\/primario\/#website\",\"url\":\"https:\/\/colegiotecnova.com.ar\/primario\/\",\"name\":\"Colegio Tecnova\",\"description\":\"Ciclo Primario\",\"publisher\":{\"@id\":\"https:\/\/colegiotecnova.com.ar\/primario\/#organization\"},\"potentialAction\":[{\"@type\":\"SearchAction\",\"target\":{\"@type\":\"EntryPoint\",\"urlTemplate\":\"https:\/\/colegiotecnova.com.ar\/primario\/?s={search_term_string}\"},\"query-input\":\"required name=search_term_string\"}],\"inLanguage\":\"es\"},{\"@type\":\"Organization\",\"@id\":\"https:\/\/colegiotecnova.com.ar\/primario\/#organization\",\"name\":\"Colegio Tecnova\",\"url\":\"https:\/\/colegiotecnova.com.ar\/primario\/\",\"logo\":{\"@type\":\"ImageObject\",\"inLanguage\":\"es\",\"@id\":\"https:\/\/colegiotecnova.com.ar\/primario\/#\/schema\/logo\/image\/\",\"url\":\"https:\/\/colegiotecnova.com.ar\/primario\/wp-content\/uploads\/2019\/09\/tecnova-logo.svg\",\"contentUrl\":\"https:\/\/colegiotecnova.com.ar\/primario\/wp-content\/uploads\/2019\/09\/tecnova-logo.svg\",\"width\":1,\"height\":1,\"caption\":\"Colegio Tecnova\"},\"image\":{\"@id\":\"https:\/\/colegiotecnova.com.ar\/primario\/#\/schema\/logo\/image\/\"},\"sameAs\":[\"https:\/\/www.facebook.com\/colegiotecnova\/\",\"https:\/\/www.instagram.com\/colegiotecnova\/\"]},{\"@type\":\"Person\",\"@id\":\"https:\/\/colegiotecnova.com.ar\/primario\/#\/schema\/person\/95ed528759bb5083e3d0d013a609adb3\",\"name\":\"Celeste\",\"image\":{\"@type\":\"ImageObject\",\"inLanguage\":\"es\",\"@id\":\"https:\/\/colegiotecnova.com.ar\/primario\/#\/schema\/person\/image\/\",\"url\":\"https:\/\/secure.gravatar.com\/avatar\/6b49c586fabdd943be0f355d09dab9f9f2820e455ea1c7573f3f74b5501c14f0?s=96&d=mm&r=g\",\"contentUrl\":\"https:\/\/secure.gravatar.com\/avatar\/6b49c586fabdd943be0f355d09dab9f9f2820e455ea1c7573f3f74b5501c14f0?s=96&d=mm&r=g\",\"caption\":\"Celeste\"},\"url\":\"https:\/\/colegiotecnova.com.ar\/primario\/author\/celesteneves2002hotmail-com\/\"}]}<\/script>\n<!-- \/ Yoast SEO plugin. -->","yoast_head_json":{"title":"Muestra cierre de proyecto: Lobos \u00bfFeroces? - Colegio Tecnova","robots":{"index":"index","follow":"follow","max-snippet":"max-snippet:-1","max-image-preview":"max-image-preview:large","max-video-preview":"max-video-preview:-1"},"canonical":"https:\/\/colegiotecnova.com.ar\/primario\/muestra-cierre-de-proyecto-lobos-feroces\/","og_locale":"es_ES","og_type":"article","og_title":"Muestra cierre de proyecto: Lobos \u00bfFeroces? - Colegio Tecnova","og_url":"https:\/\/colegiotecnova.com.ar\/primario\/muestra-cierre-de-proyecto-lobos-feroces\/","og_site_name":"Colegio Tecnova","article_publisher":"https:\/\/www.facebook.com\/colegiotecnova\/","article_published_time":"2023-07-17T18:21:14+00:00","article_modified_time":"2024-04-18T13:23:09+00:00","og_image":[{"width":1600,"height":1197,"url":"https:\/\/colegiotecnova.com.ar\/primario\/wp-content\/uploads\/2023\/07\/WhatsApp-Image-2023-07-14-at-12.17.57-PM.jpeg","type":"image\/jpeg"}],"author":"Celeste","twitter_card":"summary_large_image","twitter_misc":{"Escrito por":"Celeste","Tiempo de lectura":"2 minutos"},"schema":{"@context":"https:\/\/schema.org","@graph":[{"@type":"Article","@id":"https:\/\/colegiotecnova.com.ar\/primario\/muestra-cierre-de-proyecto-lobos-feroces\/#article","isPartOf":{"@id":"https:\/\/colegiotecnova.com.ar\/primario\/muestra-cierre-de-proyecto-lobos-feroces\/"},"author":{"name":"Celeste","@id":"https:\/\/colegiotecnova.com.ar\/primario\/#\/schema\/person\/95ed528759bb5083e3d0d013a609adb3"},"headline":"Muestra cierre de proyecto: Lobos \u00bfFeroces?","datePublished":"2023-07-17T18:21:14+00:00","dateModified":"2024-04-18T13:23:09+00:00","mainEntityOfPage":{"@id":"https:\/\/colegiotecnova.com.ar\/primario\/muestra-cierre-de-proyecto-lobos-feroces\/"},"wordCount":418,"publisher":{"@id":"https:\/\/colegiotecnova.com.ar\/primario\/#organization"},"image":{"@id":"https:\/\/colegiotecnova.com.ar\/primario\/muestra-cierre-de-proyecto-lobos-feroces\/#primaryimage"},"thumbnailUrl":"https:\/\/colegiotecnova.com.ar\/primario\/wp-content\/uploads\/2023\/07\/WhatsApp-Image-2023-07-14-at-12.17.57-PM.jpeg","articleSection":["Proyectos en el aula"],"inLanguage":"es"},{"@type":"WebPage","@id":"https:\/\/colegiotecnova.com.ar\/primario\/muestra-cierre-de-proyecto-lobos-feroces\/","url":"https:\/\/colegiotecnova.com.ar\/primario\/muestra-cierre-de-proyecto-lobos-feroces\/","name":"Muestra cierre de proyecto: Lobos \u00bfFeroces? - Colegio Tecnova","isPartOf":{"@id":"https:\/\/colegiotecnova.com.ar\/primario\/#website"},"primaryImageOfPage":{"@id":"https:\/\/colegiotecnova.com.ar\/primario\/muestra-cierre-de-proyecto-lobos-feroces\/#primaryimage"},"image":{"@id":"https:\/\/colegiotecnova.com.ar\/primario\/muestra-cierre-de-proyecto-lobos-feroces\/#primaryimage"},"thumbnailUrl":"https:\/\/colegiotecnova.com.ar\/primario\/wp-content\/uploads\/2023\/07\/WhatsApp-Image-2023-07-14-at-12.17.57-PM.jpeg","datePublished":"2023-07-17T18:21:14+00:00","dateModified":"2024-04-18T13:23:09+00:00","breadcrumb":{"@id":"https:\/\/colegiotecnova.com.ar\/primario\/muestra-cierre-de-proyecto-lobos-feroces\/#breadcrumb"},"inLanguage":"es","potentialAction":[{"@type":"ReadAction","target":["https:\/\/colegiotecnova.com.ar\/primario\/muestra-cierre-de-proyecto-lobos-feroces\/"]}]},{"@type":"ImageObject","inLanguage":"es","@id":"https:\/\/colegiotecnova.com.ar\/primario\/muestra-cierre-de-proyecto-lobos-feroces\/#primaryimage","url":"https:\/\/colegiotecnova.com.ar\/primario\/wp-content\/uploads\/2023\/07\/WhatsApp-Image-2023-07-14-at-12.17.57-PM.jpeg","contentUrl":"https:\/\/colegiotecnova.com.ar\/primario\/wp-content\/uploads\/2023\/07\/WhatsApp-Image-2023-07-14-at-12.17.57-PM.jpeg","width":1600,"height":1197},{"@type":"BreadcrumbList","@id":"https:\/\/colegiotecnova.com.ar\/primario\/muestra-cierre-de-proyecto-lobos-feroces\/#breadcrumb","itemListElement":[{"@type":"ListItem","position":1,"name":"Portada","item":"https:\/\/colegiotecnova.com.ar\/primario\/"},{"@type":"ListItem","position":2,"name":"Muestra cierre de proyecto: Lobos \u00bfFeroces?"}]},{"@type":"WebSite","@id":"https:\/\/colegiotecnova.com.ar\/primario\/#website","url":"https:\/\/colegiotecnova.com.ar\/primario\/","name":"Colegio Tecnova","description":"Ciclo Primario","publisher":{"@id":"https:\/\/colegiotecnova.com.ar\/primario\/#organization"},"potentialAction":[{"@type":"SearchAction","target":{"@type":"EntryPoint","urlTemplate":"https:\/\/colegiotecnova.com.ar\/primario\/?s={search_term_string}"},"query-input":"required name=search_term_string"}],"inLanguage":"es"},{"@type":"Organization","@id":"https:\/\/colegiotecnova.com.ar\/primario\/#organization","name":"Colegio Tecnova","url":"https:\/\/colegiotecnova.com.ar\/primario\/","logo":{"@type":"ImageObject","inLanguage":"es","@id":"https:\/\/colegiotecnova.com.ar\/primario\/#\/schema\/logo\/image\/","url":"https:\/\/colegiotecnova.com.ar\/primario\/wp-content\/uploads\/2019\/09\/tecnova-logo.svg","contentUrl":"https:\/\/colegiotecnova.com.ar\/primario\/wp-content\/uploads\/2019\/09\/tecnova-logo.svg","width":1,"height":1,"caption":"Colegio Tecnova"},"image":{"@id":"https:\/\/colegiotecnova.com.ar\/primario\/#\/schema\/logo\/image\/"},"sameAs":["https:\/\/www.facebook.com\/colegiotecnova\/","https:\/\/www.instagram.com\/colegiotecnova\/"]},{"@type":"Person","@id":"https:\/\/colegiotecnova.com.ar\/primario\/#\/schema\/person\/95ed528759bb5083e3d0d013a609adb3","name":"Celeste","image":{"@type":"ImageObject","inLanguage":"es","@id":"https:\/\/colegiotecnova.com.ar\/primario\/#\/schema\/person\/image\/","url":"https:\/\/secure.gravatar.com\/avatar\/6b49c586fabdd943be0f355d09dab9f9f2820e455ea1c7573f3f74b5501c14f0?s=96&d=mm&r=g","contentUrl":"https:\/\/secure.gravatar.com\/avatar\/6b49c586fabdd943be0f355d09dab9f9f2820e455ea1c7573f3f74b5501c14f0?s=96&d=mm&r=g","caption":"Celeste"},"url":"https:\/\/colegiotecnova.com.ar\/primario\/author\/celesteneves2002hotmail-com\/"}]}},"_links":{"self":[{"href":"https:\/\/colegiotecnova.com.ar\/primario\/wp-json\/wp\/v2\/posts\/1157","targetHints":{"allow":["GET"]}}],"collection":[{"href":"https:\/\/colegiotecnova.com.ar\/primario\/wp-json\/wp\/v2\/posts"}],"about":[{"href":"https:\/\/colegiotecnova.com.ar\/primario\/wp-json\/wp\/v2\/types\/post"}],"author":[{"embeddable":true,"href":"https:\/\/colegiotecnova.com.ar\/primario\/wp-json\/wp\/v2\/users\/2"}],"replies":[{"embeddable":true,"href":"https:\/\/colegiotecnova.com.ar\/primario\/wp-json\/wp\/v2\/comments?post=1157"}],"version-history":[{"count":10,"href":"https:\/\/colegiotecnova.com.ar\/primario\/wp-json\/wp\/v2\/posts\/1157\/revisions"}],"predecessor-version":[{"id":1184,"href":"https:\/\/colegiotecnova.com.ar\/primario\/wp-json\/wp\/v2\/posts\/1157\/revisions\/1184"}],"wp:featuredmedia":[{"embeddable":true,"href":"https:\/\/colegiotecnova.com.ar\/primario\/wp-json\/wp\/v2\/media\/1169"}],"wp:attachment":[{"href":"https:\/\/colegiotecnova.com.ar\/primario\/wp-json\/wp\/v2\/media?parent=1157"}],"wp:term":[{"taxonomy":"category","embeddable":true,"href":"https:\/\/colegiotecnova.com.ar\/primario\/wp-json\/wp\/v2\/categories?post=1157"},{"taxonomy":"post_tag","embeddable":true,"href":"https:\/\/colegiotecnova.com.ar\/primario\/wp-json\/wp\/v2\/tags?post=1157"}],"curies":[{"name":"wp","href":"https:\/\/api.w.org\/{rel}","templated":true}]}}