{"id":1120,"date":"2023-06-07T15:19:12","date_gmt":"2023-06-07T15:19:12","guid":{"rendered":"https:\/\/colegiotecnova.com.ar\/?p=1120"},"modified":"2024-11-14T13:31:09","modified_gmt":"2024-11-14T13:31:09","slug":"iniciacion-musical","status":"publish","type":"post","link":"https:\/\/colegiotecnova.com.ar\/primario\/iniciacion-musical\/","title":{"rendered":"Proyecto de Iniciaci\u00f3n Musical"},"content":{"rendered":"\r\n\t<div class=\"img has-hover x md-x lg-x y md-y lg-y\" id=\"image_1288159667\">\n\t\t\t\t\t\t\t\t<div class=\"img-inner dark\" >\n\t\t\t<img loading=\"lazy\" decoding=\"async\" width=\"2560\" height=\"1707\" src=\"https:\/\/colegiotecnova.com.ar\/primario\/wp-content\/uploads\/2023\/06\/ninos-jugando-espacios-tranquilos-acogedores-1-scaled.jpg\" class=\"attachment-large size-large\" alt=\"\" srcset=\"https:\/\/colegiotecnova.com.ar\/primario\/wp-content\/uploads\/2023\/06\/ninos-jugando-espacios-tranquilos-acogedores-1-scaled.jpg 2560w, https:\/\/colegiotecnova.com.ar\/primario\/wp-content\/uploads\/2023\/06\/ninos-jugando-espacios-tranquilos-acogedores-1-768x512.jpg 768w, https:\/\/colegiotecnova.com.ar\/primario\/wp-content\/uploads\/2023\/06\/ninos-jugando-espacios-tranquilos-acogedores-1-1536x1024.jpg 1536w, https:\/\/colegiotecnova.com.ar\/primario\/wp-content\/uploads\/2023\/06\/ninos-jugando-espacios-tranquilos-acogedores-1-2048x1365.jpg 2048w\" sizes=\"auto, (max-width: 2560px) 100vw, 2560px\" \/>\t\t\t\t\t\t\n\t\t\t\t\t<\/div>\n\t\t\t\t\t\t\t\t\n<style>\n#image_1288159667 {\n  width: 100%;\n}\n<\/style>\n\t<\/div>\n\t <div class=\"row\"  id=\"row-342963264\"> \n\t<div id=\"col-85474231\" class=\"col medium-4 small-12 large-4\"  >\n\t\t\t\t<div class=\"col-inner\"  >\n\t\t\t\n\t\t\t \t\t<\/div>\n\t\t\t\t\t<\/div>\n\n\t \n\t<div id=\"col-708444726\" class=\"col medium-4 small-12 large-4\"  >\n\t\t\t\t<div class=\"col-inner\"  >\n\t\t\t\n\t\t\t \t\t<\/div>\n\t\t\t\t\t<\/div>\n\n\t \n\t<div id=\"col-1945917224\" class=\"col medium-4 small-12 large-4\"  >\n\t\t\t\t<div class=\"col-inner\"  >\n\t\t\t\n\t\t\t \t\t<\/div>\n\t\t\t\t\t<\/div>\n\n\t <\/div>\r\n<p>El \u201cTaller de Iniciaci\u00f3n Musical\u201d es un proyecto educativo y musical pensado para fomentar el desarrollo dela sensibilidad en la escucha y en la pr\u00e1ctica instrumental,encontrando en esta \u00e1rea la posibilidad de expresar emociones individuales y colectivas dentro de un contexto fundamentalmente l\u00fadico.<\/p>\r\n<p>Las actividades dentro del Taller responden a 3 \u00e1mbitos:<\/p>\r\n<p>-Desarrollar la Educaci\u00f3n Vocal<\/p>\r\n<p>-Estimular la pr\u00e1ctica instrumental<\/p>\r\n<p>-Alentar una escucha activa, l\u00fadica y participativa.<\/p>\r\n<p>FUNDAMENTO.<\/p>\r\n<p>La m\u00fasica y los sonidos son inherentes a nuestra condici\u00f3n de humanos. Se encuentran presentes en toda nuestra vida ofreciendo una fuente riqu\u00edsima de expresi\u00f3n y de comunicaci\u00f3n, conexi\u00f3n afectiva y de identificaci\u00f3n con nuestro entorno social-hist\u00f3rico-cultural. El desarrollo de la actividad musical durante los primeros a\u00f1os de nuestra vida facilitan el encuentro y el disfrute con la m\u00fasica en sus diversos planos. Las vivencias sonoras y musicales se convierten en profundas huellas dentro de la sensibilidad que logremos desarrollar.<\/p>\r\n<p>La UNESCO declara en su segundo Congreso acerca dela intervenci\u00f3n de la m\u00fasica en las infancias:<\/p>\r\n<p>a)El Canto es un medio excelente para el desarrollo de la capacidad ling\u00fc\u00edstica del ni\u00f1o (comprensiva y expresiva).<\/p>\r\n<p>b)La pr\u00e1ctica instrumental crea una serie de lazos afectivos y de cooperaci\u00f3n, necesarios para alcanzar la integraci\u00f3n de grupo.<\/p>\r\n<p>c)La Actividad Ritmica del ni\u00f1o, a trav\u00e9s de est\u00edmulos sonoros de calidad favorece el desarrollo fisiol\u00f3gico y motriz, as\u00ed como la memoria musical.<\/p>\r\n<p>d)La Educaci\u00f3n Musical por desenvolverse en un ambiente distendido y de expansi\u00f3n natural ofrece un encuentro ameno.<\/p>\r\n<p>e)La Educaci\u00f3n Musicales un gran recurso dentro del desarrollo de la sensibilidad est\u00e9tica .<\/p>\r\n<p>OBJETIVOS.<\/p>\r\n<p>El objetivo primordial del Taller es que los ni\u00f1os se diviertan fomentando el inter\u00e9s por la expresi\u00f3n musical a trav\u00e9s del juego favoreciendo as\u00ed la creatividad, la improvisaci\u00f3n y la desinhibici\u00f3n. Por lo tanto, los objetivos son:<\/p>\r\n<p>-Descubrir en la m\u00fasica un nuevo canal de expresi\u00f3n.<\/p>\r\n<p>-Valorar la propia invenci\u00f3n y la de los otros.<\/p>\r\n<p>-Ofrecer participaci\u00f3n en las producciones grupales.<\/p>\r\n<p>-Identificar distintas fuentes sonoras (Discriminaci\u00f3n auditiva) .<\/p>\r\n<p>-Potenciar los momentos en que el ni\u00f1o se exprese con su voz, su instrumento o movimiento.<\/p>\r\n<p>-Desarrollar una actitud positiva hacia la expresi\u00f3n musical<\/p>\r\n<p>-Conocer distintos instrumentos, su sonoridad y la familia a la que pertenece.<\/p>\r\n<p>-Descubrir y experimentar las distintas sonoridades que ofrece nuestra voz.<\/p>\r\n<p>-Elaborar mediante materiales reciclables instrumentos que luego ser\u00e1n utilizados.<\/p>\r\n<p>-Reconocer distintos estados de \u00e1nimo y controlar sus propias emociones.<\/p>\r\n<p>-Iniciar el desarrollo del ritmo a trav\u00e9s del movimiento y expresi\u00f3n corporal.<\/p>\r\n<p>-Desarrollar la capacidad de escucha.<\/p>\r\n<p>CRONOGRAMA<\/p>\r\n<p>El Taller de Iniciaci\u00f3n Musical\u00a0 se brindar\u00e1 dos veces por semana durante el Ciclo Lectivo y tendr\u00e1 una duraci\u00f3n de 50 minutos cada encuentro.<\/p>\r\n<p>RECURSOS.<\/p>\r\n<p>-Pistas Musicales<\/p>\r\n<p>-Instrumentos Musicales (percusi\u00f3n \u2013 cuerdas)<\/p>\r\n<p>-Materiales descartables (para la construcci\u00f3n de instrumentos)<\/p>\r\n<p>-Material Audiovisual<\/p>\r\n<p>-Proyector-Cuentos-Canciones<\/p>\r\n<p>ESPACIO PEDAG\u00d3GICO.<\/p>\r\n<p>La mayor\u00eda de las actividades se realizan en el Sal\u00f3n de Usos M\u00faltiples y el Aula. Tambi\u00e9n se utilizar\u00e1 el patio para realizar juegos en los cuales los desplazamientos necesitan mayor espacio y libertad de movimientos.<\/p>\r\n","protected":false},"excerpt":{"rendered":"","protected":false},"author":2,"featured_media":1642,"comment_status":"closed","ping_status":"closed","sticky":false,"template":"","format":"standard","meta":{"_joinchat":[],"footnotes":""},"categories":[6],"tags":[],"class_list":["post-1120","post","type-post","status-publish","format-standard","has-post-thumbnail","hentry","category-proyectos"],"yoast_head":"<!-- This site is optimized with the Yoast SEO plugin v23.1 - https:\/\/yoast.com\/wordpress\/plugins\/seo\/ -->\n<title>Proyecto de Iniciaci\u00f3n Musical - Colegio Tecnova<\/title>\n<meta name=\"robots\" content=\"index, follow, max-snippet:-1, max-image-preview:large, max-video-preview:-1\" \/>\n<link rel=\"canonical\" href=\"https:\/\/colegiotecnova.com.ar\/primario\/iniciacion-musical\/\" \/>\n<meta property=\"og:locale\" content=\"es_ES\" \/>\n<meta property=\"og:type\" content=\"article\" \/>\n<meta property=\"og:title\" content=\"Proyecto de Iniciaci\u00f3n Musical - Colegio Tecnova\" \/>\n<meta property=\"og:url\" content=\"https:\/\/colegiotecnova.com.ar\/primario\/iniciacion-musical\/\" \/>\n<meta property=\"og:site_name\" content=\"Colegio Tecnova\" \/>\n<meta property=\"article:publisher\" content=\"https:\/\/www.facebook.com\/colegiotecnova\/\" \/>\n<meta property=\"article:published_time\" content=\"2023-06-07T15:19:12+00:00\" \/>\n<meta property=\"article:modified_time\" content=\"2024-11-14T13:31:09+00:00\" \/>\n<meta property=\"og:image\" content=\"https:\/\/colegiotecnova.com.ar\/primario\/wp-content\/uploads\/2023\/06\/WhatsApp-Image-2023-06-08-at-2.43.10-PM.jpeg\" \/>\n\t<meta property=\"og:image:width\" content=\"1040\" \/>\n\t<meta property=\"og:image:height\" content=\"780\" \/>\n\t<meta property=\"og:image:type\" content=\"image\/jpeg\" \/>\n<meta name=\"author\" content=\"Celeste\" \/>\n<meta name=\"twitter:card\" content=\"summary_large_image\" \/>\n<meta name=\"twitter:label1\" content=\"Escrito por\" \/>\n\t<meta name=\"twitter:data1\" content=\"Celeste\" \/>\n\t<meta name=\"twitter:label2\" content=\"Tiempo de lectura\" \/>\n\t<meta name=\"twitter:data2\" content=\"3 minutos\" \/>\n<script type=\"application\/ld+json\" class=\"yoast-schema-graph\">{\"@context\":\"https:\/\/schema.org\",\"@graph\":[{\"@type\":\"Article\",\"@id\":\"https:\/\/colegiotecnova.com.ar\/primario\/iniciacion-musical\/#article\",\"isPartOf\":{\"@id\":\"https:\/\/colegiotecnova.com.ar\/primario\/iniciacion-musical\/\"},\"author\":{\"name\":\"Celeste\",\"@id\":\"https:\/\/colegiotecnova.com.ar\/primario\/#\/schema\/person\/95ed528759bb5083e3d0d013a609adb3\"},\"headline\":\"Proyecto de Iniciaci\u00f3n Musical\",\"datePublished\":\"2023-06-07T15:19:12+00:00\",\"dateModified\":\"2024-11-14T13:31:09+00:00\",\"mainEntityOfPage\":{\"@id\":\"https:\/\/colegiotecnova.com.ar\/primario\/iniciacion-musical\/\"},\"wordCount\":569,\"publisher\":{\"@id\":\"https:\/\/colegiotecnova.com.ar\/primario\/#organization\"},\"image\":{\"@id\":\"https:\/\/colegiotecnova.com.ar\/primario\/iniciacion-musical\/#primaryimage\"},\"thumbnailUrl\":\"https:\/\/colegiotecnova.com.ar\/primario\/wp-content\/uploads\/2023\/06\/WhatsApp-Image-2023-06-08-at-2.43.10-PM.jpeg\",\"articleSection\":[\"Proyectos\"],\"inLanguage\":\"es\"},{\"@type\":\"WebPage\",\"@id\":\"https:\/\/colegiotecnova.com.ar\/primario\/iniciacion-musical\/\",\"url\":\"https:\/\/colegiotecnova.com.ar\/primario\/iniciacion-musical\/\",\"name\":\"Proyecto de Iniciaci\u00f3n Musical - Colegio Tecnova\",\"isPartOf\":{\"@id\":\"https:\/\/colegiotecnova.com.ar\/primario\/#website\"},\"primaryImageOfPage\":{\"@id\":\"https:\/\/colegiotecnova.com.ar\/primario\/iniciacion-musical\/#primaryimage\"},\"image\":{\"@id\":\"https:\/\/colegiotecnova.com.ar\/primario\/iniciacion-musical\/#primaryimage\"},\"thumbnailUrl\":\"https:\/\/colegiotecnova.com.ar\/primario\/wp-content\/uploads\/2023\/06\/WhatsApp-Image-2023-06-08-at-2.43.10-PM.jpeg\",\"datePublished\":\"2023-06-07T15:19:12+00:00\",\"dateModified\":\"2024-11-14T13:31:09+00:00\",\"breadcrumb\":{\"@id\":\"https:\/\/colegiotecnova.com.ar\/primario\/iniciacion-musical\/#breadcrumb\"},\"inLanguage\":\"es\",\"potentialAction\":[{\"@type\":\"ReadAction\",\"target\":[\"https:\/\/colegiotecnova.com.ar\/primario\/iniciacion-musical\/\"]}]},{\"@type\":\"ImageObject\",\"inLanguage\":\"es\",\"@id\":\"https:\/\/colegiotecnova.com.ar\/primario\/iniciacion-musical\/#primaryimage\",\"url\":\"https:\/\/colegiotecnova.com.ar\/primario\/wp-content\/uploads\/2023\/06\/WhatsApp-Image-2023-06-08-at-2.43.10-PM.jpeg\",\"contentUrl\":\"https:\/\/colegiotecnova.com.ar\/primario\/wp-content\/uploads\/2023\/06\/WhatsApp-Image-2023-06-08-at-2.43.10-PM.jpeg\",\"width\":1040,\"height\":780},{\"@type\":\"BreadcrumbList\",\"@id\":\"https:\/\/colegiotecnova.com.ar\/primario\/iniciacion-musical\/#breadcrumb\",\"itemListElement\":[{\"@type\":\"ListItem\",\"position\":1,\"name\":\"Portada\",\"item\":\"https:\/\/colegiotecnova.com.ar\/primario\/\"},{\"@type\":\"ListItem\",\"position\":2,\"name\":\"Proyecto de Iniciaci\u00f3n Musical\"}]},{\"@type\":\"WebSite\",\"@id\":\"https:\/\/colegiotecnova.com.ar\/primario\/#website\",\"url\":\"https:\/\/colegiotecnova.com.ar\/primario\/\",\"name\":\"Colegio Tecnova\",\"description\":\"Ciclo Primario\",\"publisher\":{\"@id\":\"https:\/\/colegiotecnova.com.ar\/primario\/#organization\"},\"potentialAction\":[{\"@type\":\"SearchAction\",\"target\":{\"@type\":\"EntryPoint\",\"urlTemplate\":\"https:\/\/colegiotecnova.com.ar\/primario\/?s={search_term_string}\"},\"query-input\":\"required name=search_term_string\"}],\"inLanguage\":\"es\"},{\"@type\":\"Organization\",\"@id\":\"https:\/\/colegiotecnova.com.ar\/primario\/#organization\",\"name\":\"Colegio Tecnova\",\"url\":\"https:\/\/colegiotecnova.com.ar\/primario\/\",\"logo\":{\"@type\":\"ImageObject\",\"inLanguage\":\"es\",\"@id\":\"https:\/\/colegiotecnova.com.ar\/primario\/#\/schema\/logo\/image\/\",\"url\":\"https:\/\/colegiotecnova.com.ar\/primario\/wp-content\/uploads\/2019\/09\/tecnova-logo.svg\",\"contentUrl\":\"https:\/\/colegiotecnova.com.ar\/primario\/wp-content\/uploads\/2019\/09\/tecnova-logo.svg\",\"width\":1,\"height\":1,\"caption\":\"Colegio Tecnova\"},\"image\":{\"@id\":\"https:\/\/colegiotecnova.com.ar\/primario\/#\/schema\/logo\/image\/\"},\"sameAs\":[\"https:\/\/www.facebook.com\/colegiotecnova\/\",\"https:\/\/www.instagram.com\/colegiotecnova\/\"]},{\"@type\":\"Person\",\"@id\":\"https:\/\/colegiotecnova.com.ar\/primario\/#\/schema\/person\/95ed528759bb5083e3d0d013a609adb3\",\"name\":\"Celeste\",\"image\":{\"@type\":\"ImageObject\",\"inLanguage\":\"es\",\"@id\":\"https:\/\/colegiotecnova.com.ar\/primario\/#\/schema\/person\/image\/\",\"url\":\"https:\/\/secure.gravatar.com\/avatar\/6b49c586fabdd943be0f355d09dab9f9f2820e455ea1c7573f3f74b5501c14f0?s=96&d=mm&r=g\",\"contentUrl\":\"https:\/\/secure.gravatar.com\/avatar\/6b49c586fabdd943be0f355d09dab9f9f2820e455ea1c7573f3f74b5501c14f0?s=96&d=mm&r=g\",\"caption\":\"Celeste\"},\"url\":\"https:\/\/colegiotecnova.com.ar\/primario\/author\/celesteneves2002hotmail-com\/\"}]}<\/script>\n<!-- \/ Yoast SEO plugin. -->","yoast_head_json":{"title":"Proyecto de Iniciaci\u00f3n Musical - Colegio Tecnova","robots":{"index":"index","follow":"follow","max-snippet":"max-snippet:-1","max-image-preview":"max-image-preview:large","max-video-preview":"max-video-preview:-1"},"canonical":"https:\/\/colegiotecnova.com.ar\/primario\/iniciacion-musical\/","og_locale":"es_ES","og_type":"article","og_title":"Proyecto de Iniciaci\u00f3n Musical - Colegio Tecnova","og_url":"https:\/\/colegiotecnova.com.ar\/primario\/iniciacion-musical\/","og_site_name":"Colegio Tecnova","article_publisher":"https:\/\/www.facebook.com\/colegiotecnova\/","article_published_time":"2023-06-07T15:19:12+00:00","article_modified_time":"2024-11-14T13:31:09+00:00","og_image":[{"width":1040,"height":780,"url":"https:\/\/colegiotecnova.com.ar\/primario\/wp-content\/uploads\/2023\/06\/WhatsApp-Image-2023-06-08-at-2.43.10-PM.jpeg","type":"image\/jpeg"}],"author":"Celeste","twitter_card":"summary_large_image","twitter_misc":{"Escrito por":"Celeste","Tiempo de lectura":"3 minutos"},"schema":{"@context":"https:\/\/schema.org","@graph":[{"@type":"Article","@id":"https:\/\/colegiotecnova.com.ar\/primario\/iniciacion-musical\/#article","isPartOf":{"@id":"https:\/\/colegiotecnova.com.ar\/primario\/iniciacion-musical\/"},"author":{"name":"Celeste","@id":"https:\/\/colegiotecnova.com.ar\/primario\/#\/schema\/person\/95ed528759bb5083e3d0d013a609adb3"},"headline":"Proyecto de Iniciaci\u00f3n Musical","datePublished":"2023-06-07T15:19:12+00:00","dateModified":"2024-11-14T13:31:09+00:00","mainEntityOfPage":{"@id":"https:\/\/colegiotecnova.com.ar\/primario\/iniciacion-musical\/"},"wordCount":569,"publisher":{"@id":"https:\/\/colegiotecnova.com.ar\/primario\/#organization"},"image":{"@id":"https:\/\/colegiotecnova.com.ar\/primario\/iniciacion-musical\/#primaryimage"},"thumbnailUrl":"https:\/\/colegiotecnova.com.ar\/primario\/wp-content\/uploads\/2023\/06\/WhatsApp-Image-2023-06-08-at-2.43.10-PM.jpeg","articleSection":["Proyectos"],"inLanguage":"es"},{"@type":"WebPage","@id":"https:\/\/colegiotecnova.com.ar\/primario\/iniciacion-musical\/","url":"https:\/\/colegiotecnova.com.ar\/primario\/iniciacion-musical\/","name":"Proyecto de Iniciaci\u00f3n Musical - Colegio Tecnova","isPartOf":{"@id":"https:\/\/colegiotecnova.com.ar\/primario\/#website"},"primaryImageOfPage":{"@id":"https:\/\/colegiotecnova.com.ar\/primario\/iniciacion-musical\/#primaryimage"},"image":{"@id":"https:\/\/colegiotecnova.com.ar\/primario\/iniciacion-musical\/#primaryimage"},"thumbnailUrl":"https:\/\/colegiotecnova.com.ar\/primario\/wp-content\/uploads\/2023\/06\/WhatsApp-Image-2023-06-08-at-2.43.10-PM.jpeg","datePublished":"2023-06-07T15:19:12+00:00","dateModified":"2024-11-14T13:31:09+00:00","breadcrumb":{"@id":"https:\/\/colegiotecnova.com.ar\/primario\/iniciacion-musical\/#breadcrumb"},"inLanguage":"es","potentialAction":[{"@type":"ReadAction","target":["https:\/\/colegiotecnova.com.ar\/primario\/iniciacion-musical\/"]}]},{"@type":"ImageObject","inLanguage":"es","@id":"https:\/\/colegiotecnova.com.ar\/primario\/iniciacion-musical\/#primaryimage","url":"https:\/\/colegiotecnova.com.ar\/primario\/wp-content\/uploads\/2023\/06\/WhatsApp-Image-2023-06-08-at-2.43.10-PM.jpeg","contentUrl":"https:\/\/colegiotecnova.com.ar\/primario\/wp-content\/uploads\/2023\/06\/WhatsApp-Image-2023-06-08-at-2.43.10-PM.jpeg","width":1040,"height":780},{"@type":"BreadcrumbList","@id":"https:\/\/colegiotecnova.com.ar\/primario\/iniciacion-musical\/#breadcrumb","itemListElement":[{"@type":"ListItem","position":1,"name":"Portada","item":"https:\/\/colegiotecnova.com.ar\/primario\/"},{"@type":"ListItem","position":2,"name":"Proyecto de Iniciaci\u00f3n Musical"}]},{"@type":"WebSite","@id":"https:\/\/colegiotecnova.com.ar\/primario\/#website","url":"https:\/\/colegiotecnova.com.ar\/primario\/","name":"Colegio Tecnova","description":"Ciclo Primario","publisher":{"@id":"https:\/\/colegiotecnova.com.ar\/primario\/#organization"},"potentialAction":[{"@type":"SearchAction","target":{"@type":"EntryPoint","urlTemplate":"https:\/\/colegiotecnova.com.ar\/primario\/?s={search_term_string}"},"query-input":"required name=search_term_string"}],"inLanguage":"es"},{"@type":"Organization","@id":"https:\/\/colegiotecnova.com.ar\/primario\/#organization","name":"Colegio Tecnova","url":"https:\/\/colegiotecnova.com.ar\/primario\/","logo":{"@type":"ImageObject","inLanguage":"es","@id":"https:\/\/colegiotecnova.com.ar\/primario\/#\/schema\/logo\/image\/","url":"https:\/\/colegiotecnova.com.ar\/primario\/wp-content\/uploads\/2019\/09\/tecnova-logo.svg","contentUrl":"https:\/\/colegiotecnova.com.ar\/primario\/wp-content\/uploads\/2019\/09\/tecnova-logo.svg","width":1,"height":1,"caption":"Colegio Tecnova"},"image":{"@id":"https:\/\/colegiotecnova.com.ar\/primario\/#\/schema\/logo\/image\/"},"sameAs":["https:\/\/www.facebook.com\/colegiotecnova\/","https:\/\/www.instagram.com\/colegiotecnova\/"]},{"@type":"Person","@id":"https:\/\/colegiotecnova.com.ar\/primario\/#\/schema\/person\/95ed528759bb5083e3d0d013a609adb3","name":"Celeste","image":{"@type":"ImageObject","inLanguage":"es","@id":"https:\/\/colegiotecnova.com.ar\/primario\/#\/schema\/person\/image\/","url":"https:\/\/secure.gravatar.com\/avatar\/6b49c586fabdd943be0f355d09dab9f9f2820e455ea1c7573f3f74b5501c14f0?s=96&d=mm&r=g","contentUrl":"https:\/\/secure.gravatar.com\/avatar\/6b49c586fabdd943be0f355d09dab9f9f2820e455ea1c7573f3f74b5501c14f0?s=96&d=mm&r=g","caption":"Celeste"},"url":"https:\/\/colegiotecnova.com.ar\/primario\/author\/celesteneves2002hotmail-com\/"}]}},"_links":{"self":[{"href":"https:\/\/colegiotecnova.com.ar\/primario\/wp-json\/wp\/v2\/posts\/1120","targetHints":{"allow":["GET"]}}],"collection":[{"href":"https:\/\/colegiotecnova.com.ar\/primario\/wp-json\/wp\/v2\/posts"}],"about":[{"href":"https:\/\/colegiotecnova.com.ar\/primario\/wp-json\/wp\/v2\/types\/post"}],"author":[{"embeddable":true,"href":"https:\/\/colegiotecnova.com.ar\/primario\/wp-json\/wp\/v2\/users\/2"}],"replies":[{"embeddable":true,"href":"https:\/\/colegiotecnova.com.ar\/primario\/wp-json\/wp\/v2\/comments?post=1120"}],"version-history":[{"count":5,"href":"https:\/\/colegiotecnova.com.ar\/primario\/wp-json\/wp\/v2\/posts\/1120\/revisions"}],"predecessor-version":[{"id":1635,"href":"https:\/\/colegiotecnova.com.ar\/primario\/wp-json\/wp\/v2\/posts\/1120\/revisions\/1635"}],"wp:featuredmedia":[{"embeddable":true,"href":"https:\/\/colegiotecnova.com.ar\/primario\/wp-json\/wp\/v2\/media\/1642"}],"wp:attachment":[{"href":"https:\/\/colegiotecnova.com.ar\/primario\/wp-json\/wp\/v2\/media?parent=1120"}],"wp:term":[{"taxonomy":"category","embeddable":true,"href":"https:\/\/colegiotecnova.com.ar\/primario\/wp-json\/wp\/v2\/categories?post=1120"},{"taxonomy":"post_tag","embeddable":true,"href":"https:\/\/colegiotecnova.com.ar\/primario\/wp-json\/wp\/v2\/tags?post=1120"}],"curies":[{"name":"wp","href":"https:\/\/api.w.org\/{rel}","templated":true}]}}