{"id":1023,"date":"2023-03-08T13:38:04","date_gmt":"2023-03-08T13:38:04","guid":{"rendered":"https:\/\/colegiotecnova.com.ar\/?p=1023"},"modified":"2023-05-22T17:28:01","modified_gmt":"2023-05-22T17:28:01","slug":"dia-internacional-de-la-mujer","status":"publish","type":"post","link":"https:\/\/colegiotecnova.com.ar\/primario\/dia-internacional-de-la-mujer\/","title":{"rendered":"D\u00eda Internacional de la Mujer"},"content":{"rendered":"\n<p>El D\u00eda Internacional de la Mujer es una fecha importante en la que se celebra el papel de la mujer en la sociedad y se reflexiona sobre los desaf\u00edos que a\u00fan enfrenta en t\u00e9rminos de igualdad de g\u00e9nero. Es una ocasi\u00f3n para reconocer los logros de las mujeres y para tomar medidas para superar las barreras que a\u00fan les impiden alcanzar su pleno potencial.<\/p>\n\n<p>En el primer a\u00f1o, los estudiantes exploraron la historia de la alfabetizaci\u00f3n de la mujer y c\u00f3mo el acceso a la educaci\u00f3n ha sido un factor clave para la emancipaci\u00f3n de las mujeres. Indagaron c\u00f3mo la alfabetizaci\u00f3n permiti\u00f3 a las mujeres leer y escribir, lo que les dio la capacidad de participar en la sociedad, acceder a trabajos mejor remunerados y defender sus derechos.<\/p>\n\n<p>En el segundo a\u00f1o, los estudiantes investigaron la evoluci\u00f3n de la vestimenta femenina a lo largo del tiempo y c\u00f3mo la moda ha reflejado los cambios sociales y culturales. Hablaron sobre c\u00f3mo las prendas de vestir se han utilizado para reforzar las normas de g\u00e9nero, pero tambi\u00e9n c\u00f3mo las mujeres han utilizado la moda para expresarse y desafiar las expectativas.<\/p>\n\n<p>En el tercer a\u00f1o, los estudiantes analizaron la publicidad de antes y de ahora y c\u00f3mo se ha retratado a las mujeres en los medios de comunicaci\u00f3n. Discutieron acerca de c\u00f3mo la publicidad ha utilizado im\u00e1genes estereotipadas y sexistas de la mujer para vender productos y c\u00f3mo la publicidad moderna est\u00e1 tratando de ser m\u00e1s inclusiva y representativa.<\/p>\n\n<p>En el cuarto y quinto a\u00f1o, los estudiantes exploraron el derecho al voto de las mujeres y su impacto en la sociedad. Se informaron sobre la lucha por el sufragio femenino y c\u00f3mo el derecho al voto permiti\u00f3 a las mujeres tener una voz en la pol\u00edtica y en la toma de decisiones. Tambi\u00e9n descubrieron la importancia del voto y la emoci\u00f3n que se sinti\u00f3 cuando las mujeres votaron por primera vez en las elecciones.<\/p>\n\n<p>Compartimos algunos de los trabajos de los alumnos y alumnas.<\/p>\n\n\n\n<div class=\"slider-wrapper relative\" id=\"slider-1058706320\" >\n    <div class=\"slider slider-nav-circle slider-nav-large slider-nav-light slider-style-normal\"\n        data-flickity-options='{\n            \"cellAlign\": \"center\",\n            \"imagesLoaded\": true,\n            \"lazyLoad\": 1,\n            \"freeScroll\": false,\n            \"wrapAround\": true,\n            \"autoPlay\": 6000,\n            \"pauseAutoPlayOnHover\" : true,\n            \"prevNextButtons\": true,\n            \"contain\" : true,\n            \"adaptiveHeight\" : true,\n            \"dragThreshold\" : 10,\n            \"percentPosition\": true,\n            \"pageDots\": true,\n            \"rightToLeft\": false,\n            \"draggable\": true,\n            \"selectedAttraction\": 0.1,\n            \"parallax\" : 0,\n            \"friction\": 0.6        }'\n        >\n        \n\n\t<div class=\"img has-hover x md-x lg-x y md-y lg-y\" id=\"image_2008155216\">\n\t\t\t\t\t\t\t\t<div class=\"img-inner dark\" >\n\t\t\t<img loading=\"lazy\" decoding=\"async\" width=\"1600\" height=\"1200\" src=\"https:\/\/colegiotecnova.com.ar\/primario\/wp-content\/uploads\/2023\/03\/WhatsApp-Image-2023-03-14-at-11.30.18-AM.jpeg\" class=\"attachment-large size-large\" alt=\"\" srcset=\"https:\/\/colegiotecnova.com.ar\/primario\/wp-content\/uploads\/2023\/03\/WhatsApp-Image-2023-03-14-at-11.30.18-AM.jpeg 1600w, https:\/\/colegiotecnova.com.ar\/primario\/wp-content\/uploads\/2023\/03\/WhatsApp-Image-2023-03-14-at-11.30.18-AM-768x576.jpeg 768w\" sizes=\"auto, (max-width: 1600px) 100vw, 1600px\" \/>\t\t\t\t\t\t\n\t\t\t\t\t<\/div>\n\t\t\t\t\t\t\t\t\n<style>\n#image_2008155216 {\n  width: 100%;\n}\n<\/style>\n\t<\/div>\n\t\n\n\t<div class=\"img has-hover x md-x lg-x y md-y lg-y\" id=\"image_1154077044\">\n\t\t\t\t\t\t\t\t<div class=\"img-inner dark\" >\n\t\t\t<img loading=\"lazy\" decoding=\"async\" width=\"1599\" height=\"899\" src=\"https:\/\/colegiotecnova.com.ar\/primario\/wp-content\/uploads\/2023\/03\/WhatsApp-Image-2023-03-08-at-11.25.21-AM.jpeg\" class=\"attachment-large size-large\" alt=\"\" srcset=\"https:\/\/colegiotecnova.com.ar\/primario\/wp-content\/uploads\/2023\/03\/WhatsApp-Image-2023-03-08-at-11.25.21-AM.jpeg 1599w, https:\/\/colegiotecnova.com.ar\/primario\/wp-content\/uploads\/2023\/03\/WhatsApp-Image-2023-03-08-at-11.25.21-AM-768x432.jpeg 768w\" sizes=\"auto, (max-width: 1599px) 100vw, 1599px\" \/>\t\t\t\t\t\t\n\t\t\t\t\t<\/div>\n\t\t\t\t\t\t\t\t\n<style>\n#image_1154077044 {\n  width: 100%;\n}\n<\/style>\n\t<\/div>\n\t\n\n\t<div class=\"img has-hover x md-x lg-x y md-y lg-y\" id=\"image_86526232\">\n\t\t\t\t\t\t\t\t<div class=\"img-inner dark\" >\n\t\t\t<img loading=\"lazy\" decoding=\"async\" width=\"1204\" height=\"1600\" src=\"https:\/\/colegiotecnova.com.ar\/primario\/wp-content\/uploads\/2023\/03\/WhatsApp-Image-2023-03-08-at-10.33.05-AM.jpeg\" class=\"attachment-large size-large\" alt=\"\" srcset=\"https:\/\/colegiotecnova.com.ar\/primario\/wp-content\/uploads\/2023\/03\/WhatsApp-Image-2023-03-08-at-10.33.05-AM.jpeg 1204w, https:\/\/colegiotecnova.com.ar\/primario\/wp-content\/uploads\/2023\/03\/WhatsApp-Image-2023-03-08-at-10.33.05-AM-768x1021.jpeg 768w\" sizes=\"auto, (max-width: 1204px) 100vw, 1204px\" \/>\t\t\t\t\t\t\n\t\t\t\t\t<\/div>\n\t\t\t\t\t\t\t\t\n<style>\n#image_86526232 {\n  width: 100%;\n}\n<\/style>\n\t<\/div>\n\t\n\n\t<div class=\"img has-hover x md-x lg-x y md-y lg-y\" id=\"image_678812666\">\n\t\t\t\t\t\t\t\t<div class=\"img-inner dark\" >\n\t\t\t<img loading=\"lazy\" decoding=\"async\" width=\"1204\" height=\"1600\" src=\"https:\/\/colegiotecnova.com.ar\/primario\/wp-content\/uploads\/2023\/03\/WhatsApp-Image-2023-03-08-at-10.33.04-AM.jpeg\" class=\"attachment-large size-large\" alt=\"\" srcset=\"https:\/\/colegiotecnova.com.ar\/primario\/wp-content\/uploads\/2023\/03\/WhatsApp-Image-2023-03-08-at-10.33.04-AM.jpeg 1204w, https:\/\/colegiotecnova.com.ar\/primario\/wp-content\/uploads\/2023\/03\/WhatsApp-Image-2023-03-08-at-10.33.04-AM-768x1021.jpeg 768w\" sizes=\"auto, (max-width: 1204px) 100vw, 1204px\" \/>\t\t\t\t\t\t\n\t\t\t\t\t<\/div>\n\t\t\t\t\t\t\t\t\n<style>\n#image_678812666 {\n  width: 100%;\n}\n<\/style>\n\t<\/div>\n\t\n\n\n     <\/div>\n\n     <div class=\"loading-spin dark large centered\"><\/div>\n\n\t<\/div>\n\n\n<div class=\"video video-fit mb\" style=\"padding-top:56.25%;\"><iframe loading=\"lazy\" title=\"8 de marzo de 2023 - D\u00eda de la mujer\" width=\"1020\" height=\"574\" src=\"https:\/\/www.youtube.com\/embed\/dVFsKv1DKWw?feature=oembed\" frameborder=\"0\" allow=\"accelerometer; autoplay; clipboard-write; encrypted-media; gyroscope; picture-in-picture; web-share\" allowfullscreen><\/iframe><\/div>\n\n\n","protected":false},"excerpt":{"rendered":"<p>El D\u00eda Internacional de la Mujer es una fecha importante en la que se celebra el papel de la mujer en la sociedad y se reflexiona sobre los desaf\u00edos que a\u00fan enfrenta en t\u00e9rminos de igualdad de g\u00e9nero. Es una ocasi\u00f3n para reconocer los logros de las mujeres y para tomar medidas para superar las<\/p>\n","protected":false},"author":2,"featured_media":1024,"comment_status":"closed","ping_status":"closed","sticky":false,"template":"","format":"standard","meta":{"_joinchat":[],"footnotes":""},"categories":[8],"tags":[],"class_list":["post-1023","post","type-post","status-publish","format-standard","has-post-thumbnail","hentry","category-proyectos-en-el-aula"],"yoast_head":"<!-- This site is optimized with the Yoast SEO plugin v23.1 - https:\/\/yoast.com\/wordpress\/plugins\/seo\/ -->\n<title>D\u00eda Internacional de la Mujer - Colegio Tecnova<\/title>\n<meta name=\"robots\" content=\"index, follow, max-snippet:-1, max-image-preview:large, max-video-preview:-1\" \/>\n<link rel=\"canonical\" href=\"https:\/\/colegiotecnova.com.ar\/primario\/dia-internacional-de-la-mujer\/\" \/>\n<meta property=\"og:locale\" content=\"es_ES\" \/>\n<meta property=\"og:type\" content=\"article\" \/>\n<meta property=\"og:title\" content=\"D\u00eda Internacional de la Mujer - Colegio Tecnova\" \/>\n<meta property=\"og:description\" content=\"El D\u00eda Internacional de la Mujer es una fecha importante en la que se celebra el papel de la mujer en la sociedad y se reflexiona sobre los desaf\u00edos que a\u00fan enfrenta en t\u00e9rminos de igualdad de g\u00e9nero. Es una ocasi\u00f3n para reconocer los logros de las mujeres y para tomar medidas para superar las\" \/>\n<meta property=\"og:url\" content=\"https:\/\/colegiotecnova.com.ar\/primario\/dia-internacional-de-la-mujer\/\" \/>\n<meta property=\"og:site_name\" content=\"Colegio Tecnova\" \/>\n<meta property=\"article:publisher\" content=\"https:\/\/www.facebook.com\/colegiotecnova\/\" \/>\n<meta property=\"article:published_time\" content=\"2023-03-08T13:38:04+00:00\" \/>\n<meta property=\"article:modified_time\" content=\"2023-05-22T17:28:01+00:00\" \/>\n<meta property=\"og:image\" content=\"https:\/\/colegiotecnova.com.ar\/primario\/wp-content\/uploads\/2023\/03\/posteo-dia-de-la-mujer-blog.jpg\" \/>\n\t<meta property=\"og:image:width\" content=\"3379\" \/>\n\t<meta property=\"og:image:height\" content=\"2653\" \/>\n\t<meta property=\"og:image:type\" content=\"image\/jpeg\" \/>\n<meta name=\"author\" content=\"Celeste\" \/>\n<meta name=\"twitter:card\" content=\"summary_large_image\" \/>\n<meta name=\"twitter:label1\" content=\"Escrito por\" \/>\n\t<meta name=\"twitter:data1\" content=\"Celeste\" \/>\n\t<meta name=\"twitter:label2\" content=\"Tiempo de lectura\" \/>\n\t<meta name=\"twitter:data2\" content=\"2 minutos\" \/>\n<script type=\"application\/ld+json\" class=\"yoast-schema-graph\">{\"@context\":\"https:\/\/schema.org\",\"@graph\":[{\"@type\":\"Article\",\"@id\":\"https:\/\/colegiotecnova.com.ar\/primario\/dia-internacional-de-la-mujer\/#article\",\"isPartOf\":{\"@id\":\"https:\/\/colegiotecnova.com.ar\/primario\/dia-internacional-de-la-mujer\/\"},\"author\":{\"name\":\"Celeste\",\"@id\":\"https:\/\/colegiotecnova.com.ar\/primario\/#\/schema\/person\/95ed528759bb5083e3d0d013a609adb3\"},\"headline\":\"D\u00eda Internacional de la Mujer\",\"datePublished\":\"2023-03-08T13:38:04+00:00\",\"dateModified\":\"2023-05-22T17:28:01+00:00\",\"mainEntityOfPage\":{\"@id\":\"https:\/\/colegiotecnova.com.ar\/primario\/dia-internacional-de-la-mujer\/\"},\"wordCount\":399,\"publisher\":{\"@id\":\"https:\/\/colegiotecnova.com.ar\/primario\/#organization\"},\"image\":{\"@id\":\"https:\/\/colegiotecnova.com.ar\/primario\/dia-internacional-de-la-mujer\/#primaryimage\"},\"thumbnailUrl\":\"https:\/\/colegiotecnova.com.ar\/primario\/wp-content\/uploads\/2023\/03\/posteo-dia-de-la-mujer-blog.jpg\",\"articleSection\":[\"Proyectos en el aula\"],\"inLanguage\":\"es\"},{\"@type\":\"WebPage\",\"@id\":\"https:\/\/colegiotecnova.com.ar\/primario\/dia-internacional-de-la-mujer\/\",\"url\":\"https:\/\/colegiotecnova.com.ar\/primario\/dia-internacional-de-la-mujer\/\",\"name\":\"D\u00eda Internacional de la Mujer - Colegio Tecnova\",\"isPartOf\":{\"@id\":\"https:\/\/colegiotecnova.com.ar\/primario\/#website\"},\"primaryImageOfPage\":{\"@id\":\"https:\/\/colegiotecnova.com.ar\/primario\/dia-internacional-de-la-mujer\/#primaryimage\"},\"image\":{\"@id\":\"https:\/\/colegiotecnova.com.ar\/primario\/dia-internacional-de-la-mujer\/#primaryimage\"},\"thumbnailUrl\":\"https:\/\/colegiotecnova.com.ar\/primario\/wp-content\/uploads\/2023\/03\/posteo-dia-de-la-mujer-blog.jpg\",\"datePublished\":\"2023-03-08T13:38:04+00:00\",\"dateModified\":\"2023-05-22T17:28:01+00:00\",\"breadcrumb\":{\"@id\":\"https:\/\/colegiotecnova.com.ar\/primario\/dia-internacional-de-la-mujer\/#breadcrumb\"},\"inLanguage\":\"es\",\"potentialAction\":[{\"@type\":\"ReadAction\",\"target\":[\"https:\/\/colegiotecnova.com.ar\/primario\/dia-internacional-de-la-mujer\/\"]}]},{\"@type\":\"ImageObject\",\"inLanguage\":\"es\",\"@id\":\"https:\/\/colegiotecnova.com.ar\/primario\/dia-internacional-de-la-mujer\/#primaryimage\",\"url\":\"https:\/\/colegiotecnova.com.ar\/primario\/wp-content\/uploads\/2023\/03\/posteo-dia-de-la-mujer-blog.jpg\",\"contentUrl\":\"https:\/\/colegiotecnova.com.ar\/primario\/wp-content\/uploads\/2023\/03\/posteo-dia-de-la-mujer-blog.jpg\",\"width\":3379,\"height\":2653},{\"@type\":\"BreadcrumbList\",\"@id\":\"https:\/\/colegiotecnova.com.ar\/primario\/dia-internacional-de-la-mujer\/#breadcrumb\",\"itemListElement\":[{\"@type\":\"ListItem\",\"position\":1,\"name\":\"Portada\",\"item\":\"https:\/\/colegiotecnova.com.ar\/primario\/\"},{\"@type\":\"ListItem\",\"position\":2,\"name\":\"D\u00eda Internacional de la Mujer\"}]},{\"@type\":\"WebSite\",\"@id\":\"https:\/\/colegiotecnova.com.ar\/primario\/#website\",\"url\":\"https:\/\/colegiotecnova.com.ar\/primario\/\",\"name\":\"Colegio Tecnova\",\"description\":\"Ciclo Primario\",\"publisher\":{\"@id\":\"https:\/\/colegiotecnova.com.ar\/primario\/#organization\"},\"potentialAction\":[{\"@type\":\"SearchAction\",\"target\":{\"@type\":\"EntryPoint\",\"urlTemplate\":\"https:\/\/colegiotecnova.com.ar\/primario\/?s={search_term_string}\"},\"query-input\":\"required name=search_term_string\"}],\"inLanguage\":\"es\"},{\"@type\":\"Organization\",\"@id\":\"https:\/\/colegiotecnova.com.ar\/primario\/#organization\",\"name\":\"Colegio Tecnova\",\"url\":\"https:\/\/colegiotecnova.com.ar\/primario\/\",\"logo\":{\"@type\":\"ImageObject\",\"inLanguage\":\"es\",\"@id\":\"https:\/\/colegiotecnova.com.ar\/primario\/#\/schema\/logo\/image\/\",\"url\":\"https:\/\/colegiotecnova.com.ar\/primario\/wp-content\/uploads\/2019\/09\/tecnova-logo.svg\",\"contentUrl\":\"https:\/\/colegiotecnova.com.ar\/primario\/wp-content\/uploads\/2019\/09\/tecnova-logo.svg\",\"width\":1,\"height\":1,\"caption\":\"Colegio Tecnova\"},\"image\":{\"@id\":\"https:\/\/colegiotecnova.com.ar\/primario\/#\/schema\/logo\/image\/\"},\"sameAs\":[\"https:\/\/www.facebook.com\/colegiotecnova\/\",\"https:\/\/www.instagram.com\/colegiotecnova\/\"]},{\"@type\":\"Person\",\"@id\":\"https:\/\/colegiotecnova.com.ar\/primario\/#\/schema\/person\/95ed528759bb5083e3d0d013a609adb3\",\"name\":\"Celeste\",\"image\":{\"@type\":\"ImageObject\",\"inLanguage\":\"es\",\"@id\":\"https:\/\/colegiotecnova.com.ar\/primario\/#\/schema\/person\/image\/\",\"url\":\"https:\/\/secure.gravatar.com\/avatar\/6b49c586fabdd943be0f355d09dab9f9f2820e455ea1c7573f3f74b5501c14f0?s=96&d=mm&r=g\",\"contentUrl\":\"https:\/\/secure.gravatar.com\/avatar\/6b49c586fabdd943be0f355d09dab9f9f2820e455ea1c7573f3f74b5501c14f0?s=96&d=mm&r=g\",\"caption\":\"Celeste\"},\"url\":\"https:\/\/colegiotecnova.com.ar\/primario\/author\/celesteneves2002hotmail-com\/\"}]}<\/script>\n<!-- \/ Yoast SEO plugin. -->","yoast_head_json":{"title":"D\u00eda Internacional de la Mujer - Colegio Tecnova","robots":{"index":"index","follow":"follow","max-snippet":"max-snippet:-1","max-image-preview":"max-image-preview:large","max-video-preview":"max-video-preview:-1"},"canonical":"https:\/\/colegiotecnova.com.ar\/primario\/dia-internacional-de-la-mujer\/","og_locale":"es_ES","og_type":"article","og_title":"D\u00eda Internacional de la Mujer - Colegio Tecnova","og_description":"El D\u00eda Internacional de la Mujer es una fecha importante en la que se celebra el papel de la mujer en la sociedad y se reflexiona sobre los desaf\u00edos que a\u00fan enfrenta en t\u00e9rminos de igualdad de g\u00e9nero. Es una ocasi\u00f3n para reconocer los logros de las mujeres y para tomar medidas para superar las","og_url":"https:\/\/colegiotecnova.com.ar\/primario\/dia-internacional-de-la-mujer\/","og_site_name":"Colegio Tecnova","article_publisher":"https:\/\/www.facebook.com\/colegiotecnova\/","article_published_time":"2023-03-08T13:38:04+00:00","article_modified_time":"2023-05-22T17:28:01+00:00","og_image":[{"width":3379,"height":2653,"url":"https:\/\/colegiotecnova.com.ar\/primario\/wp-content\/uploads\/2023\/03\/posteo-dia-de-la-mujer-blog.jpg","type":"image\/jpeg"}],"author":"Celeste","twitter_card":"summary_large_image","twitter_misc":{"Escrito por":"Celeste","Tiempo de lectura":"2 minutos"},"schema":{"@context":"https:\/\/schema.org","@graph":[{"@type":"Article","@id":"https:\/\/colegiotecnova.com.ar\/primario\/dia-internacional-de-la-mujer\/#article","isPartOf":{"@id":"https:\/\/colegiotecnova.com.ar\/primario\/dia-internacional-de-la-mujer\/"},"author":{"name":"Celeste","@id":"https:\/\/colegiotecnova.com.ar\/primario\/#\/schema\/person\/95ed528759bb5083e3d0d013a609adb3"},"headline":"D\u00eda Internacional de la Mujer","datePublished":"2023-03-08T13:38:04+00:00","dateModified":"2023-05-22T17:28:01+00:00","mainEntityOfPage":{"@id":"https:\/\/colegiotecnova.com.ar\/primario\/dia-internacional-de-la-mujer\/"},"wordCount":399,"publisher":{"@id":"https:\/\/colegiotecnova.com.ar\/primario\/#organization"},"image":{"@id":"https:\/\/colegiotecnova.com.ar\/primario\/dia-internacional-de-la-mujer\/#primaryimage"},"thumbnailUrl":"https:\/\/colegiotecnova.com.ar\/primario\/wp-content\/uploads\/2023\/03\/posteo-dia-de-la-mujer-blog.jpg","articleSection":["Proyectos en el aula"],"inLanguage":"es"},{"@type":"WebPage","@id":"https:\/\/colegiotecnova.com.ar\/primario\/dia-internacional-de-la-mujer\/","url":"https:\/\/colegiotecnova.com.ar\/primario\/dia-internacional-de-la-mujer\/","name":"D\u00eda Internacional de la Mujer - Colegio Tecnova","isPartOf":{"@id":"https:\/\/colegiotecnova.com.ar\/primario\/#website"},"primaryImageOfPage":{"@id":"https:\/\/colegiotecnova.com.ar\/primario\/dia-internacional-de-la-mujer\/#primaryimage"},"image":{"@id":"https:\/\/colegiotecnova.com.ar\/primario\/dia-internacional-de-la-mujer\/#primaryimage"},"thumbnailUrl":"https:\/\/colegiotecnova.com.ar\/primario\/wp-content\/uploads\/2023\/03\/posteo-dia-de-la-mujer-blog.jpg","datePublished":"2023-03-08T13:38:04+00:00","dateModified":"2023-05-22T17:28:01+00:00","breadcrumb":{"@id":"https:\/\/colegiotecnova.com.ar\/primario\/dia-internacional-de-la-mujer\/#breadcrumb"},"inLanguage":"es","potentialAction":[{"@type":"ReadAction","target":["https:\/\/colegiotecnova.com.ar\/primario\/dia-internacional-de-la-mujer\/"]}]},{"@type":"ImageObject","inLanguage":"es","@id":"https:\/\/colegiotecnova.com.ar\/primario\/dia-internacional-de-la-mujer\/#primaryimage","url":"https:\/\/colegiotecnova.com.ar\/primario\/wp-content\/uploads\/2023\/03\/posteo-dia-de-la-mujer-blog.jpg","contentUrl":"https:\/\/colegiotecnova.com.ar\/primario\/wp-content\/uploads\/2023\/03\/posteo-dia-de-la-mujer-blog.jpg","width":3379,"height":2653},{"@type":"BreadcrumbList","@id":"https:\/\/colegiotecnova.com.ar\/primario\/dia-internacional-de-la-mujer\/#breadcrumb","itemListElement":[{"@type":"ListItem","position":1,"name":"Portada","item":"https:\/\/colegiotecnova.com.ar\/primario\/"},{"@type":"ListItem","position":2,"name":"D\u00eda Internacional de la Mujer"}]},{"@type":"WebSite","@id":"https:\/\/colegiotecnova.com.ar\/primario\/#website","url":"https:\/\/colegiotecnova.com.ar\/primario\/","name":"Colegio Tecnova","description":"Ciclo Primario","publisher":{"@id":"https:\/\/colegiotecnova.com.ar\/primario\/#organization"},"potentialAction":[{"@type":"SearchAction","target":{"@type":"EntryPoint","urlTemplate":"https:\/\/colegiotecnova.com.ar\/primario\/?s={search_term_string}"},"query-input":"required name=search_term_string"}],"inLanguage":"es"},{"@type":"Organization","@id":"https:\/\/colegiotecnova.com.ar\/primario\/#organization","name":"Colegio Tecnova","url":"https:\/\/colegiotecnova.com.ar\/primario\/","logo":{"@type":"ImageObject","inLanguage":"es","@id":"https:\/\/colegiotecnova.com.ar\/primario\/#\/schema\/logo\/image\/","url":"https:\/\/colegiotecnova.com.ar\/primario\/wp-content\/uploads\/2019\/09\/tecnova-logo.svg","contentUrl":"https:\/\/colegiotecnova.com.ar\/primario\/wp-content\/uploads\/2019\/09\/tecnova-logo.svg","width":1,"height":1,"caption":"Colegio Tecnova"},"image":{"@id":"https:\/\/colegiotecnova.com.ar\/primario\/#\/schema\/logo\/image\/"},"sameAs":["https:\/\/www.facebook.com\/colegiotecnova\/","https:\/\/www.instagram.com\/colegiotecnova\/"]},{"@type":"Person","@id":"https:\/\/colegiotecnova.com.ar\/primario\/#\/schema\/person\/95ed528759bb5083e3d0d013a609adb3","name":"Celeste","image":{"@type":"ImageObject","inLanguage":"es","@id":"https:\/\/colegiotecnova.com.ar\/primario\/#\/schema\/person\/image\/","url":"https:\/\/secure.gravatar.com\/avatar\/6b49c586fabdd943be0f355d09dab9f9f2820e455ea1c7573f3f74b5501c14f0?s=96&d=mm&r=g","contentUrl":"https:\/\/secure.gravatar.com\/avatar\/6b49c586fabdd943be0f355d09dab9f9f2820e455ea1c7573f3f74b5501c14f0?s=96&d=mm&r=g","caption":"Celeste"},"url":"https:\/\/colegiotecnova.com.ar\/primario\/author\/celesteneves2002hotmail-com\/"}]}},"_links":{"self":[{"href":"https:\/\/colegiotecnova.com.ar\/primario\/wp-json\/wp\/v2\/posts\/1023","targetHints":{"allow":["GET"]}}],"collection":[{"href":"https:\/\/colegiotecnova.com.ar\/primario\/wp-json\/wp\/v2\/posts"}],"about":[{"href":"https:\/\/colegiotecnova.com.ar\/primario\/wp-json\/wp\/v2\/types\/post"}],"author":[{"embeddable":true,"href":"https:\/\/colegiotecnova.com.ar\/primario\/wp-json\/wp\/v2\/users\/2"}],"replies":[{"embeddable":true,"href":"https:\/\/colegiotecnova.com.ar\/primario\/wp-json\/wp\/v2\/comments?post=1023"}],"version-history":[{"count":8,"href":"https:\/\/colegiotecnova.com.ar\/primario\/wp-json\/wp\/v2\/posts\/1023\/revisions"}],"predecessor-version":[{"id":1042,"href":"https:\/\/colegiotecnova.com.ar\/primario\/wp-json\/wp\/v2\/posts\/1023\/revisions\/1042"}],"wp:featuredmedia":[{"embeddable":true,"href":"https:\/\/colegiotecnova.com.ar\/primario\/wp-json\/wp\/v2\/media\/1024"}],"wp:attachment":[{"href":"https:\/\/colegiotecnova.com.ar\/primario\/wp-json\/wp\/v2\/media?parent=1023"}],"wp:term":[{"taxonomy":"category","embeddable":true,"href":"https:\/\/colegiotecnova.com.ar\/primario\/wp-json\/wp\/v2\/categories?post=1023"},{"taxonomy":"post_tag","embeddable":true,"href":"https:\/\/colegiotecnova.com.ar\/primario\/wp-json\/wp\/v2\/tags?post=1023"}],"curies":[{"name":"wp","href":"https:\/\/api.w.org\/{rel}","templated":true}]}}